{"id":13024,"date":"2026-04-26T00:30:50","date_gmt":"2026-04-26T03:30:50","guid":{"rendered":"https:\/\/portalcapixaba.com\/?p=13024"},"modified":"2026-04-26T00:33:12","modified_gmt":"2026-04-26T03:33:12","slug":"pne-2026-2036","status":"publish","type":"post","link":"https:\/\/portalcapixaba.com\/?p=13024","title":{"rendered":"PNE 2026-2036"},"content":{"rendered":"<section class=\"elementor-section elementor-top-section elementor-element elementor-element-1e3aa69 elementor-section-height-min-height elementor-section-items-top elementor-section-boxed elementor-section-height-default exad-glass-effect-no exad-sticky-section-no\" data-id=\"1e3aa69\" data-element_type=\"section\" data-settings=\"{&quot;background_background&quot;:&quot;classic&quot;}\">\n<div class=\"elementor-container elementor-column-gap-default\">\n<div class=\"elementor-column elementor-col-100 elementor-top-column elementor-element elementor-element-4e3bf52 exad-glass-effect-no exad-sticky-section-no\" data-id=\"4e3bf52\" data-element_type=\"column\">\n<div class=\"elementor-widget-wrap elementor-element-populated\">\n<section class=\"elementor-section elementor-inner-section elementor-element elementor-element-6367a48 elementor-section-full_width elementor-section-height-min-height elementor-section-height-default exad-glass-effect-no exad-sticky-section-no\" data-id=\"6367a48\" data-element_type=\"section\" data-settings=\"{&quot;background_background&quot;:&quot;classic&quot;}\">\n<div class=\"elementor-container elementor-column-gap-no\">\n<div class=\"elementor-column elementor-col-100 elementor-inner-column elementor-element elementor-element-3e98dd2 exad-glass-effect-no exad-sticky-section-no\" data-id=\"3e98dd2\" data-element_type=\"column\" data-settings=\"{&quot;background_background&quot;:&quot;classic&quot;}\">\n<div class=\"elementor-widget-wrap elementor-element-populated\">\n<div class=\"elementor-element elementor-element-3e12e2d exad-sticky-section-no exad-glass-effect-no elementor-widget elementor-widget-heading\" data-id=\"3e12e2d\" data-element_type=\"widget\" data-widget_type=\"heading.default\">\n<div class=\"elementor-widget-container\">\n<h2 class=\"elementor-heading-title elementor-size-default\"><span style=\"font-size: 16px;\">O novo Plano Nacional de Educa\u00e7\u00e3o (PNE), aprovado pelo Congresso Nacional, entra em vigor com 19 objetivos, 73 metas e 372 estrat\u00e9gias que dever\u00e3o nortear as pol\u00edticas educacionais nos pr\u00f3ximos dez anos. Conhe\u00e7a os principais pontos da lei, que pretende garantir o direito \u00e0 educa\u00e7\u00e3o a todos os estudantes<\/span><\/h2>\n<\/div>\n<\/div>\n<\/div>\n<\/div>\n<\/div>\n<\/section>\n<\/div>\n<\/div>\n<\/div>\n<\/section>\n<section class=\"elementor-section elementor-top-section elementor-element elementor-element-9853677 elementor-section-height-min-height elementor-section-items-top elementor-section-boxed elementor-section-height-default exad-glass-effect-no exad-sticky-section-no\" data-id=\"9853677\" data-element_type=\"section\" data-settings=\"{&quot;background_background&quot;:&quot;classic&quot;}\">\n<div class=\"elementor-container elementor-column-gap-default\">\n<div class=\"elementor-column elementor-col-100 elementor-top-column elementor-element elementor-element-57de1bb exad-glass-effect-no exad-sticky-section-no\" data-id=\"57de1bb\" data-element_type=\"column\">\n<div class=\"elementor-widget-wrap elementor-element-populated\">\n<section class=\"elementor-section elementor-inner-section elementor-element elementor-element-517e153 elementor-section-full_width elementor-section-height-min-height elementor-section-height-default exad-glass-effect-no exad-sticky-section-no\" data-id=\"517e153\" data-element_type=\"section\" data-settings=\"{&quot;background_background&quot;:&quot;classic&quot;}\">\n<div class=\"elementor-container elementor-column-gap-no\">\n<div class=\"elementor-column elementor-col-50 elementor-inner-column elementor-element elementor-element-ca16a39 exad-glass-effect-no exad-sticky-section-no\" data-id=\"ca16a39\" data-element_type=\"column\" data-settings=\"{&quot;background_background&quot;:&quot;classic&quot;}\">\n<div class=\"elementor-widget-wrap elementor-element-populated\">\n<div class=\"elementor-element elementor-element-62174cc elementor-widget__width-auto exad-sticky-section-no exad-glass-effect-no elementor-widget elementor-widget-heading\" data-id=\"62174cc\" data-element_type=\"widget\" data-widget_type=\"heading.default\">\n<div class=\"elementor-widget-container\">\n<h2 class=\"elementor-heading-title elementor-size-default\">Objetivos do PNE 2026-2036<\/h2>\n<\/div>\n<\/div>\n<section class=\"elementor-section elementor-inner-section elementor-element elementor-element-7d08f56 elementor-section-full_width elementor-section-height-min-height elementor-section-height-default exad-glass-effect-no exad-sticky-section-no\" data-id=\"7d08f56\" data-element_type=\"section\" data-settings=\"{&quot;background_background&quot;:&quot;classic&quot;}\">\n<div class=\"elementor-container elementor-column-gap-no\">\n<div class=\"elementor-column elementor-col-50 elementor-inner-column elementor-element elementor-element-f0e4ddf exad-glass-effect-no exad-sticky-section-no\" data-id=\"f0e4ddf\" data-element_type=\"column\" data-settings=\"{&quot;background_background&quot;:&quot;classic&quot;}\">\n<div class=\"elementor-widget-wrap elementor-element-populated\">\n<div class=\"elementor-element elementor-element-ac11256 exad-sticky-section-no exad-glass-effect-no elementor-widget elementor-widget-image\" data-id=\"ac11256\" data-element_type=\"widget\" data-widget_type=\"image.default\">\n<div class=\"elementor-widget-container\"><\/div>\n<\/div>\n<\/div>\n<\/div>\n<div class=\"elementor-column elementor-col-50 elementor-inner-column elementor-element elementor-element-39f7805 exad-glass-effect-no exad-sticky-section-no\" data-id=\"39f7805\" data-element_type=\"column\" data-settings=\"{&quot;background_background&quot;:&quot;classic&quot;}\">\n<div class=\"elementor-widget-wrap elementor-element-populated\">\n<div class=\"elementor-element elementor-element-c833895 exad-sticky-section-no exad-glass-effect-no elementor-widget elementor-widget-heading\" data-id=\"c833895\" data-element_type=\"widget\" data-widget_type=\"heading.default\">\n<div class=\"elementor-widget-container\">\n<h2 class=\"elementor-heading-title elementor-size-default\">Educa\u00e7\u00e3o infantil<\/h2>\n<\/div>\n<\/div>\n<div class=\"elementor-element elementor-element-ca6a1dc exad-sticky-section-no exad-glass-effect-no elementor-widget elementor-widget-text-editor\" data-id=\"ca6a1dc\" data-element_type=\"widget\" data-widget_type=\"text-editor.default\">\n<div class=\"elementor-widget-container\">\n<p>Universalizar a pr\u00e9-escola para as crian\u00e7as de 4 e 5 anos e ampliar a oferta de creche para atender 100% da demanda manifesta e, em n\u00edvel nacional, alcan\u00e7ar pelo menos 60% das crian\u00e7as de at\u00e9 3 anos<\/p>\n<\/div>\n<\/div>\n<\/div>\n<\/div>\n<\/div>\n<\/section>\n<section class=\"elementor-section elementor-inner-section elementor-element elementor-element-ab73c3b elementor-section-full_width elementor-section-height-min-height elementor-section-height-default exad-glass-effect-no exad-sticky-section-no\" data-id=\"ab73c3b\" data-element_type=\"section\" data-settings=\"{&quot;background_background&quot;:&quot;classic&quot;}\">\n<div class=\"elementor-container elementor-column-gap-no\">\n<div class=\"elementor-column elementor-col-50 elementor-inner-column elementor-element elementor-element-1747995 exad-glass-effect-no exad-sticky-section-no\" data-id=\"1747995\" data-element_type=\"column\" data-settings=\"{&quot;background_background&quot;:&quot;classic&quot;}\">\n<div class=\"elementor-widget-wrap elementor-element-populated\">\n<div class=\"elementor-element elementor-element-e6daa6b exad-sticky-section-no exad-glass-effect-no elementor-widget elementor-widget-image\" data-id=\"e6daa6b\" data-element_type=\"widget\" data-widget_type=\"image.default\">\n<div class=\"elementor-widget-container\"><\/div>\n<\/div>\n<\/div>\n<\/div>\n<div class=\"elementor-column elementor-col-50 elementor-inner-column elementor-element elementor-element-374d178 exad-glass-effect-no exad-sticky-section-no\" data-id=\"374d178\" data-element_type=\"column\" data-settings=\"{&quot;background_background&quot;:&quot;classic&quot;}\">\n<div class=\"elementor-widget-wrap elementor-element-populated\">\n<div class=\"elementor-element elementor-element-f61a764 exad-sticky-section-no exad-glass-effect-no elementor-widget elementor-widget-heading\" data-id=\"f61a764\" data-element_type=\"widget\" data-widget_type=\"heading.default\">\n<div class=\"elementor-widget-container\">\n<h2 class=\"elementor-heading-title elementor-size-default\">Alfabetiza\u00e7\u00e3o<\/h2>\n<\/div>\n<\/div>\n<div class=\"elementor-element elementor-element-0a5fe59 exad-sticky-section-no exad-glass-effect-no elementor-widget elementor-widget-text-editor\" data-id=\"0a5fe59\" data-element_type=\"widget\" data-widget_type=\"text-editor.default\">\n<div class=\"elementor-widget-container\">Alfabetizar as crian\u00e7as e garantir n\u00edvel adequado de aprendizagem em matem\u00e1tica at\u00e9 o fim do 2\u00ba ano do ensino fundamental<\/div>\n<\/div>\n<\/div>\n<\/div>\n<\/div>\n<\/section>\n<section class=\"elementor-section elementor-inner-section elementor-element elementor-element-ffb4cfa elementor-section-full_width elementor-section-height-min-height elementor-section-height-default exad-glass-effect-no exad-sticky-section-no\" data-id=\"ffb4cfa\" data-element_type=\"section\" data-settings=\"{&quot;background_background&quot;:&quot;classic&quot;}\">\n<div class=\"elementor-container elementor-column-gap-no\">\n<div class=\"elementor-column elementor-col-50 elementor-inner-column elementor-element elementor-element-2ef05f4 exad-glass-effect-no exad-sticky-section-no\" data-id=\"2ef05f4\" data-element_type=\"column\" data-settings=\"{&quot;background_background&quot;:&quot;classic&quot;}\">\n<div class=\"elementor-widget-wrap elementor-element-populated\">\n<div class=\"elementor-element elementor-element-c24cc82 exad-sticky-section-no exad-glass-effect-no elementor-widget elementor-widget-image\" data-id=\"c24cc82\" data-element_type=\"widget\" data-widget_type=\"image.default\">\n<div class=\"elementor-widget-container\"><\/div>\n<\/div>\n<\/div>\n<\/div>\n<div class=\"elementor-column elementor-col-50 elementor-inner-column elementor-element elementor-element-f4293a3 exad-glass-effect-no exad-sticky-section-no\" data-id=\"f4293a3\" data-element_type=\"column\" data-settings=\"{&quot;background_background&quot;:&quot;classic&quot;}\">\n<div class=\"elementor-widget-wrap elementor-element-populated\">\n<div class=\"elementor-element elementor-element-ae80e33 exad-sticky-section-no exad-glass-effect-no elementor-widget elementor-widget-heading\" data-id=\"ae80e33\" data-element_type=\"widget\" data-widget_type=\"heading.default\">\n<div class=\"elementor-widget-container\">\n<h2 class=\"elementor-heading-title elementor-size-default\">Ensino fundamental e m\u00e9dio<\/h2>\n<\/div>\n<\/div>\n<div class=\"elementor-element elementor-element-2dd066e exad-sticky-section-no exad-glass-effect-no elementor-widget elementor-widget-text-editor\" data-id=\"2dd066e\" data-element_type=\"widget\" data-widget_type=\"text-editor.default\">\n<div class=\"elementor-widget-container\">\n<p>Universalizar o acesso aos ensinos fundamental e m\u00e9dio para alunos de 6 a 17 anos e garantir n\u00edveis adequados de aprendizagem<\/p>\n<\/div>\n<\/div>\n<\/div>\n<\/div>\n<\/div>\n<\/section>\n<section class=\"elementor-section elementor-inner-section elementor-element elementor-element-a4197a9 elementor-section-full_width elementor-section-height-min-height elementor-section-height-default exad-glass-effect-no exad-sticky-section-no\" data-id=\"a4197a9\" data-element_type=\"section\" data-settings=\"{&quot;background_background&quot;:&quot;classic&quot;}\">\n<div class=\"elementor-container elementor-column-gap-no\">\n<div class=\"elementor-column elementor-col-50 elementor-inner-column elementor-element elementor-element-7435e53 exad-glass-effect-no exad-sticky-section-no\" data-id=\"7435e53\" data-element_type=\"column\" data-settings=\"{&quot;background_background&quot;:&quot;classic&quot;}\">\n<div class=\"elementor-widget-wrap elementor-element-populated\">\n<div class=\"elementor-element elementor-element-3251fdc exad-sticky-section-no exad-glass-effect-no elementor-widget elementor-widget-image\" data-id=\"3251fdc\" data-element_type=\"widget\" data-widget_type=\"image.default\">\n<div class=\"elementor-widget-container\"><\/div>\n<\/div>\n<\/div>\n<\/div>\n<div class=\"elementor-column elementor-col-50 elementor-inner-column elementor-element elementor-element-3b2f04f exad-glass-effect-no exad-sticky-section-no\" data-id=\"3b2f04f\" data-element_type=\"column\" data-settings=\"{&quot;background_background&quot;:&quot;classic&quot;}\">\n<div class=\"elementor-widget-wrap elementor-element-populated\">\n<div class=\"elementor-element elementor-element-d5a48bb exad-sticky-section-no exad-glass-effect-no elementor-widget elementor-widget-heading\" data-id=\"d5a48bb\" data-element_type=\"widget\" data-widget_type=\"heading.default\">\n<div class=\"elementor-widget-container\">\n<h2 class=\"elementor-heading-title elementor-size-default\">Educa\u00e7\u00e3o integral<\/h2>\n<\/div>\n<\/div>\n<div class=\"elementor-element elementor-element-b8bd2ca exad-sticky-section-no exad-glass-effect-no elementor-widget elementor-widget-text-editor\" data-id=\"b8bd2ca\" data-element_type=\"widget\" data-widget_type=\"text-editor.default\">\n<div class=\"elementor-widget-container\">\n<p>Garantir matr\u00edculas de tempo integral em 65% das escolas p\u00fablicas, atendendo a 50% dos estudantes da educa\u00e7\u00e3o b\u00e1sica<\/p>\n<\/div>\n<\/div>\n<\/div>\n<\/div>\n<\/div>\n<\/section>\n<section class=\"elementor-section elementor-inner-section elementor-element elementor-element-4046f46 elementor-section-full_width elementor-section-height-min-height elementor-section-height-default exad-glass-effect-no exad-sticky-section-no\" data-id=\"4046f46\" data-element_type=\"section\" data-settings=\"{&quot;background_background&quot;:&quot;classic&quot;}\">\n<div class=\"elementor-container elementor-column-gap-no\">\n<div class=\"elementor-column elementor-col-50 elementor-inner-column elementor-element elementor-element-cf288a8 exad-glass-effect-no exad-sticky-section-no\" data-id=\"cf288a8\" data-element_type=\"column\" data-settings=\"{&quot;background_background&quot;:&quot;classic&quot;}\">\n<div class=\"elementor-widget-wrap elementor-element-populated\">\n<div class=\"elementor-element elementor-element-d42168b exad-sticky-section-no exad-glass-effect-no elementor-widget elementor-widget-image\" data-id=\"d42168b\" data-element_type=\"widget\" data-widget_type=\"image.default\">\n<div class=\"elementor-widget-container\"><\/div>\n<\/div>\n<\/div>\n<\/div>\n<div class=\"elementor-column elementor-col-50 elementor-inner-column elementor-element elementor-element-468e30b exad-glass-effect-no exad-sticky-section-no\" data-id=\"468e30b\" data-element_type=\"column\" data-settings=\"{&quot;background_background&quot;:&quot;classic&quot;}\">\n<div class=\"elementor-widget-wrap elementor-element-populated\">\n<div class=\"elementor-element elementor-element-3b2d8b5 exad-sticky-section-no exad-glass-effect-no elementor-widget elementor-widget-heading\" data-id=\"3b2d8b5\" data-element_type=\"widget\" data-widget_type=\"heading.default\">\n<div class=\"elementor-widget-container\">\n<h2 class=\"elementor-heading-title elementor-size-default\">Diversidade e inclus\u00e3o<\/h2>\n<\/div>\n<\/div>\n<div class=\"elementor-element elementor-element-213bbcb exad-sticky-section-no exad-glass-effect-no elementor-widget elementor-widget-text-editor\" data-id=\"213bbcb\" data-element_type=\"widget\" data-widget_type=\"text-editor.default\">\n<div class=\"elementor-widget-container\">\n<p>Assegurar educa\u00e7\u00e3o escolar ind\u00edgena, quilombola e de crian\u00e7as do campo, assim como educa\u00e7\u00e3o inclusiva e bil\u00edngue para surdos e educa\u00e7\u00e3o de jovens, adultos e idosos<\/p>\n<\/div>\n<\/div>\n<\/div>\n<\/div>\n<\/div>\n<\/section>\n<section class=\"elementor-section elementor-inner-section elementor-element elementor-element-b263c49 elementor-section-full_width elementor-section-height-min-height elementor-section-height-default exad-glass-effect-no exad-sticky-section-no\" data-id=\"b263c49\" data-element_type=\"section\" data-settings=\"{&quot;background_background&quot;:&quot;classic&quot;}\">\n<div class=\"elementor-container elementor-column-gap-no\">\n<div class=\"elementor-column elementor-col-50 elementor-inner-column elementor-element elementor-element-8bf57b0 exad-glass-effect-no exad-sticky-section-no\" data-id=\"8bf57b0\" data-element_type=\"column\" data-settings=\"{&quot;background_background&quot;:&quot;classic&quot;}\">\n<div class=\"elementor-widget-wrap elementor-element-populated\">\n<div class=\"elementor-element elementor-element-f0fdd1a elementor-widget__width-initial exad-sticky-section-no exad-glass-effect-no elementor-widget elementor-widget-image\" data-id=\"f0fdd1a\" data-element_type=\"widget\" data-widget_type=\"image.default\">\n<div class=\"elementor-widget-container\"><\/div>\n<\/div>\n<\/div>\n<\/div>\n<div class=\"elementor-column elementor-col-50 elementor-inner-column elementor-element elementor-element-b19a8d6 exad-glass-effect-no exad-sticky-section-no\" data-id=\"b19a8d6\" data-element_type=\"column\" data-settings=\"{&quot;background_background&quot;:&quot;classic&quot;}\">\n<div class=\"elementor-widget-wrap elementor-element-populated\">\n<div class=\"elementor-element elementor-element-1c2e2a8 exad-sticky-section-no exad-glass-effect-no elementor-widget elementor-widget-heading\" data-id=\"1c2e2a8\" data-element_type=\"widget\" data-widget_type=\"heading.default\">\n<div class=\"elementor-widget-container\">\n<h2 class=\"elementor-heading-title elementor-size-default\">Educa\u00e7\u00e3o digital<\/h2>\n<\/div>\n<\/div>\n<div class=\"elementor-element elementor-element-c8a1b53 exad-sticky-section-no exad-glass-effect-no elementor-widget elementor-widget-text-editor\" data-id=\"c8a1b53\" data-element_type=\"widget\" data-widget_type=\"text-editor.default\">\n<div class=\"elementor-widget-container\">\n<p>Disponibilizar conectividade, inclusive com redes internas wi-fi, e educa\u00e7\u00e3o digital nas dimens\u00f5es pensamento computacional, mundo digital e cultura digital<\/p>\n<\/div>\n<\/div>\n<\/div>\n<\/div>\n<\/div>\n<\/section>\n<\/div>\n<\/div>\n<div class=\"elementor-column elementor-col-50 elementor-inner-column elementor-element elementor-element-57212f6 exad-glass-effect-no exad-sticky-section-no\" data-id=\"57212f6\" data-element_type=\"column\" data-settings=\"{&quot;background_background&quot;:&quot;classic&quot;}\">\n<div class=\"elementor-widget-wrap elementor-element-populated\">\n<div class=\"elementor-element elementor-element-dc5c903 exad-sticky-section-no exad-glass-effect-no elementor-widget elementor-widget-spacer\" data-id=\"dc5c903\" data-element_type=\"widget\" data-widget_type=\"spacer.default\">\n<div class=\"elementor-widget-container\">\n<div class=\"elementor-spacer\">\n<div class=\"elementor-spacer-inner\"><\/div>\n<\/div>\n<\/div>\n<\/div>\n<section class=\"elementor-section elementor-inner-section elementor-element elementor-element-eb379a3 elementor-section-full_width elementor-section-height-min-height elementor-section-height-default exad-glass-effect-no exad-sticky-section-no\" data-id=\"eb379a3\" data-element_type=\"section\" data-settings=\"{&quot;background_background&quot;:&quot;classic&quot;}\">\n<div class=\"elementor-container elementor-column-gap-no\">\n<div class=\"elementor-column elementor-col-50 elementor-inner-column elementor-element elementor-element-5e0ae87 exad-glass-effect-no exad-sticky-section-no\" data-id=\"5e0ae87\" data-element_type=\"column\" data-settings=\"{&quot;background_background&quot;:&quot;classic&quot;}\">\n<div class=\"elementor-widget-wrap elementor-element-populated\">\n<div class=\"elementor-element elementor-element-c3d85ee exad-sticky-section-no exad-glass-effect-no elementor-widget elementor-widget-image\" data-id=\"c3d85ee\" data-element_type=\"widget\" data-widget_type=\"image.default\">\n<div class=\"elementor-widget-container\"><\/div>\n<\/div>\n<\/div>\n<\/div>\n<div class=\"elementor-column elementor-col-50 elementor-inner-column elementor-element elementor-element-d0e0909 exad-glass-effect-no exad-sticky-section-no\" data-id=\"d0e0909\" data-element_type=\"column\" data-settings=\"{&quot;background_background&quot;:&quot;classic&quot;}\">\n<div class=\"elementor-widget-wrap elementor-element-populated\">\n<div class=\"elementor-element elementor-element-72b9bcc exad-sticky-section-no exad-glass-effect-no elementor-widget elementor-widget-heading\" data-id=\"72b9bcc\" data-element_type=\"widget\" data-widget_type=\"heading.default\">\n<div class=\"elementor-widget-container\">\n<h2 class=\"elementor-heading-title elementor-size-default\">Sustentabilidade socioambiental<\/h2>\n<\/div>\n<\/div>\n<div class=\"elementor-element elementor-element-1190036 exad-sticky-section-no exad-glass-effect-no elementor-widget elementor-widget-text-editor\" data-id=\"1190036\" data-element_type=\"widget\" data-widget_type=\"text-editor.default\">\n<div class=\"elementor-widget-container\">\n<p>Promover a educa\u00e7\u00e3o ambiental e o enfrentamento das mudan\u00e7as do clima em todos os estabelecimentos de ensino<\/p>\n<\/div>\n<\/div>\n<\/div>\n<\/div>\n<\/div>\n<\/section>\n<section class=\"elementor-section elementor-inner-section elementor-element elementor-element-e0e0661 elementor-section-full_width elementor-section-height-min-height elementor-section-height-default exad-glass-effect-no exad-sticky-section-no\" data-id=\"e0e0661\" data-element_type=\"section\" data-settings=\"{&quot;background_background&quot;:&quot;classic&quot;}\">\n<div class=\"elementor-container elementor-column-gap-no\">\n<div class=\"elementor-column elementor-col-50 elementor-inner-column elementor-element elementor-element-a696d28 exad-glass-effect-no exad-sticky-section-no\" data-id=\"a696d28\" data-element_type=\"column\" data-settings=\"{&quot;background_background&quot;:&quot;classic&quot;}\">\n<div class=\"elementor-widget-wrap elementor-element-populated\">\n<div class=\"elementor-element elementor-element-848ad38 exad-sticky-section-no exad-glass-effect-no elementor-widget elementor-widget-image\" data-id=\"848ad38\" data-element_type=\"widget\" data-widget_type=\"image.default\">\n<div class=\"elementor-widget-container\"><\/div>\n<\/div>\n<\/div>\n<\/div>\n<div class=\"elementor-column elementor-col-50 elementor-inner-column elementor-element elementor-element-23a08e9 exad-glass-effect-no exad-sticky-section-no\" data-id=\"23a08e9\" data-element_type=\"column\" data-settings=\"{&quot;background_background&quot;:&quot;classic&quot;}\">\n<div class=\"elementor-widget-wrap elementor-element-populated\">\n<div class=\"elementor-element elementor-element-629d540 exad-sticky-section-no exad-glass-effect-no elementor-widget elementor-widget-heading\" data-id=\"629d540\" data-element_type=\"widget\" data-widget_type=\"heading.default\">\n<div class=\"elementor-widget-container\">\n<h2 class=\"elementor-heading-title elementor-size-default\">Educa\u00e7\u00e3o profissional<\/h2>\n<\/div>\n<\/div>\n<div class=\"elementor-element elementor-element-3b9511f exad-sticky-section-no exad-glass-effect-no elementor-widget elementor-widget-text-editor\" data-id=\"3b9511f\" data-element_type=\"widget\" data-widget_type=\"text-editor.default\">\n<div class=\"elementor-widget-container\">\n<p>Expandir matr\u00edculas da educa\u00e7\u00e3o profissional t\u00e9cnica de n\u00edvel m\u00e9dio, de n\u00edveis subsequentes e da Educa\u00e7\u00e3o de Jovens e Adultos, al\u00e9m de melhorar a\u00a0 qualidade dos cursos, garantir que estudantes da educa\u00e7\u00e3o profissional t\u00e9cnica de n\u00edvel m\u00e9dio concluam seus cursos na idade regular e elevar o percentual de jovens de 18 a 24 anos com forma\u00e7\u00e3o t\u00e9cnica<\/p>\n<\/div>\n<\/div>\n<\/div>\n<\/div>\n<\/div>\n<\/section>\n<section class=\"elementor-section elementor-inner-section elementor-element elementor-element-e489316 elementor-section-full_width elementor-section-height-min-height elementor-section-height-default exad-glass-effect-no exad-sticky-section-no\" data-id=\"e489316\" data-element_type=\"section\" data-settings=\"{&quot;background_background&quot;:&quot;classic&quot;}\">\n<div class=\"elementor-container elementor-column-gap-no\">\n<div class=\"elementor-column elementor-col-50 elementor-inner-column elementor-element elementor-element-7c2887b exad-glass-effect-no exad-sticky-section-no\" data-id=\"7c2887b\" data-element_type=\"column\" data-settings=\"{&quot;background_background&quot;:&quot;classic&quot;}\">\n<div class=\"elementor-widget-wrap elementor-element-populated\">\n<div class=\"elementor-element elementor-element-00ad713 exad-sticky-section-no exad-glass-effect-no elementor-widget elementor-widget-image\" data-id=\"00ad713\" data-element_type=\"widget\" data-widget_type=\"image.default\">\n<div class=\"elementor-widget-container\"><\/div>\n<\/div>\n<\/div>\n<\/div>\n<div class=\"elementor-column elementor-col-50 elementor-inner-column elementor-element elementor-element-dee5bf4 exad-glass-effect-no exad-sticky-section-no\" data-id=\"dee5bf4\" data-element_type=\"column\" data-settings=\"{&quot;background_background&quot;:&quot;classic&quot;}\">\n<div class=\"elementor-widget-wrap elementor-element-populated\">\n<div class=\"elementor-element elementor-element-6e5ff36 exad-sticky-section-no exad-glass-effect-no elementor-widget elementor-widget-heading\" data-id=\"6e5ff36\" data-element_type=\"widget\" data-widget_type=\"heading.default\">\n<div class=\"elementor-widget-container\">\n<h2 class=\"elementor-heading-title elementor-size-default\">Educa\u00e7\u00e3o superior<\/h2>\n<\/div>\n<\/div>\n<div class=\"elementor-element elementor-element-39f6971 exad-sticky-section-no exad-glass-effect-no elementor-widget elementor-widget-text-editor\" data-id=\"39f6971\" data-element_type=\"widget\" data-widget_type=\"text-editor.default\">\n<div class=\"elementor-widget-container\">\n<p>Aumentar para 40% o acesso dos jovens de 18 a 24 anos a cursos de gradua\u00e7\u00e3o e ampliar n\u00famero de mestres e doutores, com garantia de melhoria da qualidade<\/p>\n<\/div>\n<\/div>\n<\/div>\n<\/div>\n<\/div>\n<\/section>\n<section class=\"elementor-section elementor-inner-section elementor-element elementor-element-1d6ac0c elementor-section-full_width elementor-section-height-min-height elementor-section-height-default exad-glass-effect-no exad-sticky-section-no\" data-id=\"1d6ac0c\" data-element_type=\"section\" data-settings=\"{&quot;background_background&quot;:&quot;classic&quot;}\">\n<div class=\"elementor-container elementor-column-gap-no\">\n<div class=\"elementor-column elementor-col-50 elementor-inner-column elementor-element elementor-element-d92b3f0 exad-glass-effect-no exad-sticky-section-no\" data-id=\"d92b3f0\" data-element_type=\"column\" data-settings=\"{&quot;background_background&quot;:&quot;classic&quot;}\">\n<div class=\"elementor-widget-wrap elementor-element-populated\">\n<div class=\"elementor-element elementor-element-1dfb35b exad-sticky-section-no exad-glass-effect-no elementor-widget elementor-widget-image\" data-id=\"1dfb35b\" data-element_type=\"widget\" data-widget_type=\"image.default\">\n<div class=\"elementor-widget-container\"><\/div>\n<\/div>\n<\/div>\n<\/div>\n<div class=\"elementor-column elementor-col-50 elementor-inner-column elementor-element elementor-element-fe74247 exad-glass-effect-no exad-sticky-section-no\" data-id=\"fe74247\" data-element_type=\"column\" data-settings=\"{&quot;background_background&quot;:&quot;classic&quot;}\">\n<div class=\"elementor-widget-wrap elementor-element-populated\">\n<div class=\"elementor-element elementor-element-1fe14ff exad-sticky-section-no exad-glass-effect-no elementor-widget elementor-widget-heading\" data-id=\"1fe14ff\" data-element_type=\"widget\" data-widget_type=\"heading.default\">\n<div class=\"elementor-widget-container\">\n<h2 class=\"elementor-heading-title elementor-size-default\">Estrutura da educa\u00e7\u00e3o b\u00e1sica<\/h2>\n<\/div>\n<\/div>\n<div class=\"elementor-element elementor-element-152481e exad-sticky-section-no exad-glass-effect-no elementor-widget elementor-widget-text-editor\" data-id=\"152481e\" data-element_type=\"widget\" data-widget_type=\"text-editor.default\">\n<div class=\"elementor-widget-container\">\n<p>Garantir forma\u00e7\u00e3o, valoriza\u00e7\u00e3o e condi\u00e7\u00f5es de trabalho aos profissionais da educa\u00e7\u00e3o b\u00e1sica, com planos de carreira, gest\u00e3o democr\u00e1tica na educa\u00e7\u00e3o p\u00fablica e garantias de financiamento e infraestrutura<\/p>\n<\/div>\n<\/div>\n<\/div>\n<\/div>\n<\/div>\n<\/section>\n<\/div>\n<\/div>\n<\/div>\n<\/section>\n<section class=\"elementor-section elementor-inner-section elementor-element elementor-element-02e8d70 elementor-section-full_width elementor-section-height-min-height elementor-section-height-default exad-glass-effect-no exad-sticky-section-no\" data-id=\"02e8d70\" data-element_type=\"section\" data-settings=\"{&quot;background_background&quot;:&quot;classic&quot;}\">\n<div class=\"elementor-container elementor-column-gap-no\">\n<div class=\"elementor-column elementor-col-50 elementor-inner-column elementor-element elementor-element-9e6ce09 exad-glass-effect-no exad-sticky-section-no\" data-id=\"9e6ce09\" data-element_type=\"column\" data-settings=\"{&quot;background_background&quot;:&quot;classic&quot;}\">\n<div class=\"elementor-widget-wrap elementor-element-populated\">\n<div class=\"elementor-element elementor-element-6b43b1e elementor-widget__width-initial exad-sticky-section-no exad-glass-effect-no elementor-widget elementor-widget-heading\" data-id=\"6b43b1e\" data-element_type=\"widget\" data-widget_type=\"heading.default\">\n<div class=\"elementor-widget-container\">\n<h2 class=\"elementor-heading-title elementor-size-default\">Inova\u00e7\u00f5es do PNE 2026-2036<\/h2>\n<\/div>\n<\/div>\n<\/div>\n<\/div>\n<div class=\"elementor-column elementor-col-50 elementor-inner-column elementor-element elementor-element-3b27e34 exad-glass-effect-no exad-sticky-section-no\" data-id=\"3b27e34\" data-element_type=\"column\" data-settings=\"{&quot;background_background&quot;:&quot;classic&quot;}\">\n<div class=\"elementor-widget-wrap elementor-element-populated\">\n<div class=\"elementor-element elementor-element-6fc50d0 exad-sticky-section-no exad-glass-effect-no elementor-widget elementor-widget-spacer\" data-id=\"6fc50d0\" data-element_type=\"widget\" data-widget_type=\"spacer.default\">\n<div class=\"elementor-widget-container\">\n<div class=\"elementor-spacer\">\n<div class=\"elementor-spacer-inner\"><\/div>\n<\/div>\n<\/div>\n<\/div>\n<\/div>\n<\/div>\n<\/div>\n<\/section>\n<section class=\"elementor-section elementor-inner-section elementor-element elementor-element-5b4eff3 elementor-section-full_width elementor-section-height-min-height elementor-section-height-default exad-glass-effect-no exad-sticky-section-no\" data-id=\"5b4eff3\" data-element_type=\"section\" data-settings=\"{&quot;background_background&quot;:&quot;classic&quot;}\">\n<div class=\"elementor-container elementor-column-gap-no\">\n<div class=\"elementor-column elementor-col-50 elementor-inner-column elementor-element elementor-element-b3d7c43 exad-glass-effect-no exad-sticky-section-no\" data-id=\"b3d7c43\" data-element_type=\"column\" data-settings=\"{&quot;background_background&quot;:&quot;classic&quot;}\">\n<div class=\"elementor-widget-wrap elementor-element-populated\">\n<section class=\"elementor-section elementor-inner-section elementor-element elementor-element-3afab49 elementor-section-full_width elementor-section-height-min-height elementor-section-height-default exad-glass-effect-no exad-sticky-section-no\" data-id=\"3afab49\" data-element_type=\"section\" data-settings=\"{&quot;background_background&quot;:&quot;classic&quot;}\">\n<div class=\"elementor-container elementor-column-gap-no\">\n<div class=\"elementor-column elementor-col-100 elementor-inner-column elementor-element elementor-element-5f49ebf exad-glass-effect-no exad-sticky-section-no\" data-id=\"5f49ebf\" data-element_type=\"column\" data-settings=\"{&quot;background_background&quot;:&quot;classic&quot;}\">\n<div class=\"elementor-widget-wrap elementor-element-populated\">\n<div class=\"elementor-element elementor-element-81214a1 exad-sticky-section-no exad-glass-effect-no elementor-widget elementor-widget-image\" data-id=\"81214a1\" data-element_type=\"widget\" data-widget_type=\"image.default\">\n<div class=\"elementor-widget-container\"><img loading=\"lazy\" decoding=\"async\" class=\"attachment-large size-large wp-image-27737\" src=\"https:\/\/infograficos.camara.leg.br\/wp-content\/uploads\/2026\/04\/PNE-26.png\" sizes=\"auto, (max-width: 581px) 100vw, 581px\" srcset=\"https:\/\/infograficos.camara.leg.br\/wp-content\/uploads\/2026\/04\/PNE-26.png 581w, https:\/\/infograficos.camara.leg.br\/wp-content\/uploads\/2026\/04\/PNE-26-300x170.png 300w\" alt=\"\" width=\"581\" height=\"330\" \/><\/div>\n<\/div>\n<div class=\"elementor-element elementor-element-ddddfd7 exad-sticky-section-no exad-glass-effect-no elementor-widget elementor-widget-heading\" data-id=\"ddddfd7\" data-element_type=\"widget\" data-widget_type=\"heading.default\">\n<div class=\"elementor-widget-container\">\n<h2 class=\"elementor-heading-title elementor-size-default\">Sustentabilidade socioambiental<\/h2>\n<\/div>\n<\/div>\n<div class=\"elementor-element elementor-element-e11a37e elementor-widget__width-initial exad-sticky-section-no exad-glass-effect-no elementor-widget elementor-widget-text-editor\" data-id=\"e11a37e\" data-element_type=\"widget\" data-widget_type=\"text-editor.default\">\n<div class=\"elementor-widget-container\">\n<p>O Congresso Nacional inovou ao incorporar ao PNE um objetivo voltado para a sustentabilidade socioambiental, com metas que tratam de educa\u00e7\u00e3o ambiental, infraestrutura escolar com conforto t\u00e9rmico e planos para enfrentamento das mudan\u00e7as clim\u00e1ticas nas escolas<\/p>\n<\/div>\n<\/div>\n<\/div>\n<\/div>\n<\/div>\n<\/section>\n<\/div>\n<\/div>\n<div class=\"elementor-column elementor-col-50 elementor-inner-column elementor-element elementor-element-01bca9d exad-glass-effect-no exad-sticky-section-no\" data-id=\"01bca9d\" data-element_type=\"column\" data-settings=\"{&quot;background_background&quot;:&quot;classic&quot;}\">\n<div class=\"elementor-widget-wrap elementor-element-populated\">\n<section class=\"elementor-section elementor-inner-section elementor-element elementor-element-96eae8f elementor-section-full_width elementor-section-height-min-height elementor-section-height-default exad-glass-effect-no exad-sticky-section-no\" data-id=\"96eae8f\" data-element_type=\"section\" data-settings=\"{&quot;background_background&quot;:&quot;classic&quot;}\">\n<div class=\"elementor-container elementor-column-gap-no\">\n<div class=\"elementor-column elementor-col-100 elementor-inner-column elementor-element elementor-element-3180973 exad-glass-effect-no exad-sticky-section-no\" data-id=\"3180973\" data-element_type=\"column\" data-settings=\"{&quot;background_background&quot;:&quot;classic&quot;}\">\n<div class=\"elementor-widget-wrap elementor-element-populated\">\n<div class=\"elementor-element elementor-element-f2d967f exad-sticky-section-no exad-glass-effect-no elementor-widget elementor-widget-heading\" data-id=\"f2d967f\" data-element_type=\"widget\" data-widget_type=\"heading.default\">\n<div class=\"elementor-widget-container\">\n<h2 class=\"elementor-heading-title elementor-size-default\">Infraestrutura<\/h2>\n<\/div>\n<\/div>\n<div class=\"elementor-element elementor-element-2e82686 elementor-widget__width-initial exad-sticky-section-no exad-glass-effect-no elementor-widget elementor-widget-text-editor\" data-id=\"2e82686\" data-element_type=\"widget\" data-widget_type=\"text-editor.default\">\n<div class=\"elementor-widget-container\">\n<p>A infraestrutura das escolas foi tratada como meta espec\u00edfica, com foco na redu\u00e7\u00e3o das desigualdades. Isso obriga a produ\u00e7\u00e3o e monitoramento de indicadores. Outra novidade \u00e9 a cria\u00e7\u00e3o do Programa Nacional de Infraestrutura Escolar.\u00a0 Na fase inicial, devem ser garantidas as condi\u00e7\u00f5es m\u00ednimas para todas as escolas p\u00fablicas de educa\u00e7\u00e3o b\u00e1sica, superando, enfim, situa\u00e7\u00f5es inaceit\u00e1veis de funcionamento. As fases seguintes v\u00e3o assegurar patamares superiores de infraestrutura<\/p>\n<\/div>\n<\/div>\n<div class=\"elementor-element elementor-element-ff1e57d elementor-hidden-mobile exad-sticky-section-no exad-glass-effect-no elementor-widget elementor-widget-image\" data-id=\"ff1e57d\" data-element_type=\"widget\" data-widget_type=\"image.default\">\n<div class=\"elementor-widget-container\"><img loading=\"lazy\" decoding=\"async\" class=\"attachment-large size-large wp-image-27738\" src=\"https:\/\/infograficos.camara.leg.br\/wp-content\/uploads\/2026\/04\/PNE-30.png\" alt=\"\" width=\"196\" height=\"282\" \/><\/div>\n<\/div>\n<\/div>\n<\/div>\n<\/div>\n<\/section>\n<\/div>\n<\/div>\n<\/div>\n<\/section>\n<section class=\"elementor-section elementor-inner-section elementor-element elementor-element-d7ac2f7 elementor-section-full_width elementor-section-height-min-height elementor-section-height-default exad-glass-effect-no exad-sticky-section-no\" data-id=\"d7ac2f7\" data-element_type=\"section\" data-settings=\"{&quot;background_background&quot;:&quot;classic&quot;}\">\n<div class=\"elementor-container elementor-column-gap-no\">\n<div class=\"elementor-column elementor-col-50 elementor-inner-column elementor-element elementor-element-8bbbd53 exad-glass-effect-no exad-sticky-section-no\" data-id=\"8bbbd53\" data-element_type=\"column\" data-settings=\"{&quot;background_background&quot;:&quot;classic&quot;}\">\n<div class=\"elementor-widget-wrap elementor-element-populated\">\n<section class=\"elementor-section elementor-inner-section elementor-element elementor-element-eb3e816 elementor-section-full_width elementor-section-height-min-height elementor-section-height-default exad-glass-effect-no exad-sticky-section-no\" data-id=\"eb3e816\" data-element_type=\"section\" data-settings=\"{&quot;background_background&quot;:&quot;classic&quot;}\">\n<div class=\"elementor-container elementor-column-gap-no\">\n<div class=\"elementor-column elementor-col-100 elementor-inner-column elementor-element elementor-element-f48772d exad-glass-effect-no exad-sticky-section-no\" data-id=\"f48772d\" data-element_type=\"column\" data-settings=\"{&quot;background_background&quot;:&quot;classic&quot;}\">\n<div class=\"elementor-widget-wrap elementor-element-populated\">\n<div class=\"elementor-element elementor-element-005e702 exad-sticky-section-no exad-glass-effect-no elementor-widget elementor-widget-image\" data-id=\"005e702\" data-element_type=\"widget\" data-widget_type=\"image.default\">\n<div class=\"elementor-widget-container\"><\/div>\n<\/div>\n<div class=\"elementor-element elementor-element-a1db744 elementor-widget__width-initial exad-sticky-section-no exad-glass-effect-no elementor-widget elementor-widget-heading\" data-id=\"a1db744\" data-element_type=\"widget\" data-widget_type=\"heading.default\">\n<div class=\"elementor-widget-container\">\n<h2 class=\"elementor-heading-title elementor-size-default\">Plano de a\u00e7\u00f5es educacionais<\/h2>\n<\/div>\n<\/div>\n<div class=\"elementor-element elementor-element-07e93ca elementor-widget__width-initial exad-sticky-section-no exad-glass-effect-no elementor-widget elementor-widget-text-editor\" data-id=\"07e93ca\" data-element_type=\"widget\" data-widget_type=\"text-editor.default\">\n<div class=\"elementor-widget-container\">\n<p>Os planos de a\u00e7\u00f5es educacionais ser\u00e3o instrumentos de gest\u00e3o e presta\u00e7\u00e3o de contas da execu\u00e7\u00e3o do que foi aprovado por lei. Os documentos abranger\u00e3o pol\u00edticas, programas, a\u00e7\u00f5es e aloca\u00e7\u00e3o de recursos, vinculados a cada objetivo e meta do respectivo plano de educa\u00e7\u00e3o, bem como os crit\u00e9rios utilizados para defini\u00e7\u00e3o das prioridades<\/p>\n<\/div>\n<\/div>\n<\/div>\n<\/div>\n<\/div>\n<\/section>\n<\/div>\n<\/div>\n<div class=\"elementor-column elementor-col-50 elementor-inner-column elementor-element elementor-element-e1bbc78 exad-glass-effect-no exad-sticky-section-no\" data-id=\"e1bbc78\" data-element_type=\"column\" data-settings=\"{&quot;background_background&quot;:&quot;classic&quot;}\">\n<div class=\"elementor-widget-wrap elementor-element-populated\">\n<section class=\"elementor-section elementor-inner-section elementor-element elementor-element-0f853b6 elementor-section-full_width elementor-section-height-min-height elementor-section-height-default exad-glass-effect-no exad-sticky-section-no\" data-id=\"0f853b6\" data-element_type=\"section\" data-settings=\"{&quot;background_background&quot;:&quot;classic&quot;}\">\n<div class=\"elementor-container elementor-column-gap-no\">\n<div class=\"elementor-column elementor-col-100 elementor-inner-column elementor-element elementor-element-cd7d8f6 exad-glass-effect-no exad-sticky-section-no\" data-id=\"cd7d8f6\" data-element_type=\"column\" data-settings=\"{&quot;background_background&quot;:&quot;classic&quot;}\">\n<div class=\"elementor-widget-wrap elementor-element-populated\">\n<div class=\"elementor-element elementor-element-e00c5eb elementor-widget__width-initial exad-sticky-section-no exad-glass-effect-no elementor-widget elementor-widget-heading\" data-id=\"e00c5eb\" data-element_type=\"widget\" data-widget_type=\"heading.default\">\n<div class=\"elementor-widget-container\">\n<h2 class=\"elementor-heading-title elementor-size-default\">Alinhamento com o Sistema Nacional de Educa\u00e7\u00e3o<\/h2>\n<\/div>\n<\/div>\n<div class=\"elementor-element elementor-element-d44bdff elementor-widget__width-initial exad-sticky-section-no exad-glass-effect-no elementor-widget elementor-widget-text-editor\" data-id=\"d44bdff\" data-element_type=\"widget\" data-widget_type=\"text-editor.default\">\n<div class=\"elementor-widget-container\">\n<p>O PNE j\u00e1 est\u00e1 alinhado com o Sistema Nacional de Educa\u00e7\u00e3o (SNE), aprovado pelo Congresso Nacional e transformado na Lei Complementar 220\/25<\/p>\n<\/div>\n<\/div>\n<div class=\"elementor-element elementor-element-d2b15f5 elementor-hidden-mobile exad-sticky-section-no exad-glass-effect-no elementor-widget elementor-widget-image\" data-id=\"d2b15f5\" data-element_type=\"widget\" data-widget_type=\"image.default\">\n<div class=\"elementor-widget-container\"><img loading=\"lazy\" decoding=\"async\" class=\"attachment-large size-large wp-image-27741\" src=\"https:\/\/infograficos.camara.leg.br\/wp-content\/uploads\/2026\/04\/PNE-20.png\" sizes=\"auto, (max-width: 356px) 100vw, 356px\" srcset=\"https:\/\/infograficos.camara.leg.br\/wp-content\/uploads\/2026\/04\/PNE-20.png 356w, https:\/\/infograficos.camara.leg.br\/wp-content\/uploads\/2026\/04\/PNE-20-300x288.png 300w\" alt=\"\" width=\"356\" height=\"342\" \/><\/div>\n<\/div>\n<\/div>\n<\/div>\n<\/div>\n<\/section>\n<\/div>\n<\/div>\n<\/div>\n<\/section>\n<\/div>\n<\/div>\n<\/div>\n<\/section>\n<section class=\"elementor-section elementor-top-section elementor-element elementor-element-0c5ab6b elementor-section-height-min-height elementor-section-items-top elementor-section-boxed elementor-section-height-default exad-glass-effect-no exad-sticky-section-no\" data-id=\"0c5ab6b\" data-element_type=\"section\" data-settings=\"{&quot;background_background&quot;:&quot;classic&quot;}\">\n<div class=\"elementor-container elementor-column-gap-default\">\n<div class=\"elementor-column elementor-col-100 elementor-top-column elementor-element elementor-element-5af16b2 exad-glass-effect-no exad-sticky-section-no\" data-id=\"5af16b2\" data-element_type=\"column\">\n<div class=\"elementor-widget-wrap elementor-element-populated\">\n<div class=\"elementor-element elementor-element-4d79a10 elementor-hidden-desktop exad-sticky-section-no exad-glass-effect-no elementor-widget elementor-widget-image\" data-id=\"4d79a10\" data-element_type=\"widget\" data-widget_type=\"image.default\">\n<div class=\"elementor-widget-container\"><\/div>\n<\/div>\n<section class=\"elementor-section elementor-inner-section elementor-element elementor-element-77d53e3 elementor-section-height-min-height elementor-section-boxed elementor-section-height-default exad-glass-effect-no exad-sticky-section-no\" data-id=\"77d53e3\" data-element_type=\"section\" data-settings=\"{&quot;background_background&quot;:&quot;classic&quot;}\">\n<div class=\"elementor-container elementor-column-gap-no\">\n<div class=\"elementor-column elementor-col-50 elementor-inner-column elementor-element elementor-element-8a77245 exad-glass-effect-no exad-sticky-section-no\" data-id=\"8a77245\" data-element_type=\"column\" data-settings=\"{&quot;background_background&quot;:&quot;classic&quot;}\">\n<div class=\"elementor-widget-wrap elementor-element-populated\">\n<div class=\"elementor-element elementor-element-27aadab exad-sticky-section-no exad-glass-effect-no elementor-widget elementor-widget-image\" data-id=\"27aadab\" data-element_type=\"widget\" data-widget_type=\"image.default\">\n<div class=\"elementor-widget-container\"><\/div>\n<\/div>\n<\/div>\n<\/div>\n<div class=\"elementor-column elementor-col-50 elementor-inner-column elementor-element elementor-element-95dfcc0 exad-glass-effect-no exad-sticky-section-no\" data-id=\"95dfcc0\" data-element_type=\"column\" data-settings=\"{&quot;background_background&quot;:&quot;classic&quot;}\">\n<div class=\"elementor-widget-wrap elementor-element-populated\">\n<div class=\"elementor-element elementor-element-23ecaa9 elementor-widget__width-initial exad-sticky-section-no exad-glass-effect-no elementor-widget elementor-widget-text-editor\" data-id=\"23ecaa9\" data-element_type=\"widget\" data-widget_type=\"text-editor.default\">\n<div class=\"elementor-widget-container\">\n<p>Conhe\u00e7a a \u00edntegra do estudo\u00a0<a href=\"https:\/\/bd.camara.leg.br\/bd\/bitstreams\/12e8e06e-df3d-4268-84fc-83ab3ebed236\/download\" target=\"_blank\" rel=\"noopener\">\u201c<b>Plano Nacional de Educa\u00e7\u00e3o: subs\u00eddios para an\u00e1lise do Projeto de Lei n\u00ba 2.614\/2024\u201d<\/b><\/a>, de autoria dos consultores Ana Valeska Amaral Gomes, C\u00edntia Mariane da Silva, Jefferson Ricardo Ferreira Chaves, Dhyego Marcus Cruz e Silva, Carolina Cezar Ribeiro Galv\u00e3o Diniz, B\u00e1rbara Aguiar Lopes, Ricardo Chaves de Rezende Martins, Alisson Minduri Capuzzo, Renato de Sousa Porto Gilioli, Paulo de Sena Martins, Marina Meira de Oliveira e Jos\u00e9 Roberto de Souza Santos<\/p>\n<\/div>\n<\/div>\n<\/div>\n<\/div>\n<\/div>\n<\/section>\n<section class=\"elementor-section elementor-inner-section elementor-element elementor-element-846a55c elementor-section-height-min-height elementor-section-boxed elementor-section-height-default exad-glass-effect-no exad-sticky-section-no\" data-id=\"846a55c\" data-element_type=\"section\" data-settings=\"{&quot;background_background&quot;:&quot;classic&quot;}\">\n<div class=\"elementor-container elementor-column-gap-no\">\n<div class=\"elementor-column elementor-col-50 elementor-inner-column elementor-element elementor-element-e199cf4 exad-glass-effect-no exad-sticky-section-no\" data-id=\"e199cf4\" data-element_type=\"column\" data-settings=\"{&quot;background_background&quot;:&quot;classic&quot;}\">\n<div class=\"elementor-widget-wrap elementor-element-populated\">\n<div class=\"elementor-element elementor-element-b07b47a exad-sticky-section-no exad-glass-effect-no elementor-widget elementor-widget-image\" data-id=\"b07b47a\" data-element_type=\"widget\" data-widget_type=\"image.default\">\n<div class=\"elementor-widget-container\"><img loading=\"lazy\" decoding=\"async\" class=\"attachment-large size-large wp-image-23903\" src=\"https:\/\/infograficos.camara.leg.br\/wp-content\/uploads\/2025\/05\/play.png\" alt=\"\" width=\"97\" height=\"90\" \/><\/div>\n<\/div>\n<\/div>\n<\/div>\n<div class=\"elementor-column elementor-col-50 elementor-inner-column elementor-element elementor-element-4c52ea3 exad-glass-effect-no exad-sticky-section-no\" data-id=\"4c52ea3\" data-element_type=\"column\" data-settings=\"{&quot;background_background&quot;:&quot;classic&quot;}\">\n<div class=\"elementor-widget-wrap elementor-element-populated\">\n<div class=\"elementor-element elementor-element-9621ced elementor-widget__width-initial exad-sticky-section-no exad-glass-effect-no elementor-widget elementor-widget-text-editor\" data-id=\"9621ced\" data-element_type=\"widget\" data-widget_type=\"text-editor.default\">\n<div class=\"elementor-widget-container\">\n<p><a href=\"https:\/\/youtube.com\/live\/HDieJPDNJDc?feature=share\" target=\"_blank\" rel=\"noopener\"><b>Assista ao programa Bora Entender<\/b><\/a>, da TV C\u00e2mara, que abordou o PNE, com a participa\u00e7\u00e3o dos consultores legislativos Paulo de Sena, Jefferson Chaves e Jos\u00e9 Roberto Santos.<\/p>\n<\/div>\n<\/div>\n<\/div>\n<\/div>\n<\/div>\n<\/section>\n<\/div>\n<\/div>\n<\/div>\n<\/section>\n","protected":false},"excerpt":{"rendered":"<p>O novo Plano Nacional de Educa\u00e7\u00e3o (PNE), aprovado pelo Congresso Nacional, entra em vigor com 19 objetivos, 73 metas e 372 estrat\u00e9gias que dever\u00e3o nortear as pol\u00edticas educacionais nos pr\u00f3ximos dez anos. Conhe\u00e7a os principais pontos da lei, que pretende garantir o direito \u00e0 educa\u00e7\u00e3o a todos os estudantes Objetivos do PNE 2026-2036 Educa\u00e7\u00e3o infantil [&hellip;]<\/p>\n","protected":false},"author":3,"featured_media":13025,"comment_status":"open","ping_status":"open","sticky":false,"template":"","format":"standard","meta":{"om_disable_all_campaigns":false,"_monsterinsights_skip_tracking":false,"_monsterinsights_sitenote_active":false,"_monsterinsights_sitenote_note":"","_monsterinsights_sitenote_category":0,"footnotes":""},"categories":[52],"tags":[],"class_list":["post-13024","post","type-post","status-publish","format-standard","has-post-thumbnail","hentry","category-economia"],"yoast_head":"<!-- This site is optimized with the Yoast SEO Premium plugin v21.9 (Yoast SEO v26.6) - https:\/\/yoast.com\/wordpress\/plugins\/seo\/ -->\n<title>PNE 2026-2036 - Portal Capixaba<\/title>\n<meta name=\"description\" content=\"O novo Plano Nacional de Educa\u00e7\u00e3o (PNE), aprovado pelo Congresso Nacional, entra em vigor com 19 objetivos, 73 metas e 372 estrat\u00e9gias que dever\u00e3o nortear as pol\u00edticas educacionais nos pr\u00f3ximos dez anos. Conhe\u00e7a os principais pontos da lei, que pretende garantir o direito \u00e0 educa\u00e7\u00e3o a todos os estudantes\" \/>\n<meta name=\"robots\" content=\"index, follow, max-snippet:-1, max-image-preview:large, max-video-preview:-1\" \/>\n<link rel=\"canonical\" href=\"https:\/\/portalcapixaba.com\/?p=13024\" \/>\n<meta property=\"og:locale\" content=\"pt_BR\" \/>\n<meta property=\"og:type\" content=\"article\" \/>\n<meta property=\"og:title\" content=\"PNE 2026-2036\" \/>\n<meta property=\"og:description\" content=\"O novo Plano Nacional de Educa\u00e7\u00e3o (PNE), aprovado pelo Congresso Nacional, entra em vigor com 19 objetivos, 73 metas e 372 estrat\u00e9gias que dever\u00e3o nortear as pol\u00edticas educacionais nos pr\u00f3ximos dez anos. Conhe\u00e7a os principais pontos da lei, que pretende garantir o direito \u00e0 educa\u00e7\u00e3o a todos os estudantes\" \/>\n<meta property=\"og:url\" content=\"https:\/\/portalcapixaba.com\/?p=13024\" \/>\n<meta property=\"og:site_name\" content=\"Portal Capixaba\" \/>\n<meta property=\"article:published_time\" content=\"2026-04-26T03:30:50+00:00\" \/>\n<meta property=\"article:modified_time\" content=\"2026-04-26T03:33:12+00:00\" \/>\n<meta property=\"og:image\" content=\"https:\/\/portalcapixaba.com\/wp-content\/uploads\/2026\/04\/pne-3-554x245-1.jpg\" \/>\n\t<meta property=\"og:image:width\" content=\"554\" \/>\n\t<meta property=\"og:image:height\" content=\"245\" \/>\n\t<meta property=\"og:image:type\" content=\"image\/jpeg\" \/>\n<meta name=\"author\" content=\"jane boldt\" \/>\n<meta name=\"twitter:card\" content=\"summary_large_image\" \/>\n<meta name=\"twitter:label1\" content=\"Escrito por\" \/>\n\t<meta name=\"twitter:data1\" content=\"jane boldt\" \/>\n\t<meta name=\"twitter:label2\" content=\"Est. tempo de leitura\" \/>\n\t<meta name=\"twitter:data2\" content=\"5 minutos\" \/>\n<script type=\"application\/ld+json\" class=\"yoast-schema-graph\">{\"@context\":\"https:\/\/schema.org\",\"@graph\":[{\"@type\":\"WebPage\",\"@id\":\"https:\/\/portalcapixaba.com\/?p=13024\",\"url\":\"https:\/\/portalcapixaba.com\/?p=13024\",\"name\":\"PNE 2026-2036 - Portal Capixaba\",\"isPartOf\":{\"@id\":\"https:\/\/portalcapixaba.com\/#website\"},\"primaryImageOfPage\":{\"@id\":\"https:\/\/portalcapixaba.com\/?p=13024#primaryimage\"},\"image\":{\"@id\":\"https:\/\/portalcapixaba.com\/?p=13024#primaryimage\"},\"thumbnailUrl\":\"https:\/\/portalcapixaba.com\/wp-content\/uploads\/2026\/04\/pne-3-554x245-1.jpg\",\"datePublished\":\"2026-04-26T03:30:50+00:00\",\"dateModified\":\"2026-04-26T03:33:12+00:00\",\"author\":{\"@id\":\"https:\/\/portalcapixaba.com\/#\/schema\/person\/bcd337770ede8facc9d17a424328bf4b\"},\"description\":\"O novo Plano Nacional de Educa\u00e7\u00e3o (PNE), aprovado pelo Congresso Nacional, entra em vigor com 19 objetivos, 73 metas e 372 estrat\u00e9gias que dever\u00e3o nortear as pol\u00edticas educacionais nos pr\u00f3ximos dez anos. Conhe\u00e7a os principais pontos da lei, que pretende garantir o direito \u00e0 educa\u00e7\u00e3o a todos os estudantes\",\"breadcrumb\":{\"@id\":\"https:\/\/portalcapixaba.com\/?p=13024#breadcrumb\"},\"inLanguage\":\"pt-BR\",\"potentialAction\":[{\"@type\":\"ReadAction\",\"target\":[\"https:\/\/portalcapixaba.com\/?p=13024\"]}]},{\"@type\":\"ImageObject\",\"inLanguage\":\"pt-BR\",\"@id\":\"https:\/\/portalcapixaba.com\/?p=13024#primaryimage\",\"url\":\"https:\/\/portalcapixaba.com\/wp-content\/uploads\/2026\/04\/pne-3-554x245-1.jpg\",\"contentUrl\":\"https:\/\/portalcapixaba.com\/wp-content\/uploads\/2026\/04\/pne-3-554x245-1.jpg\",\"width\":554,\"height\":245},{\"@type\":\"BreadcrumbList\",\"@id\":\"https:\/\/portalcapixaba.com\/?p=13024#breadcrumb\",\"itemListElement\":[{\"@type\":\"ListItem\",\"position\":1,\"name\":\"Home\",\"item\":\"https:\/\/portalcapixaba.com\/\"},{\"@type\":\"ListItem\",\"position\":2,\"name\":\"PNE 2026-2036\"}]},{\"@type\":\"WebSite\",\"@id\":\"https:\/\/portalcapixaba.com\/#website\",\"url\":\"https:\/\/portalcapixaba.com\/\",\"name\":\"Portal Capixaba\",\"description\":\"\",\"potentialAction\":[{\"@type\":\"SearchAction\",\"target\":{\"@type\":\"EntryPoint\",\"urlTemplate\":\"https:\/\/portalcapixaba.com\/?s={search_term_string}\"},\"query-input\":{\"@type\":\"PropertyValueSpecification\",\"valueRequired\":true,\"valueName\":\"search_term_string\"}}],\"inLanguage\":\"pt-BR\"},{\"@type\":\"Person\",\"@id\":\"https:\/\/portalcapixaba.com\/#\/schema\/person\/bcd337770ede8facc9d17a424328bf4b\",\"name\":\"jane boldt\",\"image\":{\"@type\":\"ImageObject\",\"inLanguage\":\"pt-BR\",\"@id\":\"https:\/\/portalcapixaba.com\/#\/schema\/person\/image\/\",\"url\":\"https:\/\/secure.gravatar.com\/avatar\/0c30036a196ee4fe42305219849d553f713d275a5d9eddafc5bc93dc51582d78?s=96&d=mm&r=g\",\"contentUrl\":\"https:\/\/secure.gravatar.com\/avatar\/0c30036a196ee4fe42305219849d553f713d275a5d9eddafc5bc93dc51582d78?s=96&d=mm&r=g\",\"caption\":\"jane boldt\"},\"sameAs\":[\"http:\/\/portalcapixaba.com.br\"],\"url\":\"https:\/\/portalcapixaba.com\/?author=3\"}]}<\/script>\n<!-- \/ Yoast SEO Premium plugin. -->","yoast_head_json":{"title":"PNE 2026-2036 - Portal Capixaba","description":"O novo Plano Nacional de Educa\u00e7\u00e3o (PNE), aprovado pelo Congresso Nacional, entra em vigor com 19 objetivos, 73 metas e 372 estrat\u00e9gias que dever\u00e3o nortear as pol\u00edticas educacionais nos pr\u00f3ximos dez anos. Conhe\u00e7a os principais pontos da lei, que pretende garantir o direito \u00e0 educa\u00e7\u00e3o a todos os estudantes","robots":{"index":"index","follow":"follow","max-snippet":"max-snippet:-1","max-image-preview":"max-image-preview:large","max-video-preview":"max-video-preview:-1"},"canonical":"https:\/\/portalcapixaba.com\/?p=13024","og_locale":"pt_BR","og_type":"article","og_title":"PNE 2026-2036","og_description":"O novo Plano Nacional de Educa\u00e7\u00e3o (PNE), aprovado pelo Congresso Nacional, entra em vigor com 19 objetivos, 73 metas e 372 estrat\u00e9gias que dever\u00e3o nortear as pol\u00edticas educacionais nos pr\u00f3ximos dez anos. Conhe\u00e7a os principais pontos da lei, que pretende garantir o direito \u00e0 educa\u00e7\u00e3o a todos os estudantes","og_url":"https:\/\/portalcapixaba.com\/?p=13024","og_site_name":"Portal Capixaba","article_published_time":"2026-04-26T03:30:50+00:00","article_modified_time":"2026-04-26T03:33:12+00:00","og_image":[{"width":554,"height":245,"url":"https:\/\/portalcapixaba.com\/wp-content\/uploads\/2026\/04\/pne-3-554x245-1.jpg","type":"image\/jpeg"}],"author":"jane boldt","twitter_card":"summary_large_image","twitter_misc":{"Escrito por":"jane boldt","Est. tempo de leitura":"5 minutos"},"schema":{"@context":"https:\/\/schema.org","@graph":[{"@type":"WebPage","@id":"https:\/\/portalcapixaba.com\/?p=13024","url":"https:\/\/portalcapixaba.com\/?p=13024","name":"PNE 2026-2036 - Portal Capixaba","isPartOf":{"@id":"https:\/\/portalcapixaba.com\/#website"},"primaryImageOfPage":{"@id":"https:\/\/portalcapixaba.com\/?p=13024#primaryimage"},"image":{"@id":"https:\/\/portalcapixaba.com\/?p=13024#primaryimage"},"thumbnailUrl":"https:\/\/portalcapixaba.com\/wp-content\/uploads\/2026\/04\/pne-3-554x245-1.jpg","datePublished":"2026-04-26T03:30:50+00:00","dateModified":"2026-04-26T03:33:12+00:00","author":{"@id":"https:\/\/portalcapixaba.com\/#\/schema\/person\/bcd337770ede8facc9d17a424328bf4b"},"description":"O novo Plano Nacional de Educa\u00e7\u00e3o (PNE), aprovado pelo Congresso Nacional, entra em vigor com 19 objetivos, 73 metas e 372 estrat\u00e9gias que dever\u00e3o nortear as pol\u00edticas educacionais nos pr\u00f3ximos dez anos. Conhe\u00e7a os principais pontos da lei, que pretende garantir o direito \u00e0 educa\u00e7\u00e3o a todos os estudantes","breadcrumb":{"@id":"https:\/\/portalcapixaba.com\/?p=13024#breadcrumb"},"inLanguage":"pt-BR","potentialAction":[{"@type":"ReadAction","target":["https:\/\/portalcapixaba.com\/?p=13024"]}]},{"@type":"ImageObject","inLanguage":"pt-BR","@id":"https:\/\/portalcapixaba.com\/?p=13024#primaryimage","url":"https:\/\/portalcapixaba.com\/wp-content\/uploads\/2026\/04\/pne-3-554x245-1.jpg","contentUrl":"https:\/\/portalcapixaba.com\/wp-content\/uploads\/2026\/04\/pne-3-554x245-1.jpg","width":554,"height":245},{"@type":"BreadcrumbList","@id":"https:\/\/portalcapixaba.com\/?p=13024#breadcrumb","itemListElement":[{"@type":"ListItem","position":1,"name":"Home","item":"https:\/\/portalcapixaba.com\/"},{"@type":"ListItem","position":2,"name":"PNE 2026-2036"}]},{"@type":"WebSite","@id":"https:\/\/portalcapixaba.com\/#website","url":"https:\/\/portalcapixaba.com\/","name":"Portal Capixaba","description":"","potentialAction":[{"@type":"SearchAction","target":{"@type":"EntryPoint","urlTemplate":"https:\/\/portalcapixaba.com\/?s={search_term_string}"},"query-input":{"@type":"PropertyValueSpecification","valueRequired":true,"valueName":"search_term_string"}}],"inLanguage":"pt-BR"},{"@type":"Person","@id":"https:\/\/portalcapixaba.com\/#\/schema\/person\/bcd337770ede8facc9d17a424328bf4b","name":"jane boldt","image":{"@type":"ImageObject","inLanguage":"pt-BR","@id":"https:\/\/portalcapixaba.com\/#\/schema\/person\/image\/","url":"https:\/\/secure.gravatar.com\/avatar\/0c30036a196ee4fe42305219849d553f713d275a5d9eddafc5bc93dc51582d78?s=96&d=mm&r=g","contentUrl":"https:\/\/secure.gravatar.com\/avatar\/0c30036a196ee4fe42305219849d553f713d275a5d9eddafc5bc93dc51582d78?s=96&d=mm&r=g","caption":"jane boldt"},"sameAs":["http:\/\/portalcapixaba.com.br"],"url":"https:\/\/portalcapixaba.com\/?author=3"}]}},"_links":{"self":[{"href":"https:\/\/portalcapixaba.com\/index.php?rest_route=\/wp\/v2\/posts\/13024","targetHints":{"allow":["GET"]}}],"collection":[{"href":"https:\/\/portalcapixaba.com\/index.php?rest_route=\/wp\/v2\/posts"}],"about":[{"href":"https:\/\/portalcapixaba.com\/index.php?rest_route=\/wp\/v2\/types\/post"}],"author":[{"embeddable":true,"href":"https:\/\/portalcapixaba.com\/index.php?rest_route=\/wp\/v2\/users\/3"}],"replies":[{"embeddable":true,"href":"https:\/\/portalcapixaba.com\/index.php?rest_route=%2Fwp%2Fv2%2Fcomments&post=13024"}],"version-history":[{"count":1,"href":"https:\/\/portalcapixaba.com\/index.php?rest_route=\/wp\/v2\/posts\/13024\/revisions"}],"predecessor-version":[{"id":13026,"href":"https:\/\/portalcapixaba.com\/index.php?rest_route=\/wp\/v2\/posts\/13024\/revisions\/13026"}],"wp:featuredmedia":[{"embeddable":true,"href":"https:\/\/portalcapixaba.com\/index.php?rest_route=\/wp\/v2\/media\/13025"}],"wp:attachment":[{"href":"https:\/\/portalcapixaba.com\/index.php?rest_route=%2Fwp%2Fv2%2Fmedia&parent=13024"}],"wp:term":[{"taxonomy":"category","embeddable":true,"href":"https:\/\/portalcapixaba.com\/index.php?rest_route=%2Fwp%2Fv2%2Fcategories&post=13024"},{"taxonomy":"post_tag","embeddable":true,"href":"https:\/\/portalcapixaba.com\/index.php?rest_route=%2Fwp%2Fv2%2Ftags&post=13024"}],"curies":[{"name":"wp","href":"https:\/\/api.w.org\/{rel}","templated":true}]}}