{"id":13039,"date":"2026-04-27T07:53:12","date_gmt":"2026-04-27T10:53:12","guid":{"rendered":"https:\/\/portalcapixaba.com\/?p=13039"},"modified":"2026-04-27T07:53:12","modified_gmt":"2026-04-27T10:53:12","slug":"manha-de-domingo-na-nova-orla-e-marcada-por-caminhada-contra-o-feminicidio","status":"publish","type":"post","link":"https:\/\/portalcapixaba.com\/?p=13039","title":{"rendered":"Manh\u00e3 de domingo na Nova Orla \u00e9 marcada por caminhada contra o feminic\u00eddio"},"content":{"rendered":"<h4>O evento foi realizado pela Ordem dos Advogados do Brasil (OAB), subse\u00e7\u00e3o do Esp\u00edrito Santo, com o apoio da Prefeitura de Cariacica.<\/h4>\n<p>A manh\u00e3 deste domingo (26) foi marcada por um ato de conscientiza\u00e7\u00e3o e resist\u00eancia na Nova Orla de Cariacica. A caminhada contra o feminic\u00eddio, iniciada \u00e0s 8 horas, reuniu moradores e autoridades em uma mobiliza\u00e7\u00e3o pelo fim da viol\u00eancia contra a mulher. O evento foi realizado pela Ordem dos Advogados do Brasil (OAB), subse\u00e7\u00e3o do Esp\u00edrito Santo, com o apoio da Prefeitura de Cariacica.<\/p>\n<p>Durante todo o percurso, as equipes distribu\u00edram materiais informativos focados na preven\u00e7\u00e3o. Os panfletos continham orienta\u00e7\u00f5es sobre como identificar os tipos de viol\u00eancia e, principalmente, os canais oficiais de den\u00fancia para auxiliar v\u00edtimas e testemunhas.<\/p>\n<p>Para os participantes, o evento representou uma oportunidade necess\u00e1ria de di\u00e1logo e uni\u00e3o. Maria de Lourdes, de 67 anos, destacou a import\u00e2ncia do respeito e da autovaloriza\u00e7\u00e3o feminina.<\/p>\n<figure class=\"captionjs default\"><img decoding=\"async\" src=\"https:\/\/cariacica.es.gov.br\/uploads\/files\/fotos\/whatsapp-image-2026-04-26-at-14-03-53-1.jpeg\" alt=\"\" \/><\/figure>\n<p>&#8220;N\u00e3o podemos aceitar que alguns homens nos tratem como se f\u00f4ssemos uma qualquer&#8221;. O sentimento de urg\u00eancia no combate ao crime foi compartilhado pela aut\u00f4noma Luciene Gabriel Gon\u00e7alves, de 38 anos.<\/p>\n<figure class=\"captionjs default\"><img decoding=\"async\" src=\"https:\/\/cariacica.es.gov.br\/uploads\/files\/fotos\/whatsapp-image-2026-04-26-at-14-03-53.jpeg\" alt=\"\" \/><\/figure>\n<p>&#8220;Para mim essa caminhada \u00e9 muito importante porque eu sou contra o feminic\u00eddio e d\u00f3i em mim ver mulheres sendo mortas e ver como que a sociedade em si est\u00e1 doente&#8221;, finalizou.<\/p>\n","protected":false},"excerpt":{"rendered":"<p>O evento foi realizado pela Ordem dos Advogados do Brasil (OAB), subse\u00e7\u00e3o do Esp\u00edrito Santo, com o apoio da Prefeitura de Cariacica. A manh\u00e3 deste domingo (26) foi marcada por um ato de conscientiza\u00e7\u00e3o e resist\u00eancia na Nova Orla de Cariacica. A caminhada contra o feminic\u00eddio, iniciada \u00e0s 8 horas, reuniu moradores e autoridades em [&hellip;]<\/p>\n","protected":false},"author":3,"featured_media":13040,"comment_status":"open","ping_status":"open","sticky":false,"template":"","format":"standard","meta":{"om_disable_all_campaigns":false,"_monsterinsights_skip_tracking":false,"_monsterinsights_sitenote_active":false,"_monsterinsights_sitenote_note":"","_monsterinsights_sitenote_category":0,"footnotes":""},"categories":[50],"tags":[],"class_list":["post-13039","post","type-post","status-publish","format-standard","has-post-thumbnail","hentry","category-politica"],"yoast_head":"<!-- This site is optimized with the Yoast SEO Premium plugin v21.9 (Yoast SEO v26.6) - https:\/\/yoast.com\/wordpress\/plugins\/seo\/ -->\n<title>Manh\u00e3 de domingo na Nova Orla \u00e9 marcada por caminhada contra o feminic\u00eddio - Portal Capixaba<\/title>\n<meta name=\"description\" content=\"A manh\u00e3 deste domingo (26) foi marcada por um ato de conscientiza\u00e7\u00e3o e resist\u00eancia na Nova Orla de Cariacica. A caminhada contra o feminic\u00eddio, iniciada \u00e0s 8 horas, reuniu moradores e autoridades em uma mobiliza\u00e7\u00e3o pelo fim da viol\u00eancia contra a mulher. O evento foi realizado pela Ordem dos Advogados do Brasil (OAB)\" \/>\n<meta name=\"robots\" content=\"index, follow, max-snippet:-1, max-image-preview:large, max-video-preview:-1\" \/>\n<link rel=\"canonical\" href=\"https:\/\/portalcapixaba.com\/?p=13039\" \/>\n<meta property=\"og:locale\" content=\"pt_BR\" \/>\n<meta property=\"og:type\" content=\"article\" \/>\n<meta property=\"og:title\" content=\"Manh\u00e3 de domingo na Nova Orla \u00e9 marcada por caminhada contra o feminic\u00eddio\" \/>\n<meta property=\"og:description\" content=\"A manh\u00e3 deste domingo (26) foi marcada por um ato de conscientiza\u00e7\u00e3o e resist\u00eancia na Nova Orla de Cariacica. A caminhada contra o feminic\u00eddio, iniciada \u00e0s 8 horas, reuniu moradores e autoridades em uma mobiliza\u00e7\u00e3o pelo fim da viol\u00eancia contra a mulher. O evento foi realizado pela Ordem dos Advogados do Brasil (OAB)\" \/>\n<meta property=\"og:url\" content=\"https:\/\/portalcapixaba.com\/?p=13039\" \/>\n<meta property=\"og:site_name\" content=\"Portal Capixaba\" \/>\n<meta property=\"article:published_time\" content=\"2026-04-27T10:53:12+00:00\" \/>\n<meta property=\"og:image\" content=\"https:\/\/portalcapixaba.com\/wp-content\/uploads\/2026\/04\/whatsapp-image-2026-04-26-at-14-03-53-3.jpeg\" \/>\n\t<meta property=\"og:image:width\" content=\"1280\" \/>\n\t<meta property=\"og:image:height\" content=\"960\" \/>\n\t<meta property=\"og:image:type\" content=\"image\/jpeg\" \/>\n<meta name=\"author\" content=\"jane boldt\" \/>\n<meta name=\"twitter:card\" content=\"summary_large_image\" \/>\n<meta name=\"twitter:label1\" content=\"Escrito por\" \/>\n\t<meta name=\"twitter:data1\" content=\"jane boldt\" \/>\n\t<meta name=\"twitter:label2\" content=\"Est. tempo de leitura\" \/>\n\t<meta name=\"twitter:data2\" content=\"2 minutos\" \/>\n<script type=\"application\/ld+json\" class=\"yoast-schema-graph\">{\"@context\":\"https:\/\/schema.org\",\"@graph\":[{\"@type\":\"WebPage\",\"@id\":\"https:\/\/portalcapixaba.com\/?p=13039\",\"url\":\"https:\/\/portalcapixaba.com\/?p=13039\",\"name\":\"Manh\u00e3 de domingo na Nova Orla \u00e9 marcada por caminhada contra o feminic\u00eddio - Portal Capixaba\",\"isPartOf\":{\"@id\":\"https:\/\/portalcapixaba.com\/#website\"},\"primaryImageOfPage\":{\"@id\":\"https:\/\/portalcapixaba.com\/?p=13039#primaryimage\"},\"image\":{\"@id\":\"https:\/\/portalcapixaba.com\/?p=13039#primaryimage\"},\"thumbnailUrl\":\"https:\/\/portalcapixaba.com\/wp-content\/uploads\/2026\/04\/whatsapp-image-2026-04-26-at-14-03-53-3.jpeg\",\"datePublished\":\"2026-04-27T10:53:12+00:00\",\"author\":{\"@id\":\"https:\/\/portalcapixaba.com\/#\/schema\/person\/bcd337770ede8facc9d17a424328bf4b\"},\"description\":\"A manh\u00e3 deste domingo (26) foi marcada por um ato de conscientiza\u00e7\u00e3o e resist\u00eancia na Nova Orla de Cariacica. A caminhada contra o feminic\u00eddio, iniciada \u00e0s 8 horas, reuniu moradores e autoridades em uma mobiliza\u00e7\u00e3o pelo fim da viol\u00eancia contra a mulher. O evento foi realizado pela Ordem dos Advogados do Brasil (OAB)\",\"breadcrumb\":{\"@id\":\"https:\/\/portalcapixaba.com\/?p=13039#breadcrumb\"},\"inLanguage\":\"pt-BR\",\"potentialAction\":[{\"@type\":\"ReadAction\",\"target\":[\"https:\/\/portalcapixaba.com\/?p=13039\"]}]},{\"@type\":\"ImageObject\",\"inLanguage\":\"pt-BR\",\"@id\":\"https:\/\/portalcapixaba.com\/?p=13039#primaryimage\",\"url\":\"https:\/\/portalcapixaba.com\/wp-content\/uploads\/2026\/04\/whatsapp-image-2026-04-26-at-14-03-53-3.jpeg\",\"contentUrl\":\"https:\/\/portalcapixaba.com\/wp-content\/uploads\/2026\/04\/whatsapp-image-2026-04-26-at-14-03-53-3.jpeg\",\"width\":1280,\"height\":960},{\"@type\":\"BreadcrumbList\",\"@id\":\"https:\/\/portalcapixaba.com\/?p=13039#breadcrumb\",\"itemListElement\":[{\"@type\":\"ListItem\",\"position\":1,\"name\":\"Home\",\"item\":\"https:\/\/portalcapixaba.com\/\"},{\"@type\":\"ListItem\",\"position\":2,\"name\":\"Manh\u00e3 de domingo na Nova Orla \u00e9 marcada por caminhada contra o feminic\u00eddio\"}]},{\"@type\":\"WebSite\",\"@id\":\"https:\/\/portalcapixaba.com\/#website\",\"url\":\"https:\/\/portalcapixaba.com\/\",\"name\":\"Portal Capixaba\",\"description\":\"\",\"potentialAction\":[{\"@type\":\"SearchAction\",\"target\":{\"@type\":\"EntryPoint\",\"urlTemplate\":\"https:\/\/portalcapixaba.com\/?s={search_term_string}\"},\"query-input\":{\"@type\":\"PropertyValueSpecification\",\"valueRequired\":true,\"valueName\":\"search_term_string\"}}],\"inLanguage\":\"pt-BR\"},{\"@type\":\"Person\",\"@id\":\"https:\/\/portalcapixaba.com\/#\/schema\/person\/bcd337770ede8facc9d17a424328bf4b\",\"name\":\"jane boldt\",\"image\":{\"@type\":\"ImageObject\",\"inLanguage\":\"pt-BR\",\"@id\":\"https:\/\/portalcapixaba.com\/#\/schema\/person\/image\/\",\"url\":\"https:\/\/secure.gravatar.com\/avatar\/0c30036a196ee4fe42305219849d553f713d275a5d9eddafc5bc93dc51582d78?s=96&d=mm&r=g\",\"contentUrl\":\"https:\/\/secure.gravatar.com\/avatar\/0c30036a196ee4fe42305219849d553f713d275a5d9eddafc5bc93dc51582d78?s=96&d=mm&r=g\",\"caption\":\"jane boldt\"},\"sameAs\":[\"http:\/\/portalcapixaba.com.br\"],\"url\":\"https:\/\/portalcapixaba.com\/?author=3\"}]}<\/script>\n<!-- \/ Yoast SEO Premium plugin. -->","yoast_head_json":{"title":"Manh\u00e3 de domingo na Nova Orla \u00e9 marcada por caminhada contra o feminic\u00eddio - Portal Capixaba","description":"A manh\u00e3 deste domingo (26) foi marcada por um ato de conscientiza\u00e7\u00e3o e resist\u00eancia na Nova Orla de Cariacica. A caminhada contra o feminic\u00eddio, iniciada \u00e0s 8 horas, reuniu moradores e autoridades em uma mobiliza\u00e7\u00e3o pelo fim da viol\u00eancia contra a mulher. O evento foi realizado pela Ordem dos Advogados do Brasil (OAB)","robots":{"index":"index","follow":"follow","max-snippet":"max-snippet:-1","max-image-preview":"max-image-preview:large","max-video-preview":"max-video-preview:-1"},"canonical":"https:\/\/portalcapixaba.com\/?p=13039","og_locale":"pt_BR","og_type":"article","og_title":"Manh\u00e3 de domingo na Nova Orla \u00e9 marcada por caminhada contra o feminic\u00eddio","og_description":"A manh\u00e3 deste domingo (26) foi marcada por um ato de conscientiza\u00e7\u00e3o e resist\u00eancia na Nova Orla de Cariacica. A caminhada contra o feminic\u00eddio, iniciada \u00e0s 8 horas, reuniu moradores e autoridades em uma mobiliza\u00e7\u00e3o pelo fim da viol\u00eancia contra a mulher. O evento foi realizado pela Ordem dos Advogados do Brasil (OAB)","og_url":"https:\/\/portalcapixaba.com\/?p=13039","og_site_name":"Portal Capixaba","article_published_time":"2026-04-27T10:53:12+00:00","og_image":[{"width":1280,"height":960,"url":"https:\/\/portalcapixaba.com\/wp-content\/uploads\/2026\/04\/whatsapp-image-2026-04-26-at-14-03-53-3.jpeg","type":"image\/jpeg"}],"author":"jane boldt","twitter_card":"summary_large_image","twitter_misc":{"Escrito por":"jane boldt","Est. tempo de leitura":"2 minutos"},"schema":{"@context":"https:\/\/schema.org","@graph":[{"@type":"WebPage","@id":"https:\/\/portalcapixaba.com\/?p=13039","url":"https:\/\/portalcapixaba.com\/?p=13039","name":"Manh\u00e3 de domingo na Nova Orla \u00e9 marcada por caminhada contra o feminic\u00eddio - Portal Capixaba","isPartOf":{"@id":"https:\/\/portalcapixaba.com\/#website"},"primaryImageOfPage":{"@id":"https:\/\/portalcapixaba.com\/?p=13039#primaryimage"},"image":{"@id":"https:\/\/portalcapixaba.com\/?p=13039#primaryimage"},"thumbnailUrl":"https:\/\/portalcapixaba.com\/wp-content\/uploads\/2026\/04\/whatsapp-image-2026-04-26-at-14-03-53-3.jpeg","datePublished":"2026-04-27T10:53:12+00:00","author":{"@id":"https:\/\/portalcapixaba.com\/#\/schema\/person\/bcd337770ede8facc9d17a424328bf4b"},"description":"A manh\u00e3 deste domingo (26) foi marcada por um ato de conscientiza\u00e7\u00e3o e resist\u00eancia na Nova Orla de Cariacica. A caminhada contra o feminic\u00eddio, iniciada \u00e0s 8 horas, reuniu moradores e autoridades em uma mobiliza\u00e7\u00e3o pelo fim da viol\u00eancia contra a mulher. O evento foi realizado pela Ordem dos Advogados do Brasil (OAB)","breadcrumb":{"@id":"https:\/\/portalcapixaba.com\/?p=13039#breadcrumb"},"inLanguage":"pt-BR","potentialAction":[{"@type":"ReadAction","target":["https:\/\/portalcapixaba.com\/?p=13039"]}]},{"@type":"ImageObject","inLanguage":"pt-BR","@id":"https:\/\/portalcapixaba.com\/?p=13039#primaryimage","url":"https:\/\/portalcapixaba.com\/wp-content\/uploads\/2026\/04\/whatsapp-image-2026-04-26-at-14-03-53-3.jpeg","contentUrl":"https:\/\/portalcapixaba.com\/wp-content\/uploads\/2026\/04\/whatsapp-image-2026-04-26-at-14-03-53-3.jpeg","width":1280,"height":960},{"@type":"BreadcrumbList","@id":"https:\/\/portalcapixaba.com\/?p=13039#breadcrumb","itemListElement":[{"@type":"ListItem","position":1,"name":"Home","item":"https:\/\/portalcapixaba.com\/"},{"@type":"ListItem","position":2,"name":"Manh\u00e3 de domingo na Nova Orla \u00e9 marcada por caminhada contra o feminic\u00eddio"}]},{"@type":"WebSite","@id":"https:\/\/portalcapixaba.com\/#website","url":"https:\/\/portalcapixaba.com\/","name":"Portal Capixaba","description":"","potentialAction":[{"@type":"SearchAction","target":{"@type":"EntryPoint","urlTemplate":"https:\/\/portalcapixaba.com\/?s={search_term_string}"},"query-input":{"@type":"PropertyValueSpecification","valueRequired":true,"valueName":"search_term_string"}}],"inLanguage":"pt-BR"},{"@type":"Person","@id":"https:\/\/portalcapixaba.com\/#\/schema\/person\/bcd337770ede8facc9d17a424328bf4b","name":"jane boldt","image":{"@type":"ImageObject","inLanguage":"pt-BR","@id":"https:\/\/portalcapixaba.com\/#\/schema\/person\/image\/","url":"https:\/\/secure.gravatar.com\/avatar\/0c30036a196ee4fe42305219849d553f713d275a5d9eddafc5bc93dc51582d78?s=96&d=mm&r=g","contentUrl":"https:\/\/secure.gravatar.com\/avatar\/0c30036a196ee4fe42305219849d553f713d275a5d9eddafc5bc93dc51582d78?s=96&d=mm&r=g","caption":"jane boldt"},"sameAs":["http:\/\/portalcapixaba.com.br"],"url":"https:\/\/portalcapixaba.com\/?author=3"}]}},"_links":{"self":[{"href":"https:\/\/portalcapixaba.com\/index.php?rest_route=\/wp\/v2\/posts\/13039","targetHints":{"allow":["GET"]}}],"collection":[{"href":"https:\/\/portalcapixaba.com\/index.php?rest_route=\/wp\/v2\/posts"}],"about":[{"href":"https:\/\/portalcapixaba.com\/index.php?rest_route=\/wp\/v2\/types\/post"}],"author":[{"embeddable":true,"href":"https:\/\/portalcapixaba.com\/index.php?rest_route=\/wp\/v2\/users\/3"}],"replies":[{"embeddable":true,"href":"https:\/\/portalcapixaba.com\/index.php?rest_route=%2Fwp%2Fv2%2Fcomments&post=13039"}],"version-history":[{"count":1,"href":"https:\/\/portalcapixaba.com\/index.php?rest_route=\/wp\/v2\/posts\/13039\/revisions"}],"predecessor-version":[{"id":13041,"href":"https:\/\/portalcapixaba.com\/index.php?rest_route=\/wp\/v2\/posts\/13039\/revisions\/13041"}],"wp:featuredmedia":[{"embeddable":true,"href":"https:\/\/portalcapixaba.com\/index.php?rest_route=\/wp\/v2\/media\/13040"}],"wp:attachment":[{"href":"https:\/\/portalcapixaba.com\/index.php?rest_route=%2Fwp%2Fv2%2Fmedia&parent=13039"}],"wp:term":[{"taxonomy":"category","embeddable":true,"href":"https:\/\/portalcapixaba.com\/index.php?rest_route=%2Fwp%2Fv2%2Fcategories&post=13039"},{"taxonomy":"post_tag","embeddable":true,"href":"https:\/\/portalcapixaba.com\/index.php?rest_route=%2Fwp%2Fv2%2Ftags&post=13039"}],"curies":[{"name":"wp","href":"https:\/\/api.w.org\/{rel}","templated":true}]}}