{"id":13042,"date":"2026-04-27T07:54:54","date_gmt":"2026-04-27T10:54:54","guid":{"rendered":"https:\/\/portalcapixaba.com\/?p=13042"},"modified":"2026-04-27T07:54:54","modified_gmt":"2026-04-27T10:54:54","slug":"forca-pela-vida-detem-04-por-alcoolemia-em-blitze-nacional-da-lei-seca","status":"publish","type":"post","link":"https:\/\/portalcapixaba.com\/?p=13042","title":{"rendered":"For\u00e7a pela Vida det\u00e9m 04 por alcoolemia em blitze nacional da Lei Seca"},"content":{"rendered":"<p>A opera\u00e7\u00e3o integrada For\u00e7a pela Vida, com foco no combate ao uso de \u00e1lcool combinado com dire\u00e7\u00e3o, abordou 1.182 condutores na noite de sexta-feira (24), em Vit\u00f3ria, Vila Velha, Serra, Linhares, Viana e Anchieta. A opera\u00e7\u00e3o, coordenada pelo Departamento Estadual de Tr\u00e2nsito do Esp\u00edrito Santo (Detran|ES), faz parte da mobiliza\u00e7\u00e3o nacional de blitze com a tem\u00e1tica da Lei Seca, em atendimento ao que prev\u00ea o Plano Nacional de Redu\u00e7\u00e3o de Mortes e Les\u00f5es no Tr\u00e2nsito (Pnatrans).<\/p>\n<p>Durante as abordagens, 64 condutores se recusaram a fazer o teste do etil\u00f4metro (baf\u00f4metro) e foram autuados pela infra\u00e7\u00e3o prevista no artigo 165-A do C\u00f3digo de Tr\u00e2nsito Brasileiro (CTB), que prev\u00ea multa de R$ 2.934,70 e suspens\u00e3o do direito de dirigir por 12 meses.<\/p>\n<p>Quatro condutores foram autuados e detidos por crime previsto no artigo 306 do C\u00f3digo de Tr\u00e2nsito Brasileiro, que \u00e9 dirigir sob influ\u00eancia de \u00e1lcool ou outra subst\u00e2ncia psicoativa: dois no munic\u00edpio da Serra e dois em Vila Velha. Foram arbitradas fian\u00e7as com valores entre R$ 3.000,00 e R$ 8.500,00. Em dois dos casos, os valores n\u00e3o foram recolhidos, motivo pelo qual os autuados foram conduzidos e ficaram \u00e0 disposi\u00e7\u00e3o da Justi\u00e7a. Al\u00e9m disso, ainda foi registrado um Termo Circunstanciado de Ocorr\u00eancia (TCO) por posse e uso de subst\u00e2ncia entorpecente.<\/p>\n<p>Ao todo, os agentes de tr\u00e2nsito registraram 156 autos de infra\u00e7\u00e3o por condutas vedadas pela legisla\u00e7\u00e3o. Entre as principais infra\u00e7\u00f5es est\u00e3o: recusa ao teste do baf\u00f4metro (64), conduzir ve\u00edculo com licenciamento vencido (17), conduzir ve\u00edculo sem habilita\u00e7\u00e3o (11), permitir posse a condutor inabilitado (04) e dirigir ve\u00edculo sob influ\u00eancia de \u00e1lcool (04), entre outras. Um total de 12 ve\u00edculos foi removido para o p\u00e1tio por irregularidades.<\/p>\n<p>O diretor-geral do Detran|ES, Givaldo Vieira, ressaltou que o planejamento estrat\u00e9gico via Comit\u00ea Integrado de Preserva\u00e7\u00e3o da Vida \u00e9 a chave para o sucesso da a\u00e7\u00e3o. \u201cNosso objetivo \u00e9 tirar de circula\u00e7\u00e3o aqueles que colocam a vida de terceiros em risco. N\u00e3o estamos punindo o bom condutor, mas sim combatendo a irresponsabilidade nas vias capixabas\u201d, afirmou.<\/p>\n<p>O gerente de Fiscaliza\u00e7\u00e3o de Tr\u00e2nsito, Jederson Lobato, refor\u00e7ou que a integra\u00e7\u00e3o entre as pol\u00edcias e guardas municipais amplia o alcance da mensagem de seguran\u00e7a. \u201cA minoria que insiste em desrespeitar a lei tem ceifado vidas, e \u00e9 contra essa conduta que seguimos firmes\u201d, comentou.<\/p>\n<p>A opera\u00e7\u00e3o contou com a atua\u00e7\u00e3o de cerca de 103 agentes das institui\u00e7\u00f5es envolvidas. Al\u00e9m dos agentes de tr\u00e2nsito do Detran|ES, participaram da opera\u00e7\u00e3o efetivos da Pol\u00edcia Militar do Esp\u00edrito Santo (PMES), por meio do Batalh\u00e3o de Tr\u00e2nsito (BPTran); Pol\u00edcia Civil do Estado do Esp\u00edrito Santo (PCES), por meio da Delegacia de Delitos de Tr\u00e2nsito (DDT); Pol\u00edcia Cient\u00edfica do Esp\u00edrito Santo (PCIES); Pol\u00edcia Rodovi\u00e1ria Federal (PRF); Grupo T\u00e1tico Operacional de Vit\u00f3ria (GTO\/GCMV); Guarda Municipal de Vila Velha (GMVV); Guarda Civil Municipal e agentes de tr\u00e2nsito de Linhares (GCMS\/Detro); 12\u00ba Batalh\u00e3o da Pol\u00edcia Militar de Linhares; Departamento de Opera\u00e7\u00f5es de Tr\u00e2nsito da Serra (DOT); Guarda Municipal de Anchieta; Corpo de Bombeiros Militar do Esp\u00edrito Santo (CBMES); Companhia Estadual de Transportes Coletivos de Passageiros do Estado do Esp\u00edrito Santo (Ceturb-ES) e Servi\u00e7o de Atendimento M\u00f3vel de Urg\u00eancia (SAMU).<\/p>\n","protected":false},"excerpt":{"rendered":"<p>A opera\u00e7\u00e3o integrada For\u00e7a pela Vida, com foco no combate ao uso de \u00e1lcool combinado com dire\u00e7\u00e3o, abordou 1.182 condutores na noite de sexta-feira (24), em Vit\u00f3ria, Vila Velha, Serra, Linhares, Viana e Anchieta. A opera\u00e7\u00e3o, coordenada pelo Departamento Estadual de Tr\u00e2nsito do Esp\u00edrito Santo (Detran|ES), faz parte da mobiliza\u00e7\u00e3o nacional de blitze com a [&hellip;]<\/p>\n","protected":false},"author":3,"featured_media":13043,"comment_status":"open","ping_status":"open","sticky":false,"template":"","format":"standard","meta":{"om_disable_all_campaigns":false,"_monsterinsights_skip_tracking":false,"_monsterinsights_sitenote_active":false,"_monsterinsights_sitenote_note":"","_monsterinsights_sitenote_category":0,"footnotes":""},"categories":[49],"tags":[],"class_list":["post-13042","post","type-post","status-publish","format-standard","has-post-thumbnail","hentry","category-seguranca-publica"],"yoast_head":"<!-- This site is optimized with the Yoast SEO Premium plugin v21.9 (Yoast SEO v26.6) - https:\/\/yoast.com\/wordpress\/plugins\/seo\/ -->\n<title>For\u00e7a pela Vida det\u00e9m 04 por alcoolemia em blitze nacional da Lei Seca - Portal Capixaba<\/title>\n<meta name=\"description\" content=\"A opera\u00e7\u00e3o integrada For\u00e7a pela Vida, com foco no combate ao uso de \u00e1lcool combinado com dire\u00e7\u00e3o, abordou 1.182 condutores na noite de sexta-feira (24), em Vit\u00f3ria, Vila Velha, Serra, Linhares, Viana e Anchieta. A opera\u00e7\u00e3o, coordenada pelo Departamento Estadual de Tr\u00e2nsito do Esp\u00edrito Santo (Detran|ES), faz parte da mobiliza\u00e7\u00e3o nacional de blitze com a tem\u00e1tica da Lei Seca, em atendimento ao que prev\u00ea o Plano Nacional de Redu\u00e7\u00e3o de Mortes e Les\u00f5es no Tr\u00e2nsito (Pnatrans).\" \/>\n<meta name=\"robots\" content=\"index, follow, max-snippet:-1, max-image-preview:large, max-video-preview:-1\" \/>\n<link rel=\"canonical\" href=\"https:\/\/portalcapixaba.com\/?p=13042\" \/>\n<meta property=\"og:locale\" content=\"pt_BR\" \/>\n<meta property=\"og:type\" content=\"article\" \/>\n<meta property=\"og:title\" content=\"For\u00e7a pela Vida det\u00e9m 04 por alcoolemia em blitze nacional da Lei Seca\" \/>\n<meta property=\"og:description\" content=\"A opera\u00e7\u00e3o integrada For\u00e7a pela Vida, com foco no combate ao uso de \u00e1lcool combinado com dire\u00e7\u00e3o, abordou 1.182 condutores na noite de sexta-feira (24), em Vit\u00f3ria, Vila Velha, Serra, Linhares, Viana e Anchieta. A opera\u00e7\u00e3o, coordenada pelo Departamento Estadual de Tr\u00e2nsito do Esp\u00edrito Santo (Detran|ES), faz parte da mobiliza\u00e7\u00e3o nacional de blitze com a tem\u00e1tica da Lei Seca, em atendimento ao que prev\u00ea o Plano Nacional de Redu\u00e7\u00e3o de Mortes e Les\u00f5es no Tr\u00e2nsito (Pnatrans).\" \/>\n<meta property=\"og:url\" content=\"https:\/\/portalcapixaba.com\/?p=13042\" \/>\n<meta property=\"og:site_name\" content=\"Portal Capixaba\" \/>\n<meta property=\"article:published_time\" content=\"2026-04-27T10:54:54+00:00\" \/>\n<meta property=\"og:image\" content=\"https:\/\/portalcapixaba.com\/wp-content\/uploads\/2026\/04\/WhatsApp-Image-2026-04-25-at-13.00.35-1.jpeg\" \/>\n\t<meta property=\"og:image:width\" content=\"960\" \/>\n\t<meta property=\"og:image:height\" content=\"720\" \/>\n\t<meta property=\"og:image:type\" content=\"image\/jpeg\" \/>\n<meta name=\"author\" content=\"jane boldt\" \/>\n<meta name=\"twitter:card\" content=\"summary_large_image\" \/>\n<meta name=\"twitter:label1\" content=\"Escrito por\" \/>\n\t<meta name=\"twitter:data1\" content=\"jane boldt\" \/>\n\t<meta name=\"twitter:label2\" content=\"Est. tempo de leitura\" \/>\n\t<meta name=\"twitter:data2\" content=\"4 minutos\" \/>\n<script type=\"application\/ld+json\" class=\"yoast-schema-graph\">{\"@context\":\"https:\/\/schema.org\",\"@graph\":[{\"@type\":\"WebPage\",\"@id\":\"https:\/\/portalcapixaba.com\/?p=13042\",\"url\":\"https:\/\/portalcapixaba.com\/?p=13042\",\"name\":\"For\u00e7a pela Vida det\u00e9m 04 por alcoolemia em blitze nacional da Lei Seca - Portal Capixaba\",\"isPartOf\":{\"@id\":\"https:\/\/portalcapixaba.com\/#website\"},\"primaryImageOfPage\":{\"@id\":\"https:\/\/portalcapixaba.com\/?p=13042#primaryimage\"},\"image\":{\"@id\":\"https:\/\/portalcapixaba.com\/?p=13042#primaryimage\"},\"thumbnailUrl\":\"https:\/\/portalcapixaba.com\/wp-content\/uploads\/2026\/04\/WhatsApp-Image-2026-04-25-at-13.00.35-1.jpeg\",\"datePublished\":\"2026-04-27T10:54:54+00:00\",\"author\":{\"@id\":\"https:\/\/portalcapixaba.com\/#\/schema\/person\/bcd337770ede8facc9d17a424328bf4b\"},\"description\":\"A opera\u00e7\u00e3o integrada For\u00e7a pela Vida, com foco no combate ao uso de \u00e1lcool combinado com dire\u00e7\u00e3o, abordou 1.182 condutores na noite de sexta-feira (24), em Vit\u00f3ria, Vila Velha, Serra, Linhares, Viana e Anchieta. A opera\u00e7\u00e3o, coordenada pelo Departamento Estadual de Tr\u00e2nsito do Esp\u00edrito Santo (Detran|ES), faz parte da mobiliza\u00e7\u00e3o nacional de blitze com a tem\u00e1tica da Lei Seca, em atendimento ao que prev\u00ea o Plano Nacional de Redu\u00e7\u00e3o de Mortes e Les\u00f5es no Tr\u00e2nsito (Pnatrans).\",\"breadcrumb\":{\"@id\":\"https:\/\/portalcapixaba.com\/?p=13042#breadcrumb\"},\"inLanguage\":\"pt-BR\",\"potentialAction\":[{\"@type\":\"ReadAction\",\"target\":[\"https:\/\/portalcapixaba.com\/?p=13042\"]}]},{\"@type\":\"ImageObject\",\"inLanguage\":\"pt-BR\",\"@id\":\"https:\/\/portalcapixaba.com\/?p=13042#primaryimage\",\"url\":\"https:\/\/portalcapixaba.com\/wp-content\/uploads\/2026\/04\/WhatsApp-Image-2026-04-25-at-13.00.35-1.jpeg\",\"contentUrl\":\"https:\/\/portalcapixaba.com\/wp-content\/uploads\/2026\/04\/WhatsApp-Image-2026-04-25-at-13.00.35-1.jpeg\",\"width\":960,\"height\":720},{\"@type\":\"BreadcrumbList\",\"@id\":\"https:\/\/portalcapixaba.com\/?p=13042#breadcrumb\",\"itemListElement\":[{\"@type\":\"ListItem\",\"position\":1,\"name\":\"Home\",\"item\":\"https:\/\/portalcapixaba.com\/\"},{\"@type\":\"ListItem\",\"position\":2,\"name\":\"For\u00e7a pela Vida det\u00e9m 04 por alcoolemia em blitze nacional da Lei Seca\"}]},{\"@type\":\"WebSite\",\"@id\":\"https:\/\/portalcapixaba.com\/#website\",\"url\":\"https:\/\/portalcapixaba.com\/\",\"name\":\"Portal Capixaba\",\"description\":\"\",\"potentialAction\":[{\"@type\":\"SearchAction\",\"target\":{\"@type\":\"EntryPoint\",\"urlTemplate\":\"https:\/\/portalcapixaba.com\/?s={search_term_string}\"},\"query-input\":{\"@type\":\"PropertyValueSpecification\",\"valueRequired\":true,\"valueName\":\"search_term_string\"}}],\"inLanguage\":\"pt-BR\"},{\"@type\":\"Person\",\"@id\":\"https:\/\/portalcapixaba.com\/#\/schema\/person\/bcd337770ede8facc9d17a424328bf4b\",\"name\":\"jane boldt\",\"image\":{\"@type\":\"ImageObject\",\"inLanguage\":\"pt-BR\",\"@id\":\"https:\/\/portalcapixaba.com\/#\/schema\/person\/image\/\",\"url\":\"https:\/\/secure.gravatar.com\/avatar\/0c30036a196ee4fe42305219849d553f713d275a5d9eddafc5bc93dc51582d78?s=96&d=mm&r=g\",\"contentUrl\":\"https:\/\/secure.gravatar.com\/avatar\/0c30036a196ee4fe42305219849d553f713d275a5d9eddafc5bc93dc51582d78?s=96&d=mm&r=g\",\"caption\":\"jane boldt\"},\"sameAs\":[\"http:\/\/portalcapixaba.com.br\"],\"url\":\"https:\/\/portalcapixaba.com\/?author=3\"}]}<\/script>\n<!-- \/ Yoast SEO Premium plugin. -->","yoast_head_json":{"title":"For\u00e7a pela Vida det\u00e9m 04 por alcoolemia em blitze nacional da Lei Seca - Portal Capixaba","description":"A opera\u00e7\u00e3o integrada For\u00e7a pela Vida, com foco no combate ao uso de \u00e1lcool combinado com dire\u00e7\u00e3o, abordou 1.182 condutores na noite de sexta-feira (24), em Vit\u00f3ria, Vila Velha, Serra, Linhares, Viana e Anchieta. A opera\u00e7\u00e3o, coordenada pelo Departamento Estadual de Tr\u00e2nsito do Esp\u00edrito Santo (Detran|ES), faz parte da mobiliza\u00e7\u00e3o nacional de blitze com a tem\u00e1tica da Lei Seca, em atendimento ao que prev\u00ea o Plano Nacional de Redu\u00e7\u00e3o de Mortes e Les\u00f5es no Tr\u00e2nsito (Pnatrans).","robots":{"index":"index","follow":"follow","max-snippet":"max-snippet:-1","max-image-preview":"max-image-preview:large","max-video-preview":"max-video-preview:-1"},"canonical":"https:\/\/portalcapixaba.com\/?p=13042","og_locale":"pt_BR","og_type":"article","og_title":"For\u00e7a pela Vida det\u00e9m 04 por alcoolemia em blitze nacional da Lei Seca","og_description":"A opera\u00e7\u00e3o integrada For\u00e7a pela Vida, com foco no combate ao uso de \u00e1lcool combinado com dire\u00e7\u00e3o, abordou 1.182 condutores na noite de sexta-feira (24), em Vit\u00f3ria, Vila Velha, Serra, Linhares, Viana e Anchieta. A opera\u00e7\u00e3o, coordenada pelo Departamento Estadual de Tr\u00e2nsito do Esp\u00edrito Santo (Detran|ES), faz parte da mobiliza\u00e7\u00e3o nacional de blitze com a tem\u00e1tica da Lei Seca, em atendimento ao que prev\u00ea o Plano Nacional de Redu\u00e7\u00e3o de Mortes e Les\u00f5es no Tr\u00e2nsito (Pnatrans).","og_url":"https:\/\/portalcapixaba.com\/?p=13042","og_site_name":"Portal Capixaba","article_published_time":"2026-04-27T10:54:54+00:00","og_image":[{"width":960,"height":720,"url":"https:\/\/portalcapixaba.com\/wp-content\/uploads\/2026\/04\/WhatsApp-Image-2026-04-25-at-13.00.35-1.jpeg","type":"image\/jpeg"}],"author":"jane boldt","twitter_card":"summary_large_image","twitter_misc":{"Escrito por":"jane boldt","Est. tempo de leitura":"4 minutos"},"schema":{"@context":"https:\/\/schema.org","@graph":[{"@type":"WebPage","@id":"https:\/\/portalcapixaba.com\/?p=13042","url":"https:\/\/portalcapixaba.com\/?p=13042","name":"For\u00e7a pela Vida det\u00e9m 04 por alcoolemia em blitze nacional da Lei Seca - Portal Capixaba","isPartOf":{"@id":"https:\/\/portalcapixaba.com\/#website"},"primaryImageOfPage":{"@id":"https:\/\/portalcapixaba.com\/?p=13042#primaryimage"},"image":{"@id":"https:\/\/portalcapixaba.com\/?p=13042#primaryimage"},"thumbnailUrl":"https:\/\/portalcapixaba.com\/wp-content\/uploads\/2026\/04\/WhatsApp-Image-2026-04-25-at-13.00.35-1.jpeg","datePublished":"2026-04-27T10:54:54+00:00","author":{"@id":"https:\/\/portalcapixaba.com\/#\/schema\/person\/bcd337770ede8facc9d17a424328bf4b"},"description":"A opera\u00e7\u00e3o integrada For\u00e7a pela Vida, com foco no combate ao uso de \u00e1lcool combinado com dire\u00e7\u00e3o, abordou 1.182 condutores na noite de sexta-feira (24), em Vit\u00f3ria, Vila Velha, Serra, Linhares, Viana e Anchieta. A opera\u00e7\u00e3o, coordenada pelo Departamento Estadual de Tr\u00e2nsito do Esp\u00edrito Santo (Detran|ES), faz parte da mobiliza\u00e7\u00e3o nacional de blitze com a tem\u00e1tica da Lei Seca, em atendimento ao que prev\u00ea o Plano Nacional de Redu\u00e7\u00e3o de Mortes e Les\u00f5es no Tr\u00e2nsito (Pnatrans).","breadcrumb":{"@id":"https:\/\/portalcapixaba.com\/?p=13042#breadcrumb"},"inLanguage":"pt-BR","potentialAction":[{"@type":"ReadAction","target":["https:\/\/portalcapixaba.com\/?p=13042"]}]},{"@type":"ImageObject","inLanguage":"pt-BR","@id":"https:\/\/portalcapixaba.com\/?p=13042#primaryimage","url":"https:\/\/portalcapixaba.com\/wp-content\/uploads\/2026\/04\/WhatsApp-Image-2026-04-25-at-13.00.35-1.jpeg","contentUrl":"https:\/\/portalcapixaba.com\/wp-content\/uploads\/2026\/04\/WhatsApp-Image-2026-04-25-at-13.00.35-1.jpeg","width":960,"height":720},{"@type":"BreadcrumbList","@id":"https:\/\/portalcapixaba.com\/?p=13042#breadcrumb","itemListElement":[{"@type":"ListItem","position":1,"name":"Home","item":"https:\/\/portalcapixaba.com\/"},{"@type":"ListItem","position":2,"name":"For\u00e7a pela Vida det\u00e9m 04 por alcoolemia em blitze nacional da Lei Seca"}]},{"@type":"WebSite","@id":"https:\/\/portalcapixaba.com\/#website","url":"https:\/\/portalcapixaba.com\/","name":"Portal Capixaba","description":"","potentialAction":[{"@type":"SearchAction","target":{"@type":"EntryPoint","urlTemplate":"https:\/\/portalcapixaba.com\/?s={search_term_string}"},"query-input":{"@type":"PropertyValueSpecification","valueRequired":true,"valueName":"search_term_string"}}],"inLanguage":"pt-BR"},{"@type":"Person","@id":"https:\/\/portalcapixaba.com\/#\/schema\/person\/bcd337770ede8facc9d17a424328bf4b","name":"jane boldt","image":{"@type":"ImageObject","inLanguage":"pt-BR","@id":"https:\/\/portalcapixaba.com\/#\/schema\/person\/image\/","url":"https:\/\/secure.gravatar.com\/avatar\/0c30036a196ee4fe42305219849d553f713d275a5d9eddafc5bc93dc51582d78?s=96&d=mm&r=g","contentUrl":"https:\/\/secure.gravatar.com\/avatar\/0c30036a196ee4fe42305219849d553f713d275a5d9eddafc5bc93dc51582d78?s=96&d=mm&r=g","caption":"jane boldt"},"sameAs":["http:\/\/portalcapixaba.com.br"],"url":"https:\/\/portalcapixaba.com\/?author=3"}]}},"_links":{"self":[{"href":"https:\/\/portalcapixaba.com\/index.php?rest_route=\/wp\/v2\/posts\/13042","targetHints":{"allow":["GET"]}}],"collection":[{"href":"https:\/\/portalcapixaba.com\/index.php?rest_route=\/wp\/v2\/posts"}],"about":[{"href":"https:\/\/portalcapixaba.com\/index.php?rest_route=\/wp\/v2\/types\/post"}],"author":[{"embeddable":true,"href":"https:\/\/portalcapixaba.com\/index.php?rest_route=\/wp\/v2\/users\/3"}],"replies":[{"embeddable":true,"href":"https:\/\/portalcapixaba.com\/index.php?rest_route=%2Fwp%2Fv2%2Fcomments&post=13042"}],"version-history":[{"count":1,"href":"https:\/\/portalcapixaba.com\/index.php?rest_route=\/wp\/v2\/posts\/13042\/revisions"}],"predecessor-version":[{"id":13044,"href":"https:\/\/portalcapixaba.com\/index.php?rest_route=\/wp\/v2\/posts\/13042\/revisions\/13044"}],"wp:featuredmedia":[{"embeddable":true,"href":"https:\/\/portalcapixaba.com\/index.php?rest_route=\/wp\/v2\/media\/13043"}],"wp:attachment":[{"href":"https:\/\/portalcapixaba.com\/index.php?rest_route=%2Fwp%2Fv2%2Fmedia&parent=13042"}],"wp:term":[{"taxonomy":"category","embeddable":true,"href":"https:\/\/portalcapixaba.com\/index.php?rest_route=%2Fwp%2Fv2%2Fcategories&post=13042"},{"taxonomy":"post_tag","embeddable":true,"href":"https:\/\/portalcapixaba.com\/index.php?rest_route=%2Fwp%2Fv2%2Ftags&post=13042"}],"curies":[{"name":"wp","href":"https:\/\/api.w.org\/{rel}","templated":true}]}}