{"id":13045,"date":"2026-04-27T08:11:18","date_gmt":"2026-04-27T11:11:18","guid":{"rendered":"https:\/\/portalcapixaba.com\/?p=13045"},"modified":"2026-04-27T08:11:18","modified_gmt":"2026-04-27T11:11:18","slug":"semana-mundial-da-imunizacao-vitoria-reforca-a-importancia-da-vacinacao-para-o-combate-de-doencas","status":"publish","type":"post","link":"https:\/\/portalcapixaba.com\/?p=13045","title":{"rendered":"Semana Mundial da Imuniza\u00e7\u00e3o: Vit\u00f3ria refor\u00e7a a import\u00e2ncia da vacina\u00e7\u00e3o para o combate de doen\u00e7as"},"content":{"rendered":"<div class=\"payload clearfix\">\n<div>\n<p class=\"colaboradores\">Entre os dias 24 e 30 de abril, \u00e9 celebrada a Semana Mundial da Imuniza\u00e7\u00e3o, uma iniciativa que busca chamar a aten\u00e7\u00e3o para a import\u00e2ncia da vacina\u00e7\u00e3o como uma das principais estrat\u00e9gias de preven\u00e7\u00e3o de doen\u00e7as e prote\u00e7\u00e3o coletiva. A Secretaria Municipal de Sa\u00fade (<abbr>Semus<\/abbr>) de Vit\u00f3riapromove, ao longo do ano, a\u00e7\u00f5es que incentivam \u00e0 imuniza\u00e7\u00e3o e \u00e0 manuten\u00e7\u00e3o do calend\u00e1rio vacinal atualizado.<\/p>\n<\/div>\n<p>O Sistema \u00danico de Sa\u00fade (<abbr>SUS<\/abbr>) disponibiliza gratuitamente diversas vacinas que contemplam todas as faixas et\u00e1rias e protegem contra diversas doen\u00e7as, como poliomielite, sarampo, caxumba, rub\u00e9ola, hepatites, febre amarela, influenza, Covid-19,\u00a0<abbr>HPV<\/abbr>, meningites e dengue, conforme o Calend\u00e1rio Nacional de Vacina\u00e7\u00e3o.<\/p>\n<p>Manter a caderneta de vacina\u00e7\u00e3o atualizada \u00e9 essencial n\u00e3o apenas para a prote\u00e7\u00e3o individual, mas tamb\u00e9m para evitar a reintrodu\u00e7\u00e3o de doen\u00e7as j\u00e1 controladas no pa\u00eds. A queda nas coberturas vacinais nos \u00faltimos anos acende um alerta para a necessidade de ampliar a ades\u00e3o da popula\u00e7\u00e3o.<\/p>\n<p>Na capital, a vacina\u00e7\u00e3o \u00e9 realizada nas Unidades de Sa\u00fade, por meio de agendamento ou por demanda espont\u00e2nea. O acesso \u00e9 facilitado por meio dos canais oficiais do munic\u00edpio, garantindo maior acesso \u00e0 popula\u00e7\u00e3o. Atualmente, s\u00e3o vacinadas em torno de 950 pessoas por dia nas unidades de sa\u00fade da capital.<\/p>\n<p>O agendamento pode ser feito atrav\u00e9s de canais como:<\/p>\n<p>&#8211; Site oficial de agendamento:\u00a0<a href=\"https:\/\/agendamento.vitoria.es.gov.br\/\">agendamento.vitoria.es.gov.br<\/a><br \/>\n&#8211; Aplicativo Vit\u00f3ria Online: Dispon\u00edvel para smartphones, no \u00edcone &#8220;Central de Agendamentos&#8221; direcionando \u00e0 &#8220;Sa\u00fade\/Vacina\u00e7\u00e3o&#8221;<br \/>\n&#8211; Totens de Autoatendimento: Dispon\u00edveis nas Unidades de Sa\u00fade (Facilita Vix)<\/p>\n<p>Durante a Semana Mundial da Imuniza\u00e7\u00e3o, est\u00e3o previstas a\u00e7\u00f5es para intensificar a vacina\u00e7\u00e3o, como vacina\u00e7\u00e3o nos hospitais para os trabalhadores de sa\u00fade, vacina\u00e7\u00e3o em escolas e creches, com o objetivo de facilitar o acesso e conscientizar a popula\u00e7\u00e3o.<\/p>\n<h4>Como atualizar a caderneta de vacina?<\/h4>\n<p>Procure a unidade de sa\u00fade mais pr\u00f3xima, leve um documento com foto e a caderneta de vacina\u00e7\u00e3o. Manter as vacinas em dia \u00e9 uma medida segura, eficaz e essencial para a prote\u00e7\u00e3o de toda a comunidade.<\/p>\n<\/div>\n<p class=\"autoria\">Por Giovana Rebuli Santos (<a href=\"mailto:girsantos@vitoria.es.gov.br\">girsantos@vitoria.es.gov.br<\/a>), com edi\u00e7\u00e3o de Andreza Lopes<\/p>\n<p class=\"colaboradores\">Com a colabora\u00e7\u00e3o de Thyago Oliveira<\/p>\n<p>Foto Jansen Lube<\/p>\n<p>Fonte https:\/\/www.vitoria.es.gov.br\/<\/p>\n","protected":false},"excerpt":{"rendered":"<p>Entre os dias 24 e 30 de abril, \u00e9 celebrada a Semana Mundial da Imuniza\u00e7\u00e3o, uma iniciativa que busca chamar a aten\u00e7\u00e3o para a import\u00e2ncia da vacina\u00e7\u00e3o como uma das principais estrat\u00e9gias de preven\u00e7\u00e3o de doen\u00e7as e prote\u00e7\u00e3o coletiva. A Secretaria Municipal de Sa\u00fade (Semus) de Vit\u00f3riapromove, ao longo do ano, a\u00e7\u00f5es que incentivam \u00e0 [&hellip;]<\/p>\n","protected":false},"author":3,"featured_media":13046,"comment_status":"open","ping_status":"open","sticky":false,"template":"","format":"standard","meta":{"om_disable_all_campaigns":false,"_monsterinsights_skip_tracking":false,"_monsterinsights_sitenote_active":false,"_monsterinsights_sitenote_note":"","_monsterinsights_sitenote_category":0,"footnotes":""},"categories":[51],"tags":[],"class_list":["post-13045","post","type-post","status-publish","format-standard","has-post-thumbnail","hentry","category-cultura-e-saude"],"yoast_head":"<!-- This site is optimized with the Yoast SEO Premium plugin v21.9 (Yoast SEO v26.6) - https:\/\/yoast.com\/wordpress\/plugins\/seo\/ -->\n<title>Semana Mundial da Imuniza\u00e7\u00e3o: Vit\u00f3ria refor\u00e7a a import\u00e2ncia da vacina\u00e7\u00e3o para o combate de doen\u00e7as - Portal Capixaba<\/title>\n<meta name=\"description\" content=\"Entre os dias 24 e 30 de abril, \u00e9 celebrada a Semana Mundial da Imuniza\u00e7\u00e3o, uma iniciativa que busca chamar a aten\u00e7\u00e3o para a import\u00e2ncia da vacina\u00e7\u00e3o como uma das principais estrat\u00e9gias de preven\u00e7\u00e3o de doen\u00e7as e prote\u00e7\u00e3o coletiva. A Secretaria Municipal de Sa\u00fade (Semus) de Vit\u00f3riapromove, ao longo do ano, a\u00e7\u00f5es que incentivam \u00e0 imuniza\u00e7\u00e3o e \u00e0 manuten\u00e7\u00e3o do calend\u00e1rio vacinal atualizado.\" \/>\n<meta name=\"robots\" content=\"index, follow, max-snippet:-1, max-image-preview:large, max-video-preview:-1\" \/>\n<link rel=\"canonical\" href=\"https:\/\/portalcapixaba.com\/?p=13045\" \/>\n<meta property=\"og:locale\" content=\"pt_BR\" \/>\n<meta property=\"og:type\" content=\"article\" \/>\n<meta property=\"og:title\" content=\"Semana Mundial da Imuniza\u00e7\u00e3o: Vit\u00f3ria refor\u00e7a a import\u00e2ncia da vacina\u00e7\u00e3o para o combate de doen\u00e7as\" \/>\n<meta property=\"og:description\" content=\"Entre os dias 24 e 30 de abril, \u00e9 celebrada a Semana Mundial da Imuniza\u00e7\u00e3o, uma iniciativa que busca chamar a aten\u00e7\u00e3o para a import\u00e2ncia da vacina\u00e7\u00e3o como uma das principais estrat\u00e9gias de preven\u00e7\u00e3o de doen\u00e7as e prote\u00e7\u00e3o coletiva. A Secretaria Municipal de Sa\u00fade (Semus) de Vit\u00f3riapromove, ao longo do ano, a\u00e7\u00f5es que incentivam \u00e0 imuniza\u00e7\u00e3o e \u00e0 manuten\u00e7\u00e3o do calend\u00e1rio vacinal atualizado.\" \/>\n<meta property=\"og:url\" content=\"https:\/\/portalcapixaba.com\/?p=13045\" \/>\n<meta property=\"og:site_name\" content=\"Portal Capixaba\" \/>\n<meta property=\"article:published_time\" content=\"2026-04-27T11:11:18+00:00\" \/>\n<meta property=\"og:image\" content=\"https:\/\/portalcapixaba.com\/wp-content\/uploads\/2026\/04\/normal@2x-2.jpg\" \/>\n\t<meta property=\"og:image:width\" content=\"350\" \/>\n\t<meta property=\"og:image:height\" content=\"234\" \/>\n\t<meta property=\"og:image:type\" content=\"image\/jpeg\" \/>\n<meta name=\"author\" content=\"jane boldt\" \/>\n<meta name=\"twitter:card\" content=\"summary_large_image\" \/>\n<meta name=\"twitter:label1\" content=\"Escrito por\" \/>\n\t<meta name=\"twitter:data1\" content=\"jane boldt\" \/>\n\t<meta name=\"twitter:label2\" content=\"Est. tempo de leitura\" \/>\n\t<meta name=\"twitter:data2\" content=\"3 minutos\" \/>\n<script type=\"application\/ld+json\" class=\"yoast-schema-graph\">{\"@context\":\"https:\/\/schema.org\",\"@graph\":[{\"@type\":\"WebPage\",\"@id\":\"https:\/\/portalcapixaba.com\/?p=13045\",\"url\":\"https:\/\/portalcapixaba.com\/?p=13045\",\"name\":\"Semana Mundial da Imuniza\u00e7\u00e3o: Vit\u00f3ria refor\u00e7a a import\u00e2ncia da vacina\u00e7\u00e3o para o combate de doen\u00e7as - Portal Capixaba\",\"isPartOf\":{\"@id\":\"https:\/\/portalcapixaba.com\/#website\"},\"primaryImageOfPage\":{\"@id\":\"https:\/\/portalcapixaba.com\/?p=13045#primaryimage\"},\"image\":{\"@id\":\"https:\/\/portalcapixaba.com\/?p=13045#primaryimage\"},\"thumbnailUrl\":\"https:\/\/portalcapixaba.com\/wp-content\/uploads\/2026\/04\/normal@2x-2.jpg\",\"datePublished\":\"2026-04-27T11:11:18+00:00\",\"author\":{\"@id\":\"https:\/\/portalcapixaba.com\/#\/schema\/person\/bcd337770ede8facc9d17a424328bf4b\"},\"description\":\"Entre os dias 24 e 30 de abril, \u00e9 celebrada a Semana Mundial da Imuniza\u00e7\u00e3o, uma iniciativa que busca chamar a aten\u00e7\u00e3o para a import\u00e2ncia da vacina\u00e7\u00e3o como uma das principais estrat\u00e9gias de preven\u00e7\u00e3o de doen\u00e7as e prote\u00e7\u00e3o coletiva. A Secretaria Municipal de Sa\u00fade (Semus) de Vit\u00f3riapromove, ao longo do ano, a\u00e7\u00f5es que incentivam \u00e0 imuniza\u00e7\u00e3o e \u00e0 manuten\u00e7\u00e3o do calend\u00e1rio vacinal atualizado.\",\"breadcrumb\":{\"@id\":\"https:\/\/portalcapixaba.com\/?p=13045#breadcrumb\"},\"inLanguage\":\"pt-BR\",\"potentialAction\":[{\"@type\":\"ReadAction\",\"target\":[\"https:\/\/portalcapixaba.com\/?p=13045\"]}]},{\"@type\":\"ImageObject\",\"inLanguage\":\"pt-BR\",\"@id\":\"https:\/\/portalcapixaba.com\/?p=13045#primaryimage\",\"url\":\"https:\/\/portalcapixaba.com\/wp-content\/uploads\/2026\/04\/normal@2x-2.jpg\",\"contentUrl\":\"https:\/\/portalcapixaba.com\/wp-content\/uploads\/2026\/04\/normal@2x-2.jpg\",\"width\":350,\"height\":234,\"caption\":\"Vacina\u00e7\u00e3o COVID-19\"},{\"@type\":\"BreadcrumbList\",\"@id\":\"https:\/\/portalcapixaba.com\/?p=13045#breadcrumb\",\"itemListElement\":[{\"@type\":\"ListItem\",\"position\":1,\"name\":\"Home\",\"item\":\"https:\/\/portalcapixaba.com\/\"},{\"@type\":\"ListItem\",\"position\":2,\"name\":\"Semana Mundial da Imuniza\u00e7\u00e3o: Vit\u00f3ria refor\u00e7a a import\u00e2ncia da vacina\u00e7\u00e3o para o combate de doen\u00e7as\"}]},{\"@type\":\"WebSite\",\"@id\":\"https:\/\/portalcapixaba.com\/#website\",\"url\":\"https:\/\/portalcapixaba.com\/\",\"name\":\"Portal Capixaba\",\"description\":\"\",\"potentialAction\":[{\"@type\":\"SearchAction\",\"target\":{\"@type\":\"EntryPoint\",\"urlTemplate\":\"https:\/\/portalcapixaba.com\/?s={search_term_string}\"},\"query-input\":{\"@type\":\"PropertyValueSpecification\",\"valueRequired\":true,\"valueName\":\"search_term_string\"}}],\"inLanguage\":\"pt-BR\"},{\"@type\":\"Person\",\"@id\":\"https:\/\/portalcapixaba.com\/#\/schema\/person\/bcd337770ede8facc9d17a424328bf4b\",\"name\":\"jane boldt\",\"image\":{\"@type\":\"ImageObject\",\"inLanguage\":\"pt-BR\",\"@id\":\"https:\/\/portalcapixaba.com\/#\/schema\/person\/image\/\",\"url\":\"https:\/\/secure.gravatar.com\/avatar\/0c30036a196ee4fe42305219849d553f713d275a5d9eddafc5bc93dc51582d78?s=96&d=mm&r=g\",\"contentUrl\":\"https:\/\/secure.gravatar.com\/avatar\/0c30036a196ee4fe42305219849d553f713d275a5d9eddafc5bc93dc51582d78?s=96&d=mm&r=g\",\"caption\":\"jane boldt\"},\"sameAs\":[\"http:\/\/portalcapixaba.com.br\"],\"url\":\"https:\/\/portalcapixaba.com\/?author=3\"}]}<\/script>\n<!-- \/ Yoast SEO Premium plugin. -->","yoast_head_json":{"title":"Semana Mundial da Imuniza\u00e7\u00e3o: Vit\u00f3ria refor\u00e7a a import\u00e2ncia da vacina\u00e7\u00e3o para o combate de doen\u00e7as - Portal Capixaba","description":"Entre os dias 24 e 30 de abril, \u00e9 celebrada a Semana Mundial da Imuniza\u00e7\u00e3o, uma iniciativa que busca chamar a aten\u00e7\u00e3o para a import\u00e2ncia da vacina\u00e7\u00e3o como uma das principais estrat\u00e9gias de preven\u00e7\u00e3o de doen\u00e7as e prote\u00e7\u00e3o coletiva. A Secretaria Municipal de Sa\u00fade (Semus) de Vit\u00f3riapromove, ao longo do ano, a\u00e7\u00f5es que incentivam \u00e0 imuniza\u00e7\u00e3o e \u00e0 manuten\u00e7\u00e3o do calend\u00e1rio vacinal atualizado.","robots":{"index":"index","follow":"follow","max-snippet":"max-snippet:-1","max-image-preview":"max-image-preview:large","max-video-preview":"max-video-preview:-1"},"canonical":"https:\/\/portalcapixaba.com\/?p=13045","og_locale":"pt_BR","og_type":"article","og_title":"Semana Mundial da Imuniza\u00e7\u00e3o: Vit\u00f3ria refor\u00e7a a import\u00e2ncia da vacina\u00e7\u00e3o para o combate de doen\u00e7as","og_description":"Entre os dias 24 e 30 de abril, \u00e9 celebrada a Semana Mundial da Imuniza\u00e7\u00e3o, uma iniciativa que busca chamar a aten\u00e7\u00e3o para a import\u00e2ncia da vacina\u00e7\u00e3o como uma das principais estrat\u00e9gias de preven\u00e7\u00e3o de doen\u00e7as e prote\u00e7\u00e3o coletiva. A Secretaria Municipal de Sa\u00fade (Semus) de Vit\u00f3riapromove, ao longo do ano, a\u00e7\u00f5es que incentivam \u00e0 imuniza\u00e7\u00e3o e \u00e0 manuten\u00e7\u00e3o do calend\u00e1rio vacinal atualizado.","og_url":"https:\/\/portalcapixaba.com\/?p=13045","og_site_name":"Portal Capixaba","article_published_time":"2026-04-27T11:11:18+00:00","og_image":[{"width":350,"height":234,"url":"https:\/\/portalcapixaba.com\/wp-content\/uploads\/2026\/04\/normal@2x-2.jpg","type":"image\/jpeg"}],"author":"jane boldt","twitter_card":"summary_large_image","twitter_misc":{"Escrito por":"jane boldt","Est. tempo de leitura":"3 minutos"},"schema":{"@context":"https:\/\/schema.org","@graph":[{"@type":"WebPage","@id":"https:\/\/portalcapixaba.com\/?p=13045","url":"https:\/\/portalcapixaba.com\/?p=13045","name":"Semana Mundial da Imuniza\u00e7\u00e3o: Vit\u00f3ria refor\u00e7a a import\u00e2ncia da vacina\u00e7\u00e3o para o combate de doen\u00e7as - Portal Capixaba","isPartOf":{"@id":"https:\/\/portalcapixaba.com\/#website"},"primaryImageOfPage":{"@id":"https:\/\/portalcapixaba.com\/?p=13045#primaryimage"},"image":{"@id":"https:\/\/portalcapixaba.com\/?p=13045#primaryimage"},"thumbnailUrl":"https:\/\/portalcapixaba.com\/wp-content\/uploads\/2026\/04\/normal@2x-2.jpg","datePublished":"2026-04-27T11:11:18+00:00","author":{"@id":"https:\/\/portalcapixaba.com\/#\/schema\/person\/bcd337770ede8facc9d17a424328bf4b"},"description":"Entre os dias 24 e 30 de abril, \u00e9 celebrada a Semana Mundial da Imuniza\u00e7\u00e3o, uma iniciativa que busca chamar a aten\u00e7\u00e3o para a import\u00e2ncia da vacina\u00e7\u00e3o como uma das principais estrat\u00e9gias de preven\u00e7\u00e3o de doen\u00e7as e prote\u00e7\u00e3o coletiva. A Secretaria Municipal de Sa\u00fade (Semus) de Vit\u00f3riapromove, ao longo do ano, a\u00e7\u00f5es que incentivam \u00e0 imuniza\u00e7\u00e3o e \u00e0 manuten\u00e7\u00e3o do calend\u00e1rio vacinal atualizado.","breadcrumb":{"@id":"https:\/\/portalcapixaba.com\/?p=13045#breadcrumb"},"inLanguage":"pt-BR","potentialAction":[{"@type":"ReadAction","target":["https:\/\/portalcapixaba.com\/?p=13045"]}]},{"@type":"ImageObject","inLanguage":"pt-BR","@id":"https:\/\/portalcapixaba.com\/?p=13045#primaryimage","url":"https:\/\/portalcapixaba.com\/wp-content\/uploads\/2026\/04\/normal@2x-2.jpg","contentUrl":"https:\/\/portalcapixaba.com\/wp-content\/uploads\/2026\/04\/normal@2x-2.jpg","width":350,"height":234,"caption":"Vacina\u00e7\u00e3o COVID-19"},{"@type":"BreadcrumbList","@id":"https:\/\/portalcapixaba.com\/?p=13045#breadcrumb","itemListElement":[{"@type":"ListItem","position":1,"name":"Home","item":"https:\/\/portalcapixaba.com\/"},{"@type":"ListItem","position":2,"name":"Semana Mundial da Imuniza\u00e7\u00e3o: Vit\u00f3ria refor\u00e7a a import\u00e2ncia da vacina\u00e7\u00e3o para o combate de doen\u00e7as"}]},{"@type":"WebSite","@id":"https:\/\/portalcapixaba.com\/#website","url":"https:\/\/portalcapixaba.com\/","name":"Portal Capixaba","description":"","potentialAction":[{"@type":"SearchAction","target":{"@type":"EntryPoint","urlTemplate":"https:\/\/portalcapixaba.com\/?s={search_term_string}"},"query-input":{"@type":"PropertyValueSpecification","valueRequired":true,"valueName":"search_term_string"}}],"inLanguage":"pt-BR"},{"@type":"Person","@id":"https:\/\/portalcapixaba.com\/#\/schema\/person\/bcd337770ede8facc9d17a424328bf4b","name":"jane boldt","image":{"@type":"ImageObject","inLanguage":"pt-BR","@id":"https:\/\/portalcapixaba.com\/#\/schema\/person\/image\/","url":"https:\/\/secure.gravatar.com\/avatar\/0c30036a196ee4fe42305219849d553f713d275a5d9eddafc5bc93dc51582d78?s=96&d=mm&r=g","contentUrl":"https:\/\/secure.gravatar.com\/avatar\/0c30036a196ee4fe42305219849d553f713d275a5d9eddafc5bc93dc51582d78?s=96&d=mm&r=g","caption":"jane boldt"},"sameAs":["http:\/\/portalcapixaba.com.br"],"url":"https:\/\/portalcapixaba.com\/?author=3"}]}},"_links":{"self":[{"href":"https:\/\/portalcapixaba.com\/index.php?rest_route=\/wp\/v2\/posts\/13045","targetHints":{"allow":["GET"]}}],"collection":[{"href":"https:\/\/portalcapixaba.com\/index.php?rest_route=\/wp\/v2\/posts"}],"about":[{"href":"https:\/\/portalcapixaba.com\/index.php?rest_route=\/wp\/v2\/types\/post"}],"author":[{"embeddable":true,"href":"https:\/\/portalcapixaba.com\/index.php?rest_route=\/wp\/v2\/users\/3"}],"replies":[{"embeddable":true,"href":"https:\/\/portalcapixaba.com\/index.php?rest_route=%2Fwp%2Fv2%2Fcomments&post=13045"}],"version-history":[{"count":1,"href":"https:\/\/portalcapixaba.com\/index.php?rest_route=\/wp\/v2\/posts\/13045\/revisions"}],"predecessor-version":[{"id":13047,"href":"https:\/\/portalcapixaba.com\/index.php?rest_route=\/wp\/v2\/posts\/13045\/revisions\/13047"}],"wp:featuredmedia":[{"embeddable":true,"href":"https:\/\/portalcapixaba.com\/index.php?rest_route=\/wp\/v2\/media\/13046"}],"wp:attachment":[{"href":"https:\/\/portalcapixaba.com\/index.php?rest_route=%2Fwp%2Fv2%2Fmedia&parent=13045"}],"wp:term":[{"taxonomy":"category","embeddable":true,"href":"https:\/\/portalcapixaba.com\/index.php?rest_route=%2Fwp%2Fv2%2Fcategories&post=13045"},{"taxonomy":"post_tag","embeddable":true,"href":"https:\/\/portalcapixaba.com\/index.php?rest_route=%2Fwp%2Fv2%2Ftags&post=13045"}],"curies":[{"name":"wp","href":"https:\/\/api.w.org\/{rel}","templated":true}]}}