{"id":13048,"date":"2026-04-28T18:04:10","date_gmt":"2026-04-28T21:04:10","guid":{"rendered":"https:\/\/portalcapixaba.com\/?p=13048"},"modified":"2026-04-28T18:04:10","modified_gmt":"2026-04-28T21:04:10","slug":"assembleia-legislativa-do-espirito-santo-prepara-exposicao-historica-em-comemoracao-aos-190-anos","status":"publish","type":"post","link":"https:\/\/portalcapixaba.com\/?p=13048","title":{"rendered":"Assembleia Legislativa do Esp\u00edrito Santo prepara exposi\u00e7\u00e3o hist\u00f3rica em comemora\u00e7\u00e3o aos 190 anos"},"content":{"rendered":"<p style=\"font-weight: 400;\"><em>Mostra prevista para 26 de maio re\u00fane documentos e imagens sobre a trajet\u00f3ria do parlamento capixaba<\/em><\/p>\n<p style=\"font-weight: 400;\">Em maio, a Assembleia Legislativa do Esp\u00edrito Santo (Ales) apresenta ao p\u00fablico a exposi\u00e7\u00e3o Caminhos da Cidadania, um projeto dedicado \u00e0 preserva\u00e7\u00e3o da mem\u00f3ria institucional e \u00e0 reflex\u00e3o sobre o papel do Legislativo na constru\u00e7\u00e3o da hist\u00f3ria e da cidadania capixaba nos \u00faltimos 190 anos.<\/p>\n<p style=\"font-weight: 400;\">A exposi\u00e7\u00e3o re\u00fane documentos, imagens e registros hist\u00f3ricos que ajudam a compreender os contextos, os debates e as decis\u00f5es que marcaram a trajet\u00f3ria da Assembleia Legislativa desde sua cria\u00e7\u00e3o, em 1835. Ao revisitar esse caminho, o projeto convida o p\u00fablico a olhar para o passado como uma ferramenta essencial para entender o presente e refletir sobre o futuro da vida democr\u00e1tica. Entre os temas abordados est\u00e3o as diferentes sedes onde a Assembleia funcionou ao longo dos anos, perfis de deputados que marcaram a hist\u00f3ria capixaba, registros das sess\u00f5es plen\u00e1rias e a evolu\u00e7\u00e3o dos meios de transporte que moldaram o desenvolvimento do Esp\u00edrito Santo.<\/p>\n<p style=\"font-weight: 400;\">Para o presidente da Assembleia Legislativa, Marcelo Santos, a exposi\u00e7\u00e3o refor\u00e7a o compromisso da Casa com a mem\u00f3ria e com a aproxima\u00e7\u00e3o da sociedade. \u201cA pesquisa que d\u00e1 vida a esta exposi\u00e7\u00e3o \u00e9 um trabalho que a Assembleia ainda n\u00e3o havia feito sobre si mesma. Estamos mostrando, com base em fontes prim\u00e1rias, como essa casa sempre esteve presente na vida do Esp\u00edrito Santo debatendo sa\u00fade, educa\u00e7\u00e3o, transporte, os grandes temas de cada \u00e9poca. \u00c9 uma hist\u00f3ria de quase dois s\u00e9culos que merecia ser contada com esse rigor\u201d, afirma ele.<\/p>\n<p style=\"font-weight: 400;\">O conte\u00fado da exposi\u00e7\u00e3o \u00e9 resultado de um trabalho rigoroso de pesquisa hist\u00f3rica, desenvolvido por meio de conv\u00eanio entre a Ales e a Universidade Federal do Esp\u00edrito Santo (Ufes), com coordena\u00e7\u00e3o das historiadoras Adriana Campos e K\u00e1tia Sausen da Motta, por meio do Laborat\u00f3rio de Hist\u00f3ria, Poder e Linguagens da Ufes, e coordena\u00e7\u00e3o de conte\u00fado do Professor Jo\u00e3o Gualbero Moreira Vasconcellos.<\/p>\n<p style=\"font-weight: 400;\">O trabalho organizou e sistematizou o acervo hist\u00f3rico entre 1829 e 1930, ampliando a investiga\u00e7\u00e3o at\u00e9 a Constituinte de 1989, fortalecendo, deste modo, o acesso \u00e0 mem\u00f3ria p\u00fablica.<\/p>\n<p><img loading=\"lazy\" decoding=\"async\" class=\"alignnone size-medium wp-image-13049\" src=\"https:\/\/portalcapixaba.com\/wp-content\/uploads\/2026\/04\/Assembleia-primeira-sede-300x200.jpeg\" alt=\"\" width=\"300\" height=\"200\" srcset=\"https:\/\/portalcapixaba.com\/wp-content\/uploads\/2026\/04\/Assembleia-primeira-sede-300x200.jpeg 300w, https:\/\/portalcapixaba.com\/wp-content\/uploads\/2026\/04\/Assembleia-primeira-sede-600x398.jpeg 600w, https:\/\/portalcapixaba.com\/wp-content\/uploads\/2026\/04\/Assembleia-primeira-sede.jpeg 744w\" sizes=\"auto, (max-width: 300px) 100vw, 300px\" \/><\/p>\n<p style=\"font-weight: 400;\">Segundo Adriana, o trabalho de pesquisa resultou em descobertas in\u00e9ditas. &#8220;Foram identificadas\u00a0 sedes distintas onde a Assembleia funcionou ao longo de sua hist\u00f3ria, um n\u00famero muito superior \u00e0s\u00a0 que constavam nos registros oficiais. Foram catalogados cerca de 856 parlamentares que passaram pela Casa desde 1835, incluindo deputados do per\u00edodo provincial, do congresso estadual e da fase republicana&#8221;, conta.<\/p>\n<p style=\"font-weight: 400;\">A curadoria ser\u00e1 realizada por Ronaldo Barbosa, um dos mais relevantes designers e artistas do Esp\u00edrito Santo, com mais de 50 anos de carreira e atua\u00e7\u00e3o reconhecida nacionalmente. Barbosa, que ser\u00e1 o respons\u00e1vel por transformar esse amplo levantamento documental em uma experi\u00eancia expositiva acess\u00edvel e significativa, destaca ainda a\u00a0 produ\u00e7\u00e3o de 7 artistas contempor\u00e2neos capixabas convidados para a mostra.<\/p>\n<p style=\"font-weight: 400;\">\u201cAl\u00e9m de o p\u00fablico poder fazer um percurso do passado ao presente, h\u00e1 um di\u00e1logo com a arte contempor\u00e2nea e um potente projeto de arte-educa\u00e7\u00e3o, em que jovens poder\u00e3o ter contato com a casa legislativa e entender mais sobre os valores democr\u00e1ticos\u201d, diz Barbosa.<\/p>\n","protected":false},"excerpt":{"rendered":"<p>Mostra prevista para 26 de maio re\u00fane documentos e imagens sobre a trajet\u00f3ria do parlamento capixaba Em maio, a Assembleia Legislativa do Esp\u00edrito Santo (Ales) apresenta ao p\u00fablico a exposi\u00e7\u00e3o Caminhos da Cidadania, um projeto dedicado \u00e0 preserva\u00e7\u00e3o da mem\u00f3ria institucional e \u00e0 reflex\u00e3o sobre o papel do Legislativo na constru\u00e7\u00e3o da hist\u00f3ria e da [&hellip;]<\/p>\n","protected":false},"author":3,"featured_media":13050,"comment_status":"open","ping_status":"open","sticky":false,"template":"","format":"standard","meta":{"om_disable_all_campaigns":false,"_monsterinsights_skip_tracking":false,"_monsterinsights_sitenote_active":false,"_monsterinsights_sitenote_note":"","_monsterinsights_sitenote_category":0,"footnotes":""},"categories":[50],"tags":[],"class_list":["post-13048","post","type-post","status-publish","format-standard","has-post-thumbnail","hentry","category-politica"],"yoast_head":"<!-- This site is optimized with the Yoast SEO Premium plugin v21.9 (Yoast SEO v26.6) - https:\/\/yoast.com\/wordpress\/plugins\/seo\/ -->\n<title>Assembleia Legislativa do Esp\u00edrito Santo prepara exposi\u00e7\u00e3o hist\u00f3rica em comemora\u00e7\u00e3o aos 190 anos - Portal Capixaba<\/title>\n<meta name=\"description\" content=\"Em maio, a Assembleia Legislativa do Esp\u00edrito Santo (Ales) apresenta ao p\u00fablico a exposi\u00e7\u00e3o Caminhos da Cidadania, um projeto dedicado \u00e0 preserva\u00e7\u00e3o da mem\u00f3ria institucional e \u00e0 reflex\u00e3o sobre o papel do Legislativo na constru\u00e7\u00e3o da hist\u00f3ria e da cidadania capixaba nos \u00faltimos 190 anos.0\" \/>\n<meta name=\"robots\" content=\"index, follow, max-snippet:-1, max-image-preview:large, max-video-preview:-1\" \/>\n<link rel=\"canonical\" href=\"https:\/\/portalcapixaba.com\/?p=13048\" \/>\n<meta property=\"og:locale\" content=\"pt_BR\" \/>\n<meta property=\"og:type\" content=\"article\" \/>\n<meta property=\"og:title\" content=\"Assembleia Legislativa do Esp\u00edrito Santo prepara exposi\u00e7\u00e3o hist\u00f3rica em comemora\u00e7\u00e3o aos 190 anos\" \/>\n<meta property=\"og:description\" content=\"Em maio, a Assembleia Legislativa do Esp\u00edrito Santo (Ales) apresenta ao p\u00fablico a exposi\u00e7\u00e3o Caminhos da Cidadania, um projeto dedicado \u00e0 preserva\u00e7\u00e3o da mem\u00f3ria institucional e \u00e0 reflex\u00e3o sobre o papel do Legislativo na constru\u00e7\u00e3o da hist\u00f3ria e da cidadania capixaba nos \u00faltimos 190 anos.0\" \/>\n<meta property=\"og:url\" content=\"https:\/\/portalcapixaba.com\/?p=13048\" \/>\n<meta property=\"og:site_name\" content=\"Portal Capixaba\" \/>\n<meta property=\"article:published_time\" content=\"2026-04-28T21:04:10+00:00\" \/>\n<meta property=\"og:image\" content=\"https:\/\/portalcapixaba.com\/wp-content\/uploads\/2026\/04\/Julio-Katona-Ronaldo-Barbosa-Vinicius-Borges-Pedro-Martins-Felipe-Gomes-Lorena-Simoes-Helio-Gualberto-e-Laryssa-Gobbi.jpeg\" \/>\n\t<meta property=\"og:image:width\" content=\"1600\" \/>\n\t<meta property=\"og:image:height\" content=\"1200\" \/>\n\t<meta property=\"og:image:type\" content=\"image\/jpeg\" \/>\n<meta name=\"author\" content=\"jane boldt\" \/>\n<meta name=\"twitter:card\" content=\"summary_large_image\" \/>\n<meta name=\"twitter:label1\" content=\"Escrito por\" \/>\n\t<meta name=\"twitter:data1\" content=\"jane boldt\" \/>\n\t<meta name=\"twitter:label2\" content=\"Est. tempo de leitura\" \/>\n\t<meta name=\"twitter:data2\" content=\"4 minutos\" \/>\n<script type=\"application\/ld+json\" class=\"yoast-schema-graph\">{\"@context\":\"https:\/\/schema.org\",\"@graph\":[{\"@type\":\"WebPage\",\"@id\":\"https:\/\/portalcapixaba.com\/?p=13048\",\"url\":\"https:\/\/portalcapixaba.com\/?p=13048\",\"name\":\"Assembleia Legislativa do Esp\u00edrito Santo prepara exposi\u00e7\u00e3o hist\u00f3rica em comemora\u00e7\u00e3o aos 190 anos - Portal Capixaba\",\"isPartOf\":{\"@id\":\"https:\/\/portalcapixaba.com\/#website\"},\"primaryImageOfPage\":{\"@id\":\"https:\/\/portalcapixaba.com\/?p=13048#primaryimage\"},\"image\":{\"@id\":\"https:\/\/portalcapixaba.com\/?p=13048#primaryimage\"},\"thumbnailUrl\":\"https:\/\/portalcapixaba.com\/wp-content\/uploads\/2026\/04\/Julio-Katona-Ronaldo-Barbosa-Vinicius-Borges-Pedro-Martins-Felipe-Gomes-Lorena-Simoes-Helio-Gualberto-e-Laryssa-Gobbi.jpeg\",\"datePublished\":\"2026-04-28T21:04:10+00:00\",\"author\":{\"@id\":\"https:\/\/portalcapixaba.com\/#\/schema\/person\/bcd337770ede8facc9d17a424328bf4b\"},\"description\":\"Em maio, a Assembleia Legislativa do Esp\u00edrito Santo (Ales) apresenta ao p\u00fablico a exposi\u00e7\u00e3o Caminhos da Cidadania, um projeto dedicado \u00e0 preserva\u00e7\u00e3o da mem\u00f3ria institucional e \u00e0 reflex\u00e3o sobre o papel do Legislativo na constru\u00e7\u00e3o da hist\u00f3ria e da cidadania capixaba nos \u00faltimos 190 anos.0\",\"breadcrumb\":{\"@id\":\"https:\/\/portalcapixaba.com\/?p=13048#breadcrumb\"},\"inLanguage\":\"pt-BR\",\"potentialAction\":[{\"@type\":\"ReadAction\",\"target\":[\"https:\/\/portalcapixaba.com\/?p=13048\"]}]},{\"@type\":\"ImageObject\",\"inLanguage\":\"pt-BR\",\"@id\":\"https:\/\/portalcapixaba.com\/?p=13048#primaryimage\",\"url\":\"https:\/\/portalcapixaba.com\/wp-content\/uploads\/2026\/04\/Julio-Katona-Ronaldo-Barbosa-Vinicius-Borges-Pedro-Martins-Felipe-Gomes-Lorena-Simoes-Helio-Gualberto-e-Laryssa-Gobbi.jpeg\",\"contentUrl\":\"https:\/\/portalcapixaba.com\/wp-content\/uploads\/2026\/04\/Julio-Katona-Ronaldo-Barbosa-Vinicius-Borges-Pedro-Martins-Felipe-Gomes-Lorena-Simoes-Helio-Gualberto-e-Laryssa-Gobbi.jpeg\",\"width\":1600,\"height\":1200},{\"@type\":\"BreadcrumbList\",\"@id\":\"https:\/\/portalcapixaba.com\/?p=13048#breadcrumb\",\"itemListElement\":[{\"@type\":\"ListItem\",\"position\":1,\"name\":\"Home\",\"item\":\"https:\/\/portalcapixaba.com\/\"},{\"@type\":\"ListItem\",\"position\":2,\"name\":\"Assembleia Legislativa do Esp\u00edrito Santo prepara exposi\u00e7\u00e3o hist\u00f3rica em comemora\u00e7\u00e3o aos 190 anos\"}]},{\"@type\":\"WebSite\",\"@id\":\"https:\/\/portalcapixaba.com\/#website\",\"url\":\"https:\/\/portalcapixaba.com\/\",\"name\":\"Portal Capixaba\",\"description\":\"\",\"potentialAction\":[{\"@type\":\"SearchAction\",\"target\":{\"@type\":\"EntryPoint\",\"urlTemplate\":\"https:\/\/portalcapixaba.com\/?s={search_term_string}\"},\"query-input\":{\"@type\":\"PropertyValueSpecification\",\"valueRequired\":true,\"valueName\":\"search_term_string\"}}],\"inLanguage\":\"pt-BR\"},{\"@type\":\"Person\",\"@id\":\"https:\/\/portalcapixaba.com\/#\/schema\/person\/bcd337770ede8facc9d17a424328bf4b\",\"name\":\"jane boldt\",\"image\":{\"@type\":\"ImageObject\",\"inLanguage\":\"pt-BR\",\"@id\":\"https:\/\/portalcapixaba.com\/#\/schema\/person\/image\/\",\"url\":\"https:\/\/secure.gravatar.com\/avatar\/0c30036a196ee4fe42305219849d553f713d275a5d9eddafc5bc93dc51582d78?s=96&d=mm&r=g\",\"contentUrl\":\"https:\/\/secure.gravatar.com\/avatar\/0c30036a196ee4fe42305219849d553f713d275a5d9eddafc5bc93dc51582d78?s=96&d=mm&r=g\",\"caption\":\"jane boldt\"},\"sameAs\":[\"http:\/\/portalcapixaba.com.br\"],\"url\":\"https:\/\/portalcapixaba.com\/?author=3\"}]}<\/script>\n<!-- \/ Yoast SEO Premium plugin. -->","yoast_head_json":{"title":"Assembleia Legislativa do Esp\u00edrito Santo prepara exposi\u00e7\u00e3o hist\u00f3rica em comemora\u00e7\u00e3o aos 190 anos - Portal Capixaba","description":"Em maio, a Assembleia Legislativa do Esp\u00edrito Santo (Ales) apresenta ao p\u00fablico a exposi\u00e7\u00e3o Caminhos da Cidadania, um projeto dedicado \u00e0 preserva\u00e7\u00e3o da mem\u00f3ria institucional e \u00e0 reflex\u00e3o sobre o papel do Legislativo na constru\u00e7\u00e3o da hist\u00f3ria e da cidadania capixaba nos \u00faltimos 190 anos.0","robots":{"index":"index","follow":"follow","max-snippet":"max-snippet:-1","max-image-preview":"max-image-preview:large","max-video-preview":"max-video-preview:-1"},"canonical":"https:\/\/portalcapixaba.com\/?p=13048","og_locale":"pt_BR","og_type":"article","og_title":"Assembleia Legislativa do Esp\u00edrito Santo prepara exposi\u00e7\u00e3o hist\u00f3rica em comemora\u00e7\u00e3o aos 190 anos","og_description":"Em maio, a Assembleia Legislativa do Esp\u00edrito Santo (Ales) apresenta ao p\u00fablico a exposi\u00e7\u00e3o Caminhos da Cidadania, um projeto dedicado \u00e0 preserva\u00e7\u00e3o da mem\u00f3ria institucional e \u00e0 reflex\u00e3o sobre o papel do Legislativo na constru\u00e7\u00e3o da hist\u00f3ria e da cidadania capixaba nos \u00faltimos 190 anos.0","og_url":"https:\/\/portalcapixaba.com\/?p=13048","og_site_name":"Portal Capixaba","article_published_time":"2026-04-28T21:04:10+00:00","og_image":[{"width":1600,"height":1200,"url":"https:\/\/portalcapixaba.com\/wp-content\/uploads\/2026\/04\/Julio-Katona-Ronaldo-Barbosa-Vinicius-Borges-Pedro-Martins-Felipe-Gomes-Lorena-Simoes-Helio-Gualberto-e-Laryssa-Gobbi.jpeg","type":"image\/jpeg"}],"author":"jane boldt","twitter_card":"summary_large_image","twitter_misc":{"Escrito por":"jane boldt","Est. tempo de leitura":"4 minutos"},"schema":{"@context":"https:\/\/schema.org","@graph":[{"@type":"WebPage","@id":"https:\/\/portalcapixaba.com\/?p=13048","url":"https:\/\/portalcapixaba.com\/?p=13048","name":"Assembleia Legislativa do Esp\u00edrito Santo prepara exposi\u00e7\u00e3o hist\u00f3rica em comemora\u00e7\u00e3o aos 190 anos - Portal Capixaba","isPartOf":{"@id":"https:\/\/portalcapixaba.com\/#website"},"primaryImageOfPage":{"@id":"https:\/\/portalcapixaba.com\/?p=13048#primaryimage"},"image":{"@id":"https:\/\/portalcapixaba.com\/?p=13048#primaryimage"},"thumbnailUrl":"https:\/\/portalcapixaba.com\/wp-content\/uploads\/2026\/04\/Julio-Katona-Ronaldo-Barbosa-Vinicius-Borges-Pedro-Martins-Felipe-Gomes-Lorena-Simoes-Helio-Gualberto-e-Laryssa-Gobbi.jpeg","datePublished":"2026-04-28T21:04:10+00:00","author":{"@id":"https:\/\/portalcapixaba.com\/#\/schema\/person\/bcd337770ede8facc9d17a424328bf4b"},"description":"Em maio, a Assembleia Legislativa do Esp\u00edrito Santo (Ales) apresenta ao p\u00fablico a exposi\u00e7\u00e3o Caminhos da Cidadania, um projeto dedicado \u00e0 preserva\u00e7\u00e3o da mem\u00f3ria institucional e \u00e0 reflex\u00e3o sobre o papel do Legislativo na constru\u00e7\u00e3o da hist\u00f3ria e da cidadania capixaba nos \u00faltimos 190 anos.0","breadcrumb":{"@id":"https:\/\/portalcapixaba.com\/?p=13048#breadcrumb"},"inLanguage":"pt-BR","potentialAction":[{"@type":"ReadAction","target":["https:\/\/portalcapixaba.com\/?p=13048"]}]},{"@type":"ImageObject","inLanguage":"pt-BR","@id":"https:\/\/portalcapixaba.com\/?p=13048#primaryimage","url":"https:\/\/portalcapixaba.com\/wp-content\/uploads\/2026\/04\/Julio-Katona-Ronaldo-Barbosa-Vinicius-Borges-Pedro-Martins-Felipe-Gomes-Lorena-Simoes-Helio-Gualberto-e-Laryssa-Gobbi.jpeg","contentUrl":"https:\/\/portalcapixaba.com\/wp-content\/uploads\/2026\/04\/Julio-Katona-Ronaldo-Barbosa-Vinicius-Borges-Pedro-Martins-Felipe-Gomes-Lorena-Simoes-Helio-Gualberto-e-Laryssa-Gobbi.jpeg","width":1600,"height":1200},{"@type":"BreadcrumbList","@id":"https:\/\/portalcapixaba.com\/?p=13048#breadcrumb","itemListElement":[{"@type":"ListItem","position":1,"name":"Home","item":"https:\/\/portalcapixaba.com\/"},{"@type":"ListItem","position":2,"name":"Assembleia Legislativa do Esp\u00edrito Santo prepara exposi\u00e7\u00e3o hist\u00f3rica em comemora\u00e7\u00e3o aos 190 anos"}]},{"@type":"WebSite","@id":"https:\/\/portalcapixaba.com\/#website","url":"https:\/\/portalcapixaba.com\/","name":"Portal Capixaba","description":"","potentialAction":[{"@type":"SearchAction","target":{"@type":"EntryPoint","urlTemplate":"https:\/\/portalcapixaba.com\/?s={search_term_string}"},"query-input":{"@type":"PropertyValueSpecification","valueRequired":true,"valueName":"search_term_string"}}],"inLanguage":"pt-BR"},{"@type":"Person","@id":"https:\/\/portalcapixaba.com\/#\/schema\/person\/bcd337770ede8facc9d17a424328bf4b","name":"jane boldt","image":{"@type":"ImageObject","inLanguage":"pt-BR","@id":"https:\/\/portalcapixaba.com\/#\/schema\/person\/image\/","url":"https:\/\/secure.gravatar.com\/avatar\/0c30036a196ee4fe42305219849d553f713d275a5d9eddafc5bc93dc51582d78?s=96&d=mm&r=g","contentUrl":"https:\/\/secure.gravatar.com\/avatar\/0c30036a196ee4fe42305219849d553f713d275a5d9eddafc5bc93dc51582d78?s=96&d=mm&r=g","caption":"jane boldt"},"sameAs":["http:\/\/portalcapixaba.com.br"],"url":"https:\/\/portalcapixaba.com\/?author=3"}]}},"_links":{"self":[{"href":"https:\/\/portalcapixaba.com\/index.php?rest_route=\/wp\/v2\/posts\/13048","targetHints":{"allow":["GET"]}}],"collection":[{"href":"https:\/\/portalcapixaba.com\/index.php?rest_route=\/wp\/v2\/posts"}],"about":[{"href":"https:\/\/portalcapixaba.com\/index.php?rest_route=\/wp\/v2\/types\/post"}],"author":[{"embeddable":true,"href":"https:\/\/portalcapixaba.com\/index.php?rest_route=\/wp\/v2\/users\/3"}],"replies":[{"embeddable":true,"href":"https:\/\/portalcapixaba.com\/index.php?rest_route=%2Fwp%2Fv2%2Fcomments&post=13048"}],"version-history":[{"count":1,"href":"https:\/\/portalcapixaba.com\/index.php?rest_route=\/wp\/v2\/posts\/13048\/revisions"}],"predecessor-version":[{"id":13051,"href":"https:\/\/portalcapixaba.com\/index.php?rest_route=\/wp\/v2\/posts\/13048\/revisions\/13051"}],"wp:featuredmedia":[{"embeddable":true,"href":"https:\/\/portalcapixaba.com\/index.php?rest_route=\/wp\/v2\/media\/13050"}],"wp:attachment":[{"href":"https:\/\/portalcapixaba.com\/index.php?rest_route=%2Fwp%2Fv2%2Fmedia&parent=13048"}],"wp:term":[{"taxonomy":"category","embeddable":true,"href":"https:\/\/portalcapixaba.com\/index.php?rest_route=%2Fwp%2Fv2%2Fcategories&post=13048"},{"taxonomy":"post_tag","embeddable":true,"href":"https:\/\/portalcapixaba.com\/index.php?rest_route=%2Fwp%2Fv2%2Ftags&post=13048"}],"curies":[{"name":"wp","href":"https:\/\/api.w.org\/{rel}","templated":true}]}}