{"id":13052,"date":"2026-04-28T18:07:57","date_gmt":"2026-04-28T21:07:57","guid":{"rendered":"https:\/\/portalcapixaba.com\/?p=13052"},"modified":"2026-04-28T18:07:57","modified_gmt":"2026-04-28T21:07:57","slug":"com-boom-imobiliario-no-es-feira-da-construcao-chega-a-3a-edicao-em-julho-apos-movimentar-r-600-milhoes-em-2025","status":"publish","type":"post","link":"https:\/\/portalcapixaba.com\/?p=13052","title":{"rendered":"Com boom imobili\u00e1rio no ES, feira da constru\u00e7\u00e3o chega \u00e0 3\u00aa edi\u00e7\u00e3o em julho ap\u00f3s movimentar R$ 600 milh\u00f5es em 2025"},"content":{"rendered":"<div><i>ES Constru\u00e7\u00e3o 2026, realizada pelo Sinduscon-ES, reunir\u00e1 expositores e profissionais do setor no Pavilh\u00e3o de Carapina, entre os dias 8 e 10 de julho, com entrada gratuita<\/i><\/div>\n<div><i>\u00a0<\/i><\/div>\n<div>O mercado imobili\u00e1rio da Grande Vit\u00f3ria n\u00e3o para. Enquanto 75 construtoras e incorporadoras tocam 18.969 unidades em produ\u00e7\u00e3o na regi\u00e3o (dados do Sinduscon-ES no final de 2025), o setor j\u00e1 se prepara para o maior evento da constru\u00e7\u00e3o civil capixaba: a terceira edi\u00e7\u00e3o da ES Constru\u00e7\u00e3o, marcada para os dias 8, 9 e 10 de julho no Pavilh\u00e3o de Carapina, em Serra.<\/div>\n<div>A conjuntura favor\u00e1vel transforma a feira em palco estrat\u00e9gico. Com destaque para Vila Velha, Serra e Vit\u00f3ria como os munic\u00edpios de maior volume de obras, o crescimento do setor alimenta a demanda por inova\u00e7\u00e3o, tecnologia e conex\u00f5es comerciais, exatamente o que a ES Constru\u00e7\u00e3o se prop\u00f5e a oferecer em tr\u00eas dias intensos de programa\u00e7\u00e3o.<\/div>\n<div>A edi\u00e7\u00e3o de 2025 superou proje\u00e7\u00f5es de R$ 600 milh\u00f5es em neg\u00f3cios estimados para o per\u00edodo de um ano. Casos como as casas modulares vendidas durante o evento e projetos negociados no local ilustraram o potencial da feira como catalisadora de investimentos concretos. As Rodadas de Neg\u00f3cios, realizadas em parceria com Sebrae-ES e Findes, registraram 237 intera\u00e7\u00f5es empresariais, com proje\u00e7\u00e3o superior a R$ 5,2 milh\u00f5es em acordos nos 12 meses seguintes.<\/div>\n<div>Na segunda edi\u00e7\u00e3o, o p\u00fablico acompanhou ao vivo\u00a0<i>cases<\/i>\u00a0como um\u00a0chal\u00e9 tecnol\u00f3gico erguido em tr\u00eas dias, uma casa loft modular e uma resid\u00eancia de alto padr\u00e3o totalmente automatizada. Materiais inovadores, como areia sustent\u00e1vel produzida a partir de insumos do min\u00e9rio de ferro, tamb\u00e9m foram apresentados.<\/div>\n<div>Para 2026, a organiza\u00e7\u00e3o promete elevar o padr\u00e3o. O tema escolhido, \u201cConstru\u00e7\u00e3o inovadora, futuro sustent\u00e1vel\u201d, reflete a aposta do setor em tecnologias como m\u00f3dulos pr\u00e9-fabricados, steel frame (sistema construtivo baseado em uma estrutura de a\u00e7o galvanizado que forma o \u201cesqueleto\u201d da edifica\u00e7\u00e3o) e Building Information Modelling &#8211; BIM (Modelagem da Informa\u00e7\u00e3o da Constru\u00e7\u00e3o em portugu\u00eas), al\u00e9m do uso de materiais reciclados e energias renov\u00e1veis.<\/div>\n<div>A feira \u00e9 realizada pelo Sinduscon-ES, entidade que desde a primeira edi\u00e7\u00e3o posiciona o evento como plataforma de visibilidade para empresas e de fortalecimento da cadeia produtiva capixaba.<\/div>\n<div>\u201cInova\u00e7\u00e3o e sustentabilidade s\u00e3o o centro desta terceira edi\u00e7\u00e3o. Novos processos, tecnologias e materiais inovadores j\u00e1 transformam a forma de construir, gerando obras mais eficientes, seguras e sustent\u00e1veis. No Esp\u00edrito Santo, onde a constru\u00e7\u00e3o emprega mais de 130 mil pessoas, a ES Constru\u00e7\u00e3o \u00e9 a vitrine que mostra esse potencial para todo o Brasil\u201d, afirmou o presidente do Sinduscon-ES, Douglas Vaz.<\/div>\n","protected":false},"excerpt":{"rendered":"<p>ES Constru\u00e7\u00e3o 2026, realizada pelo Sinduscon-ES, reunir\u00e1 expositores e profissionais do setor no Pavilh\u00e3o de Carapina, entre os dias 8 e 10 de julho, com entrada gratuita \u00a0 O mercado imobili\u00e1rio da Grande Vit\u00f3ria n\u00e3o para. Enquanto 75 construtoras e incorporadoras tocam 18.969 unidades em produ\u00e7\u00e3o na regi\u00e3o (dados do Sinduscon-ES no final de 2025), [&hellip;]<\/p>\n","protected":false},"author":3,"featured_media":13053,"comment_status":"open","ping_status":"open","sticky":false,"template":"","format":"standard","meta":{"om_disable_all_campaigns":false,"_monsterinsights_skip_tracking":false,"_monsterinsights_sitenote_active":false,"_monsterinsights_sitenote_note":"","_monsterinsights_sitenote_category":0,"footnotes":""},"categories":[52],"tags":[],"class_list":["post-13052","post","type-post","status-publish","format-standard","has-post-thumbnail","hentry","category-economia"],"yoast_head":"<!-- This site is optimized with the Yoast SEO Premium plugin v21.9 (Yoast SEO v26.6) - https:\/\/yoast.com\/wordpress\/plugins\/seo\/ -->\n<title>Com boom imobili\u00e1rio no ES, feira da constru\u00e7\u00e3o chega \u00e0 3\u00aa edi\u00e7\u00e3o em julho ap\u00f3s movimentar R$ 600 milh\u00f5es em 2025 - Portal Capixaba<\/title>\n<meta name=\"description\" content=\"O mercado imobili\u00e1rio da Grande Vit\u00f3ria n\u00e3o para. Enquanto 75 construtoras e incorporadoras tocam 18.969 unidades em produ\u00e7\u00e3o na regi\u00e3o (dados do Sinduscon-ES no final de 2025), o setor j\u00e1 se prepara para o maior evento da constru\u00e7\u00e3o civil capixaba: a terceira edi\u00e7\u00e3o da ES Constru\u00e7\u00e3o, marcada para os dias 8, 9 e 10 de julho no Pavilh\u00e3o de Carapina, em Serra.\" \/>\n<meta name=\"robots\" content=\"index, follow, max-snippet:-1, max-image-preview:large, max-video-preview:-1\" \/>\n<link rel=\"canonical\" href=\"https:\/\/portalcapixaba.com\/?p=13052\" \/>\n<meta property=\"og:locale\" content=\"pt_BR\" \/>\n<meta property=\"og:type\" content=\"article\" \/>\n<meta property=\"og:title\" content=\"Com boom imobili\u00e1rio no ES, feira da constru\u00e7\u00e3o chega \u00e0 3\u00aa edi\u00e7\u00e3o em julho ap\u00f3s movimentar R$ 600 milh\u00f5es em 2025\" \/>\n<meta property=\"og:description\" content=\"O mercado imobili\u00e1rio da Grande Vit\u00f3ria n\u00e3o para. Enquanto 75 construtoras e incorporadoras tocam 18.969 unidades em produ\u00e7\u00e3o na regi\u00e3o (dados do Sinduscon-ES no final de 2025), o setor j\u00e1 se prepara para o maior evento da constru\u00e7\u00e3o civil capixaba: a terceira edi\u00e7\u00e3o da ES Constru\u00e7\u00e3o, marcada para os dias 8, 9 e 10 de julho no Pavilh\u00e3o de Carapina, em Serra.\" \/>\n<meta property=\"og:url\" content=\"https:\/\/portalcapixaba.com\/?p=13052\" \/>\n<meta property=\"og:site_name\" content=\"Portal Capixaba\" \/>\n<meta property=\"article:published_time\" content=\"2026-04-28T21:07:57+00:00\" \/>\n<meta property=\"og:image\" content=\"https:\/\/portalcapixaba.com\/wp-content\/uploads\/2026\/04\/ES-2025.jpeg\" \/>\n\t<meta property=\"og:image:width\" content=\"1600\" \/>\n\t<meta property=\"og:image:height\" content=\"1066\" \/>\n\t<meta property=\"og:image:type\" content=\"image\/jpeg\" \/>\n<meta name=\"author\" content=\"jane boldt\" \/>\n<meta name=\"twitter:card\" content=\"summary_large_image\" \/>\n<meta name=\"twitter:label1\" content=\"Escrito por\" \/>\n\t<meta name=\"twitter:data1\" content=\"jane boldt\" \/>\n\t<meta name=\"twitter:label2\" content=\"Est. tempo de leitura\" \/>\n\t<meta name=\"twitter:data2\" content=\"3 minutos\" \/>\n<script type=\"application\/ld+json\" class=\"yoast-schema-graph\">{\"@context\":\"https:\/\/schema.org\",\"@graph\":[{\"@type\":\"WebPage\",\"@id\":\"https:\/\/portalcapixaba.com\/?p=13052\",\"url\":\"https:\/\/portalcapixaba.com\/?p=13052\",\"name\":\"Com boom imobili\u00e1rio no ES, feira da constru\u00e7\u00e3o chega \u00e0 3\u00aa edi\u00e7\u00e3o em julho ap\u00f3s movimentar R$ 600 milh\u00f5es em 2025 - Portal Capixaba\",\"isPartOf\":{\"@id\":\"https:\/\/portalcapixaba.com\/#website\"},\"primaryImageOfPage\":{\"@id\":\"https:\/\/portalcapixaba.com\/?p=13052#primaryimage\"},\"image\":{\"@id\":\"https:\/\/portalcapixaba.com\/?p=13052#primaryimage\"},\"thumbnailUrl\":\"https:\/\/portalcapixaba.com\/wp-content\/uploads\/2026\/04\/ES-2025.jpeg\",\"datePublished\":\"2026-04-28T21:07:57+00:00\",\"author\":{\"@id\":\"https:\/\/portalcapixaba.com\/#\/schema\/person\/bcd337770ede8facc9d17a424328bf4b\"},\"description\":\"O mercado imobili\u00e1rio da Grande Vit\u00f3ria n\u00e3o para. Enquanto 75 construtoras e incorporadoras tocam 18.969 unidades em produ\u00e7\u00e3o na regi\u00e3o (dados do Sinduscon-ES no final de 2025), o setor j\u00e1 se prepara para o maior evento da constru\u00e7\u00e3o civil capixaba: a terceira edi\u00e7\u00e3o da ES Constru\u00e7\u00e3o, marcada para os dias 8, 9 e 10 de julho no Pavilh\u00e3o de Carapina, em Serra.\",\"breadcrumb\":{\"@id\":\"https:\/\/portalcapixaba.com\/?p=13052#breadcrumb\"},\"inLanguage\":\"pt-BR\",\"potentialAction\":[{\"@type\":\"ReadAction\",\"target\":[\"https:\/\/portalcapixaba.com\/?p=13052\"]}]},{\"@type\":\"ImageObject\",\"inLanguage\":\"pt-BR\",\"@id\":\"https:\/\/portalcapixaba.com\/?p=13052#primaryimage\",\"url\":\"https:\/\/portalcapixaba.com\/wp-content\/uploads\/2026\/04\/ES-2025.jpeg\",\"contentUrl\":\"https:\/\/portalcapixaba.com\/wp-content\/uploads\/2026\/04\/ES-2025.jpeg\",\"width\":1600,\"height\":1066},{\"@type\":\"BreadcrumbList\",\"@id\":\"https:\/\/portalcapixaba.com\/?p=13052#breadcrumb\",\"itemListElement\":[{\"@type\":\"ListItem\",\"position\":1,\"name\":\"Home\",\"item\":\"https:\/\/portalcapixaba.com\/\"},{\"@type\":\"ListItem\",\"position\":2,\"name\":\"Com boom imobili\u00e1rio no ES, feira da constru\u00e7\u00e3o chega \u00e0 3\u00aa edi\u00e7\u00e3o em julho ap\u00f3s movimentar R$ 600 milh\u00f5es em 2025\"}]},{\"@type\":\"WebSite\",\"@id\":\"https:\/\/portalcapixaba.com\/#website\",\"url\":\"https:\/\/portalcapixaba.com\/\",\"name\":\"Portal Capixaba\",\"description\":\"\",\"potentialAction\":[{\"@type\":\"SearchAction\",\"target\":{\"@type\":\"EntryPoint\",\"urlTemplate\":\"https:\/\/portalcapixaba.com\/?s={search_term_string}\"},\"query-input\":{\"@type\":\"PropertyValueSpecification\",\"valueRequired\":true,\"valueName\":\"search_term_string\"}}],\"inLanguage\":\"pt-BR\"},{\"@type\":\"Person\",\"@id\":\"https:\/\/portalcapixaba.com\/#\/schema\/person\/bcd337770ede8facc9d17a424328bf4b\",\"name\":\"jane boldt\",\"image\":{\"@type\":\"ImageObject\",\"inLanguage\":\"pt-BR\",\"@id\":\"https:\/\/portalcapixaba.com\/#\/schema\/person\/image\/\",\"url\":\"https:\/\/secure.gravatar.com\/avatar\/0c30036a196ee4fe42305219849d553f713d275a5d9eddafc5bc93dc51582d78?s=96&d=mm&r=g\",\"contentUrl\":\"https:\/\/secure.gravatar.com\/avatar\/0c30036a196ee4fe42305219849d553f713d275a5d9eddafc5bc93dc51582d78?s=96&d=mm&r=g\",\"caption\":\"jane boldt\"},\"sameAs\":[\"http:\/\/portalcapixaba.com.br\"],\"url\":\"https:\/\/portalcapixaba.com\/?author=3\"}]}<\/script>\n<!-- \/ Yoast SEO Premium plugin. -->","yoast_head_json":{"title":"Com boom imobili\u00e1rio no ES, feira da constru\u00e7\u00e3o chega \u00e0 3\u00aa edi\u00e7\u00e3o em julho ap\u00f3s movimentar R$ 600 milh\u00f5es em 2025 - Portal Capixaba","description":"O mercado imobili\u00e1rio da Grande Vit\u00f3ria n\u00e3o para. Enquanto 75 construtoras e incorporadoras tocam 18.969 unidades em produ\u00e7\u00e3o na regi\u00e3o (dados do Sinduscon-ES no final de 2025), o setor j\u00e1 se prepara para o maior evento da constru\u00e7\u00e3o civil capixaba: a terceira edi\u00e7\u00e3o da ES Constru\u00e7\u00e3o, marcada para os dias 8, 9 e 10 de julho no Pavilh\u00e3o de Carapina, em Serra.","robots":{"index":"index","follow":"follow","max-snippet":"max-snippet:-1","max-image-preview":"max-image-preview:large","max-video-preview":"max-video-preview:-1"},"canonical":"https:\/\/portalcapixaba.com\/?p=13052","og_locale":"pt_BR","og_type":"article","og_title":"Com boom imobili\u00e1rio no ES, feira da constru\u00e7\u00e3o chega \u00e0 3\u00aa edi\u00e7\u00e3o em julho ap\u00f3s movimentar R$ 600 milh\u00f5es em 2025","og_description":"O mercado imobili\u00e1rio da Grande Vit\u00f3ria n\u00e3o para. Enquanto 75 construtoras e incorporadoras tocam 18.969 unidades em produ\u00e7\u00e3o na regi\u00e3o (dados do Sinduscon-ES no final de 2025), o setor j\u00e1 se prepara para o maior evento da constru\u00e7\u00e3o civil capixaba: a terceira edi\u00e7\u00e3o da ES Constru\u00e7\u00e3o, marcada para os dias 8, 9 e 10 de julho no Pavilh\u00e3o de Carapina, em Serra.","og_url":"https:\/\/portalcapixaba.com\/?p=13052","og_site_name":"Portal Capixaba","article_published_time":"2026-04-28T21:07:57+00:00","og_image":[{"width":1600,"height":1066,"url":"https:\/\/portalcapixaba.com\/wp-content\/uploads\/2026\/04\/ES-2025.jpeg","type":"image\/jpeg"}],"author":"jane boldt","twitter_card":"summary_large_image","twitter_misc":{"Escrito por":"jane boldt","Est. tempo de leitura":"3 minutos"},"schema":{"@context":"https:\/\/schema.org","@graph":[{"@type":"WebPage","@id":"https:\/\/portalcapixaba.com\/?p=13052","url":"https:\/\/portalcapixaba.com\/?p=13052","name":"Com boom imobili\u00e1rio no ES, feira da constru\u00e7\u00e3o chega \u00e0 3\u00aa edi\u00e7\u00e3o em julho ap\u00f3s movimentar R$ 600 milh\u00f5es em 2025 - Portal Capixaba","isPartOf":{"@id":"https:\/\/portalcapixaba.com\/#website"},"primaryImageOfPage":{"@id":"https:\/\/portalcapixaba.com\/?p=13052#primaryimage"},"image":{"@id":"https:\/\/portalcapixaba.com\/?p=13052#primaryimage"},"thumbnailUrl":"https:\/\/portalcapixaba.com\/wp-content\/uploads\/2026\/04\/ES-2025.jpeg","datePublished":"2026-04-28T21:07:57+00:00","author":{"@id":"https:\/\/portalcapixaba.com\/#\/schema\/person\/bcd337770ede8facc9d17a424328bf4b"},"description":"O mercado imobili\u00e1rio da Grande Vit\u00f3ria n\u00e3o para. Enquanto 75 construtoras e incorporadoras tocam 18.969 unidades em produ\u00e7\u00e3o na regi\u00e3o (dados do Sinduscon-ES no final de 2025), o setor j\u00e1 se prepara para o maior evento da constru\u00e7\u00e3o civil capixaba: a terceira edi\u00e7\u00e3o da ES Constru\u00e7\u00e3o, marcada para os dias 8, 9 e 10 de julho no Pavilh\u00e3o de Carapina, em Serra.","breadcrumb":{"@id":"https:\/\/portalcapixaba.com\/?p=13052#breadcrumb"},"inLanguage":"pt-BR","potentialAction":[{"@type":"ReadAction","target":["https:\/\/portalcapixaba.com\/?p=13052"]}]},{"@type":"ImageObject","inLanguage":"pt-BR","@id":"https:\/\/portalcapixaba.com\/?p=13052#primaryimage","url":"https:\/\/portalcapixaba.com\/wp-content\/uploads\/2026\/04\/ES-2025.jpeg","contentUrl":"https:\/\/portalcapixaba.com\/wp-content\/uploads\/2026\/04\/ES-2025.jpeg","width":1600,"height":1066},{"@type":"BreadcrumbList","@id":"https:\/\/portalcapixaba.com\/?p=13052#breadcrumb","itemListElement":[{"@type":"ListItem","position":1,"name":"Home","item":"https:\/\/portalcapixaba.com\/"},{"@type":"ListItem","position":2,"name":"Com boom imobili\u00e1rio no ES, feira da constru\u00e7\u00e3o chega \u00e0 3\u00aa edi\u00e7\u00e3o em julho ap\u00f3s movimentar R$ 600 milh\u00f5es em 2025"}]},{"@type":"WebSite","@id":"https:\/\/portalcapixaba.com\/#website","url":"https:\/\/portalcapixaba.com\/","name":"Portal Capixaba","description":"","potentialAction":[{"@type":"SearchAction","target":{"@type":"EntryPoint","urlTemplate":"https:\/\/portalcapixaba.com\/?s={search_term_string}"},"query-input":{"@type":"PropertyValueSpecification","valueRequired":true,"valueName":"search_term_string"}}],"inLanguage":"pt-BR"},{"@type":"Person","@id":"https:\/\/portalcapixaba.com\/#\/schema\/person\/bcd337770ede8facc9d17a424328bf4b","name":"jane boldt","image":{"@type":"ImageObject","inLanguage":"pt-BR","@id":"https:\/\/portalcapixaba.com\/#\/schema\/person\/image\/","url":"https:\/\/secure.gravatar.com\/avatar\/0c30036a196ee4fe42305219849d553f713d275a5d9eddafc5bc93dc51582d78?s=96&d=mm&r=g","contentUrl":"https:\/\/secure.gravatar.com\/avatar\/0c30036a196ee4fe42305219849d553f713d275a5d9eddafc5bc93dc51582d78?s=96&d=mm&r=g","caption":"jane boldt"},"sameAs":["http:\/\/portalcapixaba.com.br"],"url":"https:\/\/portalcapixaba.com\/?author=3"}]}},"_links":{"self":[{"href":"https:\/\/portalcapixaba.com\/index.php?rest_route=\/wp\/v2\/posts\/13052","targetHints":{"allow":["GET"]}}],"collection":[{"href":"https:\/\/portalcapixaba.com\/index.php?rest_route=\/wp\/v2\/posts"}],"about":[{"href":"https:\/\/portalcapixaba.com\/index.php?rest_route=\/wp\/v2\/types\/post"}],"author":[{"embeddable":true,"href":"https:\/\/portalcapixaba.com\/index.php?rest_route=\/wp\/v2\/users\/3"}],"replies":[{"embeddable":true,"href":"https:\/\/portalcapixaba.com\/index.php?rest_route=%2Fwp%2Fv2%2Fcomments&post=13052"}],"version-history":[{"count":1,"href":"https:\/\/portalcapixaba.com\/index.php?rest_route=\/wp\/v2\/posts\/13052\/revisions"}],"predecessor-version":[{"id":13054,"href":"https:\/\/portalcapixaba.com\/index.php?rest_route=\/wp\/v2\/posts\/13052\/revisions\/13054"}],"wp:featuredmedia":[{"embeddable":true,"href":"https:\/\/portalcapixaba.com\/index.php?rest_route=\/wp\/v2\/media\/13053"}],"wp:attachment":[{"href":"https:\/\/portalcapixaba.com\/index.php?rest_route=%2Fwp%2Fv2%2Fmedia&parent=13052"}],"wp:term":[{"taxonomy":"category","embeddable":true,"href":"https:\/\/portalcapixaba.com\/index.php?rest_route=%2Fwp%2Fv2%2Fcategories&post=13052"},{"taxonomy":"post_tag","embeddable":true,"href":"https:\/\/portalcapixaba.com\/index.php?rest_route=%2Fwp%2Fv2%2Ftags&post=13052"}],"curies":[{"name":"wp","href":"https:\/\/api.w.org\/{rel}","templated":true}]}}