{"id":13064,"date":"2026-04-29T21:51:03","date_gmt":"2026-04-30T00:51:03","guid":{"rendered":"https:\/\/portalcapixaba.com\/?p=13064"},"modified":"2026-04-29T21:51:03","modified_gmt":"2026-04-30T00:51:03","slug":"encontro-nacional-de-seguranca-publica-reune-mais-de-1-500-participantes-e-mobiliza-autoridades-em-vitoria","status":"publish","type":"post","link":"https:\/\/portalcapixaba.com\/?p=13064","title":{"rendered":"Encontro nacional de seguran\u00e7a p\u00fablica re\u00fane mais de 1.500 participantes e mobiliza autoridades em Vit\u00f3ria"},"content":{"rendered":"<p style=\"font-weight: 400;\"><em>Evento reuniu grandes nomes de especialistas de todo o pa\u00eds e colocou em pauta fac\u00e7\u00f5es criminosas, sistema prisional e impactos da viol\u00eancia na economia<\/em><\/p>\n<p style=\"font-weight: 400;\">Mais de 1.500 pessoas, entre autoridades de renome nacional, profissionais da seguran\u00e7a p\u00fablica, especialistas, empres\u00e1rios e representantes do sistema de justi\u00e7a de todo o pa\u00eds, estiveram presentes no &#8220;Brasil Sob Amea\u00e7a \u2013 Encontro Nacional de Seguran\u00e7a e Combate ao Crime Organizado&#8221;, encerrado na noite desta ter\u00e7a-feira (28), em Vit\u00f3ria.<\/p>\n<p style=\"font-weight: 400;\">Com debates que giraram em torno do avan\u00e7o do crime organizado e dos desafios do enfrentamento da pauta no Brasil, o evento foi palco de dois dias intensos de programa\u00e7\u00e3o, com participa\u00e7\u00e3o de nomes como o ex-capit\u00e3o do BOPE, Rodrigo Pimentel; o deputado federal Guilherme Derrite; o ex-procurador da Rep\u00fablica Deltan Dallagnol e a desembargadora Ivana David.<\/p>\n<p style=\"font-weight: 400;\">Durante a abertura, o governador do Estado, Ricardo Ferra\u00e7o, defendeu o endurecimento da legisla\u00e7\u00e3o. &#8220;O crime organizado pode n\u00e3o ter motiva\u00e7\u00e3o ideol\u00f3gica nem religiosa, mas pratica o terrorismo em sua concep\u00e7\u00e3o mais objetiva: intimida, paralisa e desafia o Estado brasileiro&#8221;, afirmou.<\/p>\n<p style=\"font-weight: 400;\">Coordenador do evento, o juiz criminal Carlos Eduardo Ribeiro Lemos destacou a necessidade de tratar a seguran\u00e7a p\u00fablica como pol\u00edtica de Estado. &#8220;Seguran\u00e7a p\u00fablica e salvar vidas n\u00e3o deveria ser nem de direita nem de esquerda, deveria ser uma pol\u00edtica p\u00fablica. O Brasil convive hoje com territ\u00f3rios dominados e com viol\u00eancias que n\u00e3o podem ser mais tratadas com respostas antigas&#8221;.<\/p>\n<p style=\"font-weight: 400;\"><strong>Especialistas debatem enfrentamento ao crime organizado<\/strong><\/p>\n<p style=\"font-weight: 400;\">O capit\u00e3o veterano do BOPE e especialista em seguran\u00e7a p\u00fablica Rodrigo Pimentel afirmou que o crime organizado s\u00f3 existe com a simbiose do Estado. \u201cSe n\u00e3o h\u00e1 participa\u00e7\u00e3o ou omiss\u00e3o de agente p\u00fablico, o crime n\u00e3o \u00e9 organizado. Quando uma fac\u00e7\u00e3o compra decis\u00f5es judiciais, consegue soltar um preso de seguran\u00e7a m\u00e1xima pela porta da frente ou infiltra dinheiro no mercado financeiro, isso \u00e9 sinal claro dessa estrutura&#8221;.<\/p>\n<p style=\"font-weight: 400;\">O combate ao terrorismo e ao crime organizado tamb\u00e9m foi tema da palestra de Eliel Teixeira, xerife em Los Angeles (EUA). Teixeira destacou que a principal li\u00e7\u00e3o americana para o Brasil \u00e9 que o crime organizado s\u00f3 \u00e9 vencido com integra\u00e7\u00e3o institucional e apoio popular. Al\u00e9m disso, refor\u00e7ou que as institui\u00e7\u00f5es precisam evoluir t\u00e3o r\u00e1pido quanto o crime, unindo esfor\u00e7os e mantendo a sociedade consciente para retomar a seguran\u00e7a.<\/p>\n<p style=\"font-weight: 400;\">O ex-procurador da Rep\u00fablica Deltan Dallagnol afirmou que o Brasil enfrenta uma perda progressiva de soberania territorial para fac\u00e7\u00f5es criminosas. Mais do que controlar o tr\u00e1fico, esses grupos consolidaram um Estado paralelo em diversas regi\u00f5es, onde exercem fun\u00e7\u00f5es administrativas, impondo tributos, gerindo servi\u00e7os, ditando regras e operando tribunais pr\u00f3prios. Para ele, h\u00e1 tamb\u00e9m um limite operacional grave no modelo atual de policiamento. &#8220;O modelo tradicional exige que o agente aguarde uma agress\u00e3o iminente para reagir. Diante de ex\u00e9rcitos criminosos que somam cerca de 70 mil integrantes armados, essa doutrina condena o policial \u00e0 morte e desestimula o combate ao crime&#8221;, afirmou.<\/p>\n<p style=\"font-weight: 400;\">Comandante da Companhia Independente de Policiamento Escolar da PMES (CIPE), o Major Eliandro Claudino alertou para a urg\u00eancia da preven\u00e7\u00e3o nas escolas. &#8220;Hoje, nenhuma escola no Brasil pode se dizer totalmente segura, e isso acontece porque ainda n\u00e3o aprendemos a prevenir. Somente este ano, j\u00e1 somamos 47 casos de viol\u00eancia no ambiente escolar, quase metade deles causados por adolescentes. O problema n\u00e3o come\u00e7a no momento do ataque; ele ganha for\u00e7a muito antes, no sil\u00eancio que ignoramos&#8221;.<\/p>\n<p style=\"font-weight: 400;\">A desembargadora do Tribunal de Justi\u00e7a do Estado de S\u00e3o Paulo (TJSP) Ivana David alertou que o crime organizado j\u00e1 ocupa centros econ\u00f4micos. &#8220;O crime n\u00e3o est\u00e1 apenas nas m\u00e3os de alguns jovens armados na periferia, mas tamb\u00e9m em grandes estabelecimentos comerciais, escrit\u00f3rios e jogos de apostas. S\u00e3o investidores que, sem nunca tocar em uma arma, lavam dinheiro e sustentam toda essa estrutura por meio de neg\u00f3cios aparentemente leg\u00edtimos&#8221;.<\/p>\n<p style=\"font-weight: 400;\">J\u00e1 o deputado federal Guilherme Derrite refor\u00e7ou a necessidade de mudan\u00e7a estrutural no combate \u00e0 criminalidade. &#8220;O que n\u00e3o d\u00e1 mais para aceitar \u00e9 o Brasil continuar sendo um para\u00edso de impunidade para criminosos&#8221;.<\/p>\n<p style=\"font-weight: 400;\">O encerramento do encontro contou com a participa\u00e7\u00e3o virtual do ex-governador de Minas Gerais Romeu Zema, que equiparou o avan\u00e7o das fac\u00e7\u00f5es criminosas a uma amea\u00e7a \u00e0 soberania nacional. &#8220;O Brasil n\u00e3o tem um pa\u00eds vizinho que est\u00e1 invadindo, que est\u00e1 atacando sua soberania, mas tem fac\u00e7\u00f5es que est\u00e3o controlando territ\u00f3rios&#8221;.<\/p>\n<p style=\"font-weight: 400;\"><strong>Lan\u00e7amento do livro &#8220;O Tiro Necess\u00e1rio&#8221;<\/strong><\/p>\n<p style=\"font-weight: 400;\">Durante a programa\u00e7\u00e3o do primeiro dia, o coordenador do evento e juiz criminal Carlos Eduardo Ribeiro Lemos lan\u00e7ou o livro \u201cO Tiro Necess\u00e1rio\u201d. A obra prop\u00f5e uma reflex\u00e3o sobre os limites da atua\u00e7\u00e3o do Estado diante da criminalidade armada no Brasil e busca contribuir para a formula\u00e7\u00e3o de respostas jur\u00eddicas compat\u00edveis com a gravidade do cen\u00e1rio enfrentado por agentes p\u00fablicos e pela popula\u00e7\u00e3o.<\/p>\n<p style=\"font-weight: 400;\">&#8220;O livro parte de uma constata\u00e7\u00e3o inc\u00f4moda: enquanto a legisla\u00e7\u00e3o brasileira ainda opera sob paradigmas pensados para uma criminalidade comum, a realidade das ruas revela um inimigo diferente, armado, estruturado e disposto ao confronto. Fuzis em \u00e1reas urbanas n\u00e3o s\u00e3o met\u00e1fora; s\u00e3o evid\u00eancia de que o Estado, em muitos momentos, j\u00e1 n\u00e3o det\u00e9m o monop\u00f3lio da for\u00e7a&#8221;.<\/p>\n<p style=\"font-weight: 400;\"><strong>Carta de Vit\u00f3ria apresenta diretrizes para o enfrentamento ao crime organizado<\/strong><\/p>\n<p style=\"font-weight: 400;\">Ao encerramento do encontro, foi apresentada a Carta de Vit\u00f3ria, documento-s\u00edntese que re\u00fane diretrizes e propostas constru\u00eddas ao longo dos dois dias de debates. O documento \u00e9 uma vers\u00e3o pr\u00e9via, que ser\u00e1 complementada a partir dos di\u00e1logos desenvolvidos entre institui\u00e7\u00f5es, especialistas e participantes.<br \/>\nCr\u00e9ditos foto : Cac\u00e1 Lima<\/p>\n","protected":false},"excerpt":{"rendered":"<p>Evento reuniu grandes nomes de especialistas de todo o pa\u00eds e colocou em pauta fac\u00e7\u00f5es criminosas, sistema prisional e impactos da viol\u00eancia na economia Mais de 1.500 pessoas, entre autoridades de renome nacional, profissionais da seguran\u00e7a p\u00fablica, especialistas, empres\u00e1rios e representantes do sistema de justi\u00e7a de todo o pa\u00eds, estiveram presentes no &#8220;Brasil Sob Amea\u00e7a [&hellip;]<\/p>\n","protected":false},"author":3,"featured_media":13065,"comment_status":"open","ping_status":"open","sticky":false,"template":"","format":"standard","meta":{"om_disable_all_campaigns":false,"_monsterinsights_skip_tracking":false,"_monsterinsights_sitenote_active":false,"_monsterinsights_sitenote_note":"","_monsterinsights_sitenote_category":0,"footnotes":""},"categories":[49],"tags":[],"class_list":["post-13064","post","type-post","status-publish","format-standard","has-post-thumbnail","hentry","category-seguranca-publica"],"yoast_head":"<!-- This site is optimized with the Yoast SEO Premium plugin v21.9 (Yoast SEO v26.6) - https:\/\/yoast.com\/wordpress\/plugins\/seo\/ -->\n<title>Encontro nacional de seguran\u00e7a p\u00fablica re\u00fane mais de 1.500 participantes e mobiliza autoridades em Vit\u00f3ria - Portal Capixaba<\/title>\n<meta name=\"robots\" content=\"index, follow, max-snippet:-1, max-image-preview:large, max-video-preview:-1\" \/>\n<link rel=\"canonical\" href=\"https:\/\/portalcapixaba.com\/?p=13064\" \/>\n<meta property=\"og:locale\" content=\"pt_BR\" \/>\n<meta property=\"og:type\" content=\"article\" \/>\n<meta property=\"og:title\" content=\"Encontro nacional de seguran\u00e7a p\u00fablica re\u00fane mais de 1.500 participantes e mobiliza autoridades em Vit\u00f3ria\" \/>\n<meta property=\"og:description\" content=\"Evento reuniu grandes nomes de especialistas de todo o pa\u00eds e colocou em pauta fac\u00e7\u00f5es criminosas, sistema prisional e impactos da viol\u00eancia na economia Mais de 1.500 pessoas, entre autoridades de renome nacional, profissionais da seguran\u00e7a p\u00fablica, especialistas, empres\u00e1rios e representantes do sistema de justi\u00e7a de todo o pa\u00eds, estiveram presentes no &#8220;Brasil Sob Amea\u00e7a [&hellip;]\" \/>\n<meta property=\"og:url\" content=\"https:\/\/portalcapixaba.com\/?p=13064\" \/>\n<meta property=\"og:site_name\" content=\"Portal Capixaba\" \/>\n<meta property=\"article:published_time\" content=\"2026-04-30T00:51:03+00:00\" \/>\n<meta property=\"og:image\" content=\"https:\/\/portalcapixaba.com\/wp-content\/uploads\/2026\/04\/Creditos-Caca-Lima-3.jpg\" \/>\n\t<meta property=\"og:image:width\" content=\"1200\" \/>\n\t<meta property=\"og:image:height\" content=\"800\" \/>\n\t<meta property=\"og:image:type\" content=\"image\/jpeg\" \/>\n<meta name=\"author\" content=\"jane boldt\" \/>\n<meta name=\"twitter:card\" content=\"summary_large_image\" \/>\n<meta name=\"twitter:label1\" content=\"Escrito por\" \/>\n\t<meta name=\"twitter:data1\" content=\"jane boldt\" \/>\n\t<meta name=\"twitter:label2\" content=\"Est. tempo de leitura\" \/>\n\t<meta name=\"twitter:data2\" content=\"6 minutos\" \/>\n<script type=\"application\/ld+json\" class=\"yoast-schema-graph\">{\"@context\":\"https:\/\/schema.org\",\"@graph\":[{\"@type\":\"WebPage\",\"@id\":\"https:\/\/portalcapixaba.com\/?p=13064\",\"url\":\"https:\/\/portalcapixaba.com\/?p=13064\",\"name\":\"Encontro nacional de seguran\u00e7a p\u00fablica re\u00fane mais de 1.500 participantes e mobiliza autoridades em Vit\u00f3ria - Portal Capixaba\",\"isPartOf\":{\"@id\":\"https:\/\/portalcapixaba.com\/#website\"},\"primaryImageOfPage\":{\"@id\":\"https:\/\/portalcapixaba.com\/?p=13064#primaryimage\"},\"image\":{\"@id\":\"https:\/\/portalcapixaba.com\/?p=13064#primaryimage\"},\"thumbnailUrl\":\"https:\/\/portalcapixaba.com\/wp-content\/uploads\/2026\/04\/Creditos-Caca-Lima-3.jpg\",\"datePublished\":\"2026-04-30T00:51:03+00:00\",\"author\":{\"@id\":\"https:\/\/portalcapixaba.com\/#\/schema\/person\/bcd337770ede8facc9d17a424328bf4b\"},\"breadcrumb\":{\"@id\":\"https:\/\/portalcapixaba.com\/?p=13064#breadcrumb\"},\"inLanguage\":\"pt-BR\",\"potentialAction\":[{\"@type\":\"ReadAction\",\"target\":[\"https:\/\/portalcapixaba.com\/?p=13064\"]}]},{\"@type\":\"ImageObject\",\"inLanguage\":\"pt-BR\",\"@id\":\"https:\/\/portalcapixaba.com\/?p=13064#primaryimage\",\"url\":\"https:\/\/portalcapixaba.com\/wp-content\/uploads\/2026\/04\/Creditos-Caca-Lima-3.jpg\",\"contentUrl\":\"https:\/\/portalcapixaba.com\/wp-content\/uploads\/2026\/04\/Creditos-Caca-Lima-3.jpg\",\"width\":1200,\"height\":800},{\"@type\":\"BreadcrumbList\",\"@id\":\"https:\/\/portalcapixaba.com\/?p=13064#breadcrumb\",\"itemListElement\":[{\"@type\":\"ListItem\",\"position\":1,\"name\":\"Home\",\"item\":\"https:\/\/portalcapixaba.com\/\"},{\"@type\":\"ListItem\",\"position\":2,\"name\":\"Encontro nacional de seguran\u00e7a p\u00fablica re\u00fane mais de 1.500 participantes e mobiliza autoridades em Vit\u00f3ria\"}]},{\"@type\":\"WebSite\",\"@id\":\"https:\/\/portalcapixaba.com\/#website\",\"url\":\"https:\/\/portalcapixaba.com\/\",\"name\":\"Portal Capixaba\",\"description\":\"\",\"potentialAction\":[{\"@type\":\"SearchAction\",\"target\":{\"@type\":\"EntryPoint\",\"urlTemplate\":\"https:\/\/portalcapixaba.com\/?s={search_term_string}\"},\"query-input\":{\"@type\":\"PropertyValueSpecification\",\"valueRequired\":true,\"valueName\":\"search_term_string\"}}],\"inLanguage\":\"pt-BR\"},{\"@type\":\"Person\",\"@id\":\"https:\/\/portalcapixaba.com\/#\/schema\/person\/bcd337770ede8facc9d17a424328bf4b\",\"name\":\"jane boldt\",\"image\":{\"@type\":\"ImageObject\",\"inLanguage\":\"pt-BR\",\"@id\":\"https:\/\/portalcapixaba.com\/#\/schema\/person\/image\/\",\"url\":\"https:\/\/secure.gravatar.com\/avatar\/0c30036a196ee4fe42305219849d553f713d275a5d9eddafc5bc93dc51582d78?s=96&d=mm&r=g\",\"contentUrl\":\"https:\/\/secure.gravatar.com\/avatar\/0c30036a196ee4fe42305219849d553f713d275a5d9eddafc5bc93dc51582d78?s=96&d=mm&r=g\",\"caption\":\"jane boldt\"},\"sameAs\":[\"http:\/\/portalcapixaba.com.br\"],\"url\":\"https:\/\/portalcapixaba.com\/?author=3\"}]}<\/script>\n<!-- \/ Yoast SEO Premium plugin. -->","yoast_head_json":{"title":"Encontro nacional de seguran\u00e7a p\u00fablica re\u00fane mais de 1.500 participantes e mobiliza autoridades em Vit\u00f3ria - Portal Capixaba","robots":{"index":"index","follow":"follow","max-snippet":"max-snippet:-1","max-image-preview":"max-image-preview:large","max-video-preview":"max-video-preview:-1"},"canonical":"https:\/\/portalcapixaba.com\/?p=13064","og_locale":"pt_BR","og_type":"article","og_title":"Encontro nacional de seguran\u00e7a p\u00fablica re\u00fane mais de 1.500 participantes e mobiliza autoridades em Vit\u00f3ria","og_description":"Evento reuniu grandes nomes de especialistas de todo o pa\u00eds e colocou em pauta fac\u00e7\u00f5es criminosas, sistema prisional e impactos da viol\u00eancia na economia Mais de 1.500 pessoas, entre autoridades de renome nacional, profissionais da seguran\u00e7a p\u00fablica, especialistas, empres\u00e1rios e representantes do sistema de justi\u00e7a de todo o pa\u00eds, estiveram presentes no &#8220;Brasil Sob Amea\u00e7a [&hellip;]","og_url":"https:\/\/portalcapixaba.com\/?p=13064","og_site_name":"Portal Capixaba","article_published_time":"2026-04-30T00:51:03+00:00","og_image":[{"width":1200,"height":800,"url":"https:\/\/portalcapixaba.com\/wp-content\/uploads\/2026\/04\/Creditos-Caca-Lima-3.jpg","type":"image\/jpeg"}],"author":"jane boldt","twitter_card":"summary_large_image","twitter_misc":{"Escrito por":"jane boldt","Est. tempo de leitura":"6 minutos"},"schema":{"@context":"https:\/\/schema.org","@graph":[{"@type":"WebPage","@id":"https:\/\/portalcapixaba.com\/?p=13064","url":"https:\/\/portalcapixaba.com\/?p=13064","name":"Encontro nacional de seguran\u00e7a p\u00fablica re\u00fane mais de 1.500 participantes e mobiliza autoridades em Vit\u00f3ria - Portal Capixaba","isPartOf":{"@id":"https:\/\/portalcapixaba.com\/#website"},"primaryImageOfPage":{"@id":"https:\/\/portalcapixaba.com\/?p=13064#primaryimage"},"image":{"@id":"https:\/\/portalcapixaba.com\/?p=13064#primaryimage"},"thumbnailUrl":"https:\/\/portalcapixaba.com\/wp-content\/uploads\/2026\/04\/Creditos-Caca-Lima-3.jpg","datePublished":"2026-04-30T00:51:03+00:00","author":{"@id":"https:\/\/portalcapixaba.com\/#\/schema\/person\/bcd337770ede8facc9d17a424328bf4b"},"breadcrumb":{"@id":"https:\/\/portalcapixaba.com\/?p=13064#breadcrumb"},"inLanguage":"pt-BR","potentialAction":[{"@type":"ReadAction","target":["https:\/\/portalcapixaba.com\/?p=13064"]}]},{"@type":"ImageObject","inLanguage":"pt-BR","@id":"https:\/\/portalcapixaba.com\/?p=13064#primaryimage","url":"https:\/\/portalcapixaba.com\/wp-content\/uploads\/2026\/04\/Creditos-Caca-Lima-3.jpg","contentUrl":"https:\/\/portalcapixaba.com\/wp-content\/uploads\/2026\/04\/Creditos-Caca-Lima-3.jpg","width":1200,"height":800},{"@type":"BreadcrumbList","@id":"https:\/\/portalcapixaba.com\/?p=13064#breadcrumb","itemListElement":[{"@type":"ListItem","position":1,"name":"Home","item":"https:\/\/portalcapixaba.com\/"},{"@type":"ListItem","position":2,"name":"Encontro nacional de seguran\u00e7a p\u00fablica re\u00fane mais de 1.500 participantes e mobiliza autoridades em Vit\u00f3ria"}]},{"@type":"WebSite","@id":"https:\/\/portalcapixaba.com\/#website","url":"https:\/\/portalcapixaba.com\/","name":"Portal Capixaba","description":"","potentialAction":[{"@type":"SearchAction","target":{"@type":"EntryPoint","urlTemplate":"https:\/\/portalcapixaba.com\/?s={search_term_string}"},"query-input":{"@type":"PropertyValueSpecification","valueRequired":true,"valueName":"search_term_string"}}],"inLanguage":"pt-BR"},{"@type":"Person","@id":"https:\/\/portalcapixaba.com\/#\/schema\/person\/bcd337770ede8facc9d17a424328bf4b","name":"jane boldt","image":{"@type":"ImageObject","inLanguage":"pt-BR","@id":"https:\/\/portalcapixaba.com\/#\/schema\/person\/image\/","url":"https:\/\/secure.gravatar.com\/avatar\/0c30036a196ee4fe42305219849d553f713d275a5d9eddafc5bc93dc51582d78?s=96&d=mm&r=g","contentUrl":"https:\/\/secure.gravatar.com\/avatar\/0c30036a196ee4fe42305219849d553f713d275a5d9eddafc5bc93dc51582d78?s=96&d=mm&r=g","caption":"jane boldt"},"sameAs":["http:\/\/portalcapixaba.com.br"],"url":"https:\/\/portalcapixaba.com\/?author=3"}]}},"_links":{"self":[{"href":"https:\/\/portalcapixaba.com\/index.php?rest_route=\/wp\/v2\/posts\/13064","targetHints":{"allow":["GET"]}}],"collection":[{"href":"https:\/\/portalcapixaba.com\/index.php?rest_route=\/wp\/v2\/posts"}],"about":[{"href":"https:\/\/portalcapixaba.com\/index.php?rest_route=\/wp\/v2\/types\/post"}],"author":[{"embeddable":true,"href":"https:\/\/portalcapixaba.com\/index.php?rest_route=\/wp\/v2\/users\/3"}],"replies":[{"embeddable":true,"href":"https:\/\/portalcapixaba.com\/index.php?rest_route=%2Fwp%2Fv2%2Fcomments&post=13064"}],"version-history":[{"count":1,"href":"https:\/\/portalcapixaba.com\/index.php?rest_route=\/wp\/v2\/posts\/13064\/revisions"}],"predecessor-version":[{"id":13066,"href":"https:\/\/portalcapixaba.com\/index.php?rest_route=\/wp\/v2\/posts\/13064\/revisions\/13066"}],"wp:featuredmedia":[{"embeddable":true,"href":"https:\/\/portalcapixaba.com\/index.php?rest_route=\/wp\/v2\/media\/13065"}],"wp:attachment":[{"href":"https:\/\/portalcapixaba.com\/index.php?rest_route=%2Fwp%2Fv2%2Fmedia&parent=13064"}],"wp:term":[{"taxonomy":"category","embeddable":true,"href":"https:\/\/portalcapixaba.com\/index.php?rest_route=%2Fwp%2Fv2%2Fcategories&post=13064"},{"taxonomy":"post_tag","embeddable":true,"href":"https:\/\/portalcapixaba.com\/index.php?rest_route=%2Fwp%2Fv2%2Ftags&post=13064"}],"curies":[{"name":"wp","href":"https:\/\/api.w.org\/{rel}","templated":true}]}}