{"id":13073,"date":"2026-04-30T22:38:13","date_gmt":"2026-05-01T01:38:13","guid":{"rendered":"https:\/\/portalcapixaba.com\/?p=13073"},"modified":"2026-04-30T22:38:13","modified_gmt":"2026-05-01T01:38:13","slug":"orquestra-brasileira-de-cantores-cegos-apresenta-mostra-inedita-com-tres-repertorios-no-theatro-carlos-gomes","status":"publish","type":"post","link":"https:\/\/portalcapixaba.com\/?p=13073","title":{"rendered":"Orquestra Brasileira de Cantores Cegos apresenta mostra in\u00e9dita com tr\u00eas repert\u00f3rios no Theatro Carlos Gomes"},"content":{"rendered":"<p>Ap\u00f3s tr\u00eas anos de pesquisa, cria\u00e7\u00e3o e encena\u00e7\u00f5es, a Orquestra Brasileira de Cantores Cegos apresenta uma mostra in\u00e9dita que re\u00fane, pela primeira vez, os tr\u00eas repert\u00f3rios desenvolvidos pelo grupo desde o in\u00edcio do projeto. Ao todo, mais de 50 can\u00e7\u00f5es da tradi\u00e7\u00e3o oral brasileira ganham o palco do Theatro Carlos Gomes, em Vit\u00f3ria, de 13 a 15 de maio, em uma temporada que celebra a trajet\u00f3ria do coletivo e a diversidade cultural que forma o patrim\u00f4nio imaterial transmitido entre gera\u00e7\u00f5es de norte a sul do Pa\u00eds.<\/p>\n<p>A realiza\u00e7\u00e3o \u00e9 da Associa\u00e7\u00e3o Sociedade Cultura e Arte (SOCA Brasil) com produ\u00e7\u00e3o da Cia Po\u00e9ticas da Cena Contempor\u00e2nea, coprodu\u00e7\u00e3o Espa\u00e7o Cont\u00eainer e o patroc\u00ednio do Ita\u00fa e MIP-Multilift, com recursos da Lei Rouanet e o apoio do Governo Federal, por meio do Minist\u00e9rio da Cultura. As apresenta\u00e7\u00f5es tamb\u00e9m contam com o apoio do Governo do Esp\u00edrito Santo, por meio da Secretaria da Cultura (Secult).<\/p>\n<p>Formada por 16 cantores cegos, a Orquestra Brasileira de Cantores Cegos constr\u00f3i uma experi\u00eancia c\u00eanico-musical que atravessa diferentes localidades e comunidades do Brasil. As apresenta\u00e7\u00f5es revelam cantos de trabalho, festejos e rituais de povos ind\u00edgenas, comunidades quilombolas e popula\u00e7\u00f5es rurais.<\/p>\n<p>Os tr\u00eas repert\u00f3rios compartilham o mesmo conceito, mas apresentam tamb\u00e9m suas caracter\u00edsticas pr\u00f3prias. Juntos, comp\u00f5em um mosaico da cultura oral brasileira, com can\u00e7\u00f5es de dom\u00ednio p\u00fablico que resistem ao tempo e seguem vivas na mem\u00f3ria coletiva.<\/p>\n<p>\u201cA oralidade popular brasileira \u00e9 riqu\u00edssima, parece infind\u00e1vel. No palco, as pessoas veem este repert\u00f3rio vivo. O coro de cantores cegos \u00e9 muito impactante e tamb\u00e9m a camada performativa, com luz, atua\u00e7\u00e3o, movimento, reg\u00eancia percussiva\u201d, afirma a coordenadora do projeto e diretora art\u00edstica, Rejane Arruda.<\/p>\n<p>\u201c\u00c9 tudo muito bonito e traz um impacto emocional forte. O resgate da mem\u00f3ria, a presen\u00e7a das rela\u00e7\u00f5es parentais, a alus\u00e3o \u00e0 vida em comunidade. \u00c9 uma esp\u00e9cie de retrato do Brasil em forma de can\u00e7\u00e3o e tamb\u00e9m pela po\u00e9tica c\u00eanica. A gente v\u00ea a for\u00e7a tamb\u00e9m da encena\u00e7\u00e3o. Os tr\u00eas repert\u00f3rios formam uma esp\u00e9cie de trilogia\u201d, explica.<\/p>\n<p><b><strong>Temporadas<\/strong><\/b><\/p>\n<p>Ao longo de sua trajet\u00f3ria, o projeto j\u00e1 realizou diversas temporadas e alcan\u00e7ou um p\u00fablico superior a 9 mil pessoas, com a\u00e7\u00f5es voltadas \u00e0 democratiza\u00e7\u00e3o do acesso \u00e0 cultura. Parte significativa da plateia \u00e9 formada por estudantes da rede p\u00fablica, que participam das sess\u00f5es mediante agendamento pr\u00e9vio.<\/p>\n<p>\u201cEstamos vivendo um momento muito especial. Nossa expectativa \u00e9 receber um grande p\u00fablico e compartilhar esse trabalho, que est\u00e1 sendo feito com muita dedica\u00e7\u00e3o e amor\u201d, considera a cantora cega Geovana Santos. \u201cEnsaiar as can\u00e7\u00f5es das tr\u00eas temporadas ao mesmo tempo tem sido um desafio intenso. Cada repert\u00f3rio tem sua pr\u00f3pria identidade e reviver essas tr\u00eas fases ao mesmo tempo tem sido uma experi\u00eancia muito especial para todos n\u00f3s\u201d.<\/p>\n<p>\u201c\u00c9 muito gratificante ensaiar os tr\u00eas repert\u00f3rios para apresentar num espa\u00e7o como o Theatro Carlos Gomes, lugar que nunca visitei e onde eu estarei pela primeira vez. Estamos nos preparando para fazer um lindo espet\u00e1culo. Espero que o p\u00fablico compare\u00e7a para nos prestigiar e se encante com as apresenta\u00e7\u00f5es, mesmo aquelas pessoas que j\u00e1 nos assistiram em outras oportunidades\u201d, afirma o cantor cego Maycon Machado.<\/p>\n<p><b><strong>Tradi\u00e7\u00e3o e m\u00fasica em cena<\/strong><\/b><\/p>\n<p>A Orquestra Brasileira de Cantores Cegos articula m\u00fasica e encena\u00e7\u00e3o em apresenta\u00e7\u00f5es marcadas pela intera\u00e7\u00e3o dos cantores com os atores da Cia Po\u00e9ticas da Cena Contempor\u00e2nea e pelo forte impacto visual do cen\u00e1rio e da ilumina\u00e7\u00e3o. A reg\u00eancia do maestro Thomas Davison prop\u00f5e uma condu\u00e7\u00e3o criativa baseada na percuss\u00e3o corporal, enquanto o piano de Evelyn Drummond sustenta a base harm\u00f4nica dos arranjos assinados por Tarita de Souza.<\/p>\n<p>As can\u00e7\u00f5es foram reunidas a partir da pesquisa da musicista Renata Mattar, que registra desde a d\u00e9cada de 1990 a exist\u00eancia dessas cantigas que s\u00e3o transmitidas por gera\u00e7\u00f5es dentro de comunidades tradicionais.<\/p>\n<p><b><strong>Atendimentos priorit\u00e1rios<\/strong><\/b><\/p>\n<p>Est\u00e3o previstas sess\u00f5es com atendimento priorit\u00e1rio \u00e0 comunidade escolar, com reserva de ingressos e oferta de transporte para grupos organizados. As escolas interessadas podem se inscrever por meio de formul\u00e1rio disponibilizado pela produ\u00e7\u00e3o.<\/p>\n<p>A iniciativa tamb\u00e9m conta com uma rede de voluntariado para acolhimento do p\u00fablico e a\u00e7\u00f5es de acessibilidade, refor\u00e7ando o compromisso do projeto com a inclus\u00e3o. \u00c9 necess\u00e1rio solicitar \u00e0 produ\u00e7\u00e3o o atendimento priorit\u00e1rio enviando uma mensagem pelo Whatsapp (27) 99609-8181.<\/p>\n<p><b><strong>Programa\u00e7\u00e3o<\/strong><\/b>:<\/p>\n<p>\ud83d\udcc5\u00a013 de maio, quarta-feira<\/p>\n<p>REPERT\u00d3RIO #2 (2024)<\/p>\n<p>\u23f0\u00a0\u00e0s 20h<\/p>\n<p>\ud83c\udf9f\ufe0fIngressos dispon\u00edveis a partir de 08 de maio, \u00e0s 12 horas:\u00a0<u><a href=\"https:\/\/www.sympla.com.br\/evento\/orquestra-brasileira-de-cantores-cegos-mostra-de-repertorios-repertorio-02-1a-apresentacao\/3360934\">https:\/\/www.sympla.com.br\/evento\/orquestra-brasileira-de-cantores-cegos-mostra-de-repertorios-repertorio-02-1a-apresentacao\/3360934<\/a><\/u><\/p>\n<p>&nbsp;<\/p>\n<p>&nbsp;<\/p>\n<p>\ud83d\udcc5\u00a014 de maio, quinta-feira<\/p>\n<p>REPERT\u00d3RIO #2 (2024)<\/p>\n<p>\u23f0\u00a0\u00e0s 15h<\/p>\n<p>\ud83c\udf9f\ufe0fIngressos dispon\u00edveis a partir de 08 de maio, \u00e0s 12 horas:\u00a0<u><a href=\"https:\/\/www.sympla.com.br\/evento\/orquestra-brasileira-de-cantores-cegos-mostra-de-repertorios-repertorio-02-2a-apresentacao\/3399463\">https:\/\/www.sympla.com.br\/evento\/orquestra-brasileira-de-cantores-cegos-mostra-de-repertorios-repertorio-02-2a-apresentacao\/3399463<\/a><\/u><\/p>\n<p>&nbsp;<\/p>\n<p>REPERT\u00d3RIO #1 (2023)<\/p>\n<p>\u23f0\u00a0\u00e0s 20h<\/p>\n<p>\ud83c\udf9f\ufe0fIngressos dispon\u00edveis a partir de 08 de maio, \u00e0s 12 horas:\u00a0<u><a href=\"https:\/\/www.sympla.com.br\/evento\/orquestra-brasileira-de-cantores-cegos-mostra-de-repertorios-repertorio-01-apresentacao-unica\/3399481\">https:\/\/www.sympla.com.br\/evento\/orquestra-brasileira-de-cantores-cegos-mostra-de-repertorios-repertorio-01-apresentacao-unica\/3399481<\/a><\/u><\/p>\n<p>&nbsp;<\/p>\n<p>&nbsp;<\/p>\n<p>\ud83d\udcc5\u00a015 de maio, sexta-feira<\/p>\n<p>REPERT\u00d3RIO #3 (2025)<\/p>\n<p>\u23f0\u00a0\u00e0s 20h<\/p>\n<p>\ud83c\udf9f\ufe0fIngressos dispon\u00edveis a partir de 08 de maio, \u00e0s 12 horas:\u00a0<u><a href=\"https:\/\/www.sympla.com.br\/evento\/orquestra-brasileira-de-cantores-cegos-mostra-de-repertorios-repertorio-03-apresentacao-unica\/3399498\">https:\/\/www.sympla.com.br\/evento\/orquestra-brasileira-de-cantores-cegos-mostra-de-repertorios-repertorio-03-apresentacao-unica\/3399498<\/a><\/u><\/p>\n<p>&nbsp;<\/p>\n<p>&nbsp;<\/p>\n<p><b><strong>Servi\u00e7o:<\/strong><\/b><\/p>\n<p>MOSTRA DE REPERT\u00d3RIOS &#8211; ORQUESTRA BRASILEIRA DE CANTORES CEGOS<\/p>\n<p>\ud83d\udcc5\u00a013 a 15 de maio<\/p>\n<p>\ud83d\udccd\u00a0Theatro Carlos Gomes \u2013 Pra\u00e7a Costa Pereira, Centro &#8211; Vit\u00f3ria (ES)<\/p>\n<p>\ud83c\udf9f\ufe0f\u00a0Entrada gratuita (ingressos dispon\u00edveis no Sympla a partir das 12h do dia 08 de maio)<\/p>\n<p>&nbsp;<\/p>\n<p>&nbsp;<\/p>\n<p>\ud83d\udcf2\u00a0Agendamento de grupos, escolas e informa\u00e7\u00f5es: WhatsApp SOCA Brasil<\/p>\n<p>&nbsp;<\/p>\n<p>\ud83d\udcde\u00a0(27) 99609-8181<\/p>\n<p>Fonte : Governo do Estado do ES.<\/p>\n","protected":false},"excerpt":{"rendered":"<p>Ap\u00f3s tr\u00eas anos de pesquisa, cria\u00e7\u00e3o e encena\u00e7\u00f5es, a Orquestra Brasileira de Cantores Cegos apresenta uma mostra in\u00e9dita que re\u00fane, pela primeira vez, os tr\u00eas repert\u00f3rios desenvolvidos pelo grupo desde o in\u00edcio do projeto. Ao todo, mais de 50 can\u00e7\u00f5es da tradi\u00e7\u00e3o oral brasileira ganham o palco do Theatro Carlos Gomes, em Vit\u00f3ria, de 13 [&hellip;]<\/p>\n","protected":false},"author":3,"featured_media":13074,"comment_status":"open","ping_status":"open","sticky":false,"template":"","format":"standard","meta":{"om_disable_all_campaigns":false,"_monsterinsights_skip_tracking":false,"_monsterinsights_sitenote_active":false,"_monsterinsights_sitenote_note":"","_monsterinsights_sitenote_category":0,"footnotes":""},"categories":[51],"tags":[],"class_list":["post-13073","post","type-post","status-publish","format-standard","has-post-thumbnail","hentry","category-cultura-e-saude"],"yoast_head":"<!-- This site is optimized with the Yoast SEO Premium plugin v21.9 (Yoast SEO v26.6) - https:\/\/yoast.com\/wordpress\/plugins\/seo\/ -->\n<title>Orquestra Brasileira de Cantores Cegos apresenta mostra in\u00e9dita com tr\u00eas repert\u00f3rios no Theatro Carlos Gomes - Portal Capixaba<\/title>\n<meta name=\"robots\" content=\"index, follow, max-snippet:-1, max-image-preview:large, max-video-preview:-1\" \/>\n<link rel=\"canonical\" href=\"https:\/\/portalcapixaba.com\/?p=13073\" \/>\n<meta property=\"og:locale\" content=\"pt_BR\" \/>\n<meta property=\"og:type\" content=\"article\" \/>\n<meta property=\"og:title\" content=\"Orquestra Brasileira de Cantores Cegos apresenta mostra in\u00e9dita com tr\u00eas repert\u00f3rios no Theatro Carlos Gomes\" \/>\n<meta property=\"og:description\" content=\"Ap\u00f3s tr\u00eas anos de pesquisa, cria\u00e7\u00e3o e encena\u00e7\u00f5es, a Orquestra Brasileira de Cantores Cegos apresenta uma mostra in\u00e9dita que re\u00fane, pela primeira vez, os tr\u00eas repert\u00f3rios desenvolvidos pelo grupo desde o in\u00edcio do projeto. Ao todo, mais de 50 can\u00e7\u00f5es da tradi\u00e7\u00e3o oral brasileira ganham o palco do Theatro Carlos Gomes, em Vit\u00f3ria, de 13 [&hellip;]\" \/>\n<meta property=\"og:url\" content=\"https:\/\/portalcapixaba.com\/?p=13073\" \/>\n<meta property=\"og:site_name\" content=\"Portal Capixaba\" \/>\n<meta property=\"article:published_time\" content=\"2026-05-01T01:38:13+00:00\" \/>\n<meta property=\"og:image\" content=\"https:\/\/portalcapixaba.com\/wp-content\/uploads\/2026\/04\/orquestra-cegos.png\" \/>\n\t<meta property=\"og:image:width\" content=\"960\" \/>\n\t<meta property=\"og:image:height\" content=\"540\" \/>\n\t<meta property=\"og:image:type\" content=\"image\/png\" \/>\n<meta name=\"author\" content=\"jane boldt\" \/>\n<meta name=\"twitter:card\" content=\"summary_large_image\" \/>\n<meta name=\"twitter:label1\" content=\"Escrito por\" \/>\n\t<meta name=\"twitter:data1\" content=\"jane boldt\" \/>\n\t<meta name=\"twitter:label2\" content=\"Est. tempo de leitura\" \/>\n\t<meta name=\"twitter:data2\" content=\"5 minutos\" \/>\n<script type=\"application\/ld+json\" class=\"yoast-schema-graph\">{\"@context\":\"https:\/\/schema.org\",\"@graph\":[{\"@type\":\"WebPage\",\"@id\":\"https:\/\/portalcapixaba.com\/?p=13073\",\"url\":\"https:\/\/portalcapixaba.com\/?p=13073\",\"name\":\"Orquestra Brasileira de Cantores Cegos apresenta mostra in\u00e9dita com tr\u00eas repert\u00f3rios no Theatro Carlos Gomes - Portal Capixaba\",\"isPartOf\":{\"@id\":\"https:\/\/portalcapixaba.com\/#website\"},\"primaryImageOfPage\":{\"@id\":\"https:\/\/portalcapixaba.com\/?p=13073#primaryimage\"},\"image\":{\"@id\":\"https:\/\/portalcapixaba.com\/?p=13073#primaryimage\"},\"thumbnailUrl\":\"https:\/\/portalcapixaba.com\/wp-content\/uploads\/2026\/04\/orquestra-cegos.png\",\"datePublished\":\"2026-05-01T01:38:13+00:00\",\"author\":{\"@id\":\"https:\/\/portalcapixaba.com\/#\/schema\/person\/bcd337770ede8facc9d17a424328bf4b\"},\"breadcrumb\":{\"@id\":\"https:\/\/portalcapixaba.com\/?p=13073#breadcrumb\"},\"inLanguage\":\"pt-BR\",\"potentialAction\":[{\"@type\":\"ReadAction\",\"target\":[\"https:\/\/portalcapixaba.com\/?p=13073\"]}]},{\"@type\":\"ImageObject\",\"inLanguage\":\"pt-BR\",\"@id\":\"https:\/\/portalcapixaba.com\/?p=13073#primaryimage\",\"url\":\"https:\/\/portalcapixaba.com\/wp-content\/uploads\/2026\/04\/orquestra-cegos.png\",\"contentUrl\":\"https:\/\/portalcapixaba.com\/wp-content\/uploads\/2026\/04\/orquestra-cegos.png\",\"width\":960,\"height\":540},{\"@type\":\"BreadcrumbList\",\"@id\":\"https:\/\/portalcapixaba.com\/?p=13073#breadcrumb\",\"itemListElement\":[{\"@type\":\"ListItem\",\"position\":1,\"name\":\"Home\",\"item\":\"https:\/\/portalcapixaba.com\/\"},{\"@type\":\"ListItem\",\"position\":2,\"name\":\"Orquestra Brasileira de Cantores Cegos apresenta mostra in\u00e9dita com tr\u00eas repert\u00f3rios no Theatro Carlos Gomes\"}]},{\"@type\":\"WebSite\",\"@id\":\"https:\/\/portalcapixaba.com\/#website\",\"url\":\"https:\/\/portalcapixaba.com\/\",\"name\":\"Portal Capixaba\",\"description\":\"\",\"potentialAction\":[{\"@type\":\"SearchAction\",\"target\":{\"@type\":\"EntryPoint\",\"urlTemplate\":\"https:\/\/portalcapixaba.com\/?s={search_term_string}\"},\"query-input\":{\"@type\":\"PropertyValueSpecification\",\"valueRequired\":true,\"valueName\":\"search_term_string\"}}],\"inLanguage\":\"pt-BR\"},{\"@type\":\"Person\",\"@id\":\"https:\/\/portalcapixaba.com\/#\/schema\/person\/bcd337770ede8facc9d17a424328bf4b\",\"name\":\"jane boldt\",\"image\":{\"@type\":\"ImageObject\",\"inLanguage\":\"pt-BR\",\"@id\":\"https:\/\/portalcapixaba.com\/#\/schema\/person\/image\/\",\"url\":\"https:\/\/secure.gravatar.com\/avatar\/0c30036a196ee4fe42305219849d553f713d275a5d9eddafc5bc93dc51582d78?s=96&d=mm&r=g\",\"contentUrl\":\"https:\/\/secure.gravatar.com\/avatar\/0c30036a196ee4fe42305219849d553f713d275a5d9eddafc5bc93dc51582d78?s=96&d=mm&r=g\",\"caption\":\"jane boldt\"},\"sameAs\":[\"http:\/\/portalcapixaba.com.br\"],\"url\":\"https:\/\/portalcapixaba.com\/?author=3\"}]}<\/script>\n<!-- \/ Yoast SEO Premium plugin. -->","yoast_head_json":{"title":"Orquestra Brasileira de Cantores Cegos apresenta mostra in\u00e9dita com tr\u00eas repert\u00f3rios no Theatro Carlos Gomes - Portal Capixaba","robots":{"index":"index","follow":"follow","max-snippet":"max-snippet:-1","max-image-preview":"max-image-preview:large","max-video-preview":"max-video-preview:-1"},"canonical":"https:\/\/portalcapixaba.com\/?p=13073","og_locale":"pt_BR","og_type":"article","og_title":"Orquestra Brasileira de Cantores Cegos apresenta mostra in\u00e9dita com tr\u00eas repert\u00f3rios no Theatro Carlos Gomes","og_description":"Ap\u00f3s tr\u00eas anos de pesquisa, cria\u00e7\u00e3o e encena\u00e7\u00f5es, a Orquestra Brasileira de Cantores Cegos apresenta uma mostra in\u00e9dita que re\u00fane, pela primeira vez, os tr\u00eas repert\u00f3rios desenvolvidos pelo grupo desde o in\u00edcio do projeto. Ao todo, mais de 50 can\u00e7\u00f5es da tradi\u00e7\u00e3o oral brasileira ganham o palco do Theatro Carlos Gomes, em Vit\u00f3ria, de 13 [&hellip;]","og_url":"https:\/\/portalcapixaba.com\/?p=13073","og_site_name":"Portal Capixaba","article_published_time":"2026-05-01T01:38:13+00:00","og_image":[{"width":960,"height":540,"url":"https:\/\/portalcapixaba.com\/wp-content\/uploads\/2026\/04\/orquestra-cegos.png","type":"image\/png"}],"author":"jane boldt","twitter_card":"summary_large_image","twitter_misc":{"Escrito por":"jane boldt","Est. tempo de leitura":"5 minutos"},"schema":{"@context":"https:\/\/schema.org","@graph":[{"@type":"WebPage","@id":"https:\/\/portalcapixaba.com\/?p=13073","url":"https:\/\/portalcapixaba.com\/?p=13073","name":"Orquestra Brasileira de Cantores Cegos apresenta mostra in\u00e9dita com tr\u00eas repert\u00f3rios no Theatro Carlos Gomes - Portal Capixaba","isPartOf":{"@id":"https:\/\/portalcapixaba.com\/#website"},"primaryImageOfPage":{"@id":"https:\/\/portalcapixaba.com\/?p=13073#primaryimage"},"image":{"@id":"https:\/\/portalcapixaba.com\/?p=13073#primaryimage"},"thumbnailUrl":"https:\/\/portalcapixaba.com\/wp-content\/uploads\/2026\/04\/orquestra-cegos.png","datePublished":"2026-05-01T01:38:13+00:00","author":{"@id":"https:\/\/portalcapixaba.com\/#\/schema\/person\/bcd337770ede8facc9d17a424328bf4b"},"breadcrumb":{"@id":"https:\/\/portalcapixaba.com\/?p=13073#breadcrumb"},"inLanguage":"pt-BR","potentialAction":[{"@type":"ReadAction","target":["https:\/\/portalcapixaba.com\/?p=13073"]}]},{"@type":"ImageObject","inLanguage":"pt-BR","@id":"https:\/\/portalcapixaba.com\/?p=13073#primaryimage","url":"https:\/\/portalcapixaba.com\/wp-content\/uploads\/2026\/04\/orquestra-cegos.png","contentUrl":"https:\/\/portalcapixaba.com\/wp-content\/uploads\/2026\/04\/orquestra-cegos.png","width":960,"height":540},{"@type":"BreadcrumbList","@id":"https:\/\/portalcapixaba.com\/?p=13073#breadcrumb","itemListElement":[{"@type":"ListItem","position":1,"name":"Home","item":"https:\/\/portalcapixaba.com\/"},{"@type":"ListItem","position":2,"name":"Orquestra Brasileira de Cantores Cegos apresenta mostra in\u00e9dita com tr\u00eas repert\u00f3rios no Theatro Carlos Gomes"}]},{"@type":"WebSite","@id":"https:\/\/portalcapixaba.com\/#website","url":"https:\/\/portalcapixaba.com\/","name":"Portal Capixaba","description":"","potentialAction":[{"@type":"SearchAction","target":{"@type":"EntryPoint","urlTemplate":"https:\/\/portalcapixaba.com\/?s={search_term_string}"},"query-input":{"@type":"PropertyValueSpecification","valueRequired":true,"valueName":"search_term_string"}}],"inLanguage":"pt-BR"},{"@type":"Person","@id":"https:\/\/portalcapixaba.com\/#\/schema\/person\/bcd337770ede8facc9d17a424328bf4b","name":"jane boldt","image":{"@type":"ImageObject","inLanguage":"pt-BR","@id":"https:\/\/portalcapixaba.com\/#\/schema\/person\/image\/","url":"https:\/\/secure.gravatar.com\/avatar\/0c30036a196ee4fe42305219849d553f713d275a5d9eddafc5bc93dc51582d78?s=96&d=mm&r=g","contentUrl":"https:\/\/secure.gravatar.com\/avatar\/0c30036a196ee4fe42305219849d553f713d275a5d9eddafc5bc93dc51582d78?s=96&d=mm&r=g","caption":"jane boldt"},"sameAs":["http:\/\/portalcapixaba.com.br"],"url":"https:\/\/portalcapixaba.com\/?author=3"}]}},"_links":{"self":[{"href":"https:\/\/portalcapixaba.com\/index.php?rest_route=\/wp\/v2\/posts\/13073","targetHints":{"allow":["GET"]}}],"collection":[{"href":"https:\/\/portalcapixaba.com\/index.php?rest_route=\/wp\/v2\/posts"}],"about":[{"href":"https:\/\/portalcapixaba.com\/index.php?rest_route=\/wp\/v2\/types\/post"}],"author":[{"embeddable":true,"href":"https:\/\/portalcapixaba.com\/index.php?rest_route=\/wp\/v2\/users\/3"}],"replies":[{"embeddable":true,"href":"https:\/\/portalcapixaba.com\/index.php?rest_route=%2Fwp%2Fv2%2Fcomments&post=13073"}],"version-history":[{"count":1,"href":"https:\/\/portalcapixaba.com\/index.php?rest_route=\/wp\/v2\/posts\/13073\/revisions"}],"predecessor-version":[{"id":13075,"href":"https:\/\/portalcapixaba.com\/index.php?rest_route=\/wp\/v2\/posts\/13073\/revisions\/13075"}],"wp:featuredmedia":[{"embeddable":true,"href":"https:\/\/portalcapixaba.com\/index.php?rest_route=\/wp\/v2\/media\/13074"}],"wp:attachment":[{"href":"https:\/\/portalcapixaba.com\/index.php?rest_route=%2Fwp%2Fv2%2Fmedia&parent=13073"}],"wp:term":[{"taxonomy":"category","embeddable":true,"href":"https:\/\/portalcapixaba.com\/index.php?rest_route=%2Fwp%2Fv2%2Fcategories&post=13073"},{"taxonomy":"post_tag","embeddable":true,"href":"https:\/\/portalcapixaba.com\/index.php?rest_route=%2Fwp%2Fv2%2Ftags&post=13073"}],"curies":[{"name":"wp","href":"https:\/\/api.w.org\/{rel}","templated":true}]}}