{"id":13076,"date":"2026-05-01T18:09:32","date_gmt":"2026-05-01T21:09:32","guid":{"rendered":"https:\/\/portalcapixaba.com\/?p=13076"},"modified":"2026-05-01T18:09:32","modified_gmt":"2026-05-01T21:09:32","slug":"espirito-santo-tem-menor-numero-de-homicidios-dos-ultimos-30-anos","status":"publish","type":"post","link":"https:\/\/portalcapixaba.com\/?p=13076","title":{"rendered":"Esp\u00edrito Santo tem menor n\u00famero de homic\u00eddios dos \u00faltimos 30 anos"},"content":{"rendered":"<p>O Esp\u00edrito Santo terminou o m\u00eas de abril com 44 homic\u00eddios registrados, alcan\u00e7ando o menor n\u00famero para o per\u00edodo nos \u00faltimos 30 anos e o melhor resultado da s\u00e9rie hist\u00f3rica desde 1996. O desempenho tamb\u00e9m representa o segundo melhor resultado entre todos os meses da s\u00e9rie, ficando atr\u00e1s apenas de junho de 2024, quando foram registrados 41 casos.<\/p>\n<p>O resultado refor\u00e7a a tend\u00eancia consistente de queda das mortes violentas no Estado ao longo de 2026, mesmo diante de cen\u00e1rios desafiadores e da intensa movimenta\u00e7\u00e3o de pessoas nos primeiros meses do ano. No acumulado do primeiro quadrimestre, o Esp\u00edrito Santo tamb\u00e9m registra o melhor resultado da s\u00e9rie hist\u00f3rica, com 257 homic\u00eddios, contra 268 no mesmo per\u00edodo de 2025, o que representa uma redu\u00e7\u00e3o de 4,1%.<\/p>\n<p>Entre as regi\u00f5es, o destaque segue sendo a Regi\u00e3o Sul, com redu\u00e7\u00e3o expressiva de 42,3% nos homic\u00eddios, al\u00e9m das quedas registradas nas regi\u00f5es Norte (3,2%) e Noroeste (8,9%). A Regi\u00e3o Metropolitana apresentou um dos melhores desempenhos da hist\u00f3ria para o per\u00edodo, com 17 casos registrados em abril. J\u00e1 a Regi\u00e3o Serrana apresentou aumento de cinco casos e permanece como ponto de aten\u00e7\u00e3o para as for\u00e7as de seguran\u00e7a.<\/p>\n<p>O governador Ricardo Ferra\u00e7o destacou que os resultados refletem a consolida\u00e7\u00e3o de uma pol\u00edtica p\u00fablica estruturada e cont\u00ednua: \u201cOs n\u00fameros de abril mostram, de forma clara, a efic\u00e1cia do Programa Estado Presente em Defesa da Vida. Estamos alcan\u00e7ando resultados hist\u00f3ricos porque h\u00e1 planejamento, investimento e, principalmente, integra\u00e7\u00e3o entre todas as for\u00e7as de seguran\u00e7a. Esse \u00e9 um trabalho permanente, que exige disciplina, monitoramento e a\u00e7\u00e3o coordenada. Seguiremos firmes, ampliando as estrat\u00e9gias que est\u00e3o dando certo e atuando com ainda mais intensidade nas \u00e1reas que demandam aten\u00e7\u00e3o.\u201d<\/p>\n<p>\u201cAlcan\u00e7ar o menor n\u00famero de homic\u00eddios em 30 anos \u00e9 resultado direto do comprometimento das nossas for\u00e7as de seguran\u00e7a e da utiliza\u00e7\u00e3o cada vez mais estrat\u00e9gica da intelig\u00eancia policial. Abril consolida uma trajet\u00f3ria consistente de redu\u00e7\u00e3o da viol\u00eancia letal no Estado. Ao mesmo tempo, estamos atentos \u00e0s varia\u00e7\u00f5es regionais e atuando de forma direcionada, especialmente na Regi\u00e3o Serrana, para garantir a continuidade dessa tend\u00eancia de queda\u201d, ressaltou o secret\u00e1rio de Estado da Seguran\u00e7a P\u00fablica e Defesa Social, Leonardo Damasceno.<br \/>\n<strong><br \/>\nRedu\u00e7\u00e3o nos feminic\u00eddios<\/p>\n<p><\/strong>Outro dado relevante \u00e9 a redu\u00e7\u00e3o dos feminic\u00eddios no Esp\u00edrito Santo. No acumulado de janeiro a abril deste ano, houve queda de 38,5% em compara\u00e7\u00e3o com o mesmo per\u00edodo de 2025, sendo 8 casos em 2026 e 13 no ano passado.<\/p>\n<p>O resultado refor\u00e7a a efetividade das pol\u00edticas p\u00fablicas voltadas \u00e0 preven\u00e7\u00e3o, \u00e0 prote\u00e7\u00e3o das v\u00edtimas e \u00e0 responsabiliza\u00e7\u00e3o dos agressores, com atua\u00e7\u00e3o integrada das for\u00e7as de seguran\u00e7a e da rede de apoio.<\/p>\n<p>O Governo do Estado segue fortalecendo as a\u00e7\u00f5es de enfrentamento \u00e0 viol\u00eancia contra a mulher, ampliando mecanismos de monitoramento, atendimento especializado e medidas protetivas, com o objetivo de reduzir ainda mais esses \u00edndices ao longo do ano.<\/p>\n","protected":false},"excerpt":{"rendered":"<p>O Esp\u00edrito Santo terminou o m\u00eas de abril com 44 homic\u00eddios registrados, alcan\u00e7ando o menor n\u00famero para o per\u00edodo nos \u00faltimos 30 anos e o melhor resultado da s\u00e9rie hist\u00f3rica desde 1996. O desempenho tamb\u00e9m representa o segundo melhor resultado entre todos os meses da s\u00e9rie, ficando atr\u00e1s apenas de junho de 2024, quando foram [&hellip;]<\/p>\n","protected":false},"author":3,"featured_media":13077,"comment_status":"open","ping_status":"open","sticky":false,"template":"","format":"standard","meta":{"om_disable_all_campaigns":false,"_monsterinsights_skip_tracking":false,"_monsterinsights_sitenote_active":false,"_monsterinsights_sitenote_note":"","_monsterinsights_sitenote_category":0,"footnotes":""},"categories":[49],"tags":[],"class_list":["post-13076","post","type-post","status-publish","format-standard","has-post-thumbnail","hentry","category-seguranca-publica"],"yoast_head":"<!-- This site is optimized with the Yoast SEO Premium plugin v21.9 (Yoast SEO v26.6) - https:\/\/yoast.com\/wordpress\/plugins\/seo\/ -->\n<title>Esp\u00edrito Santo tem menor n\u00famero de homic\u00eddios dos \u00faltimos 30 anos - Portal Capixaba<\/title>\n<meta name=\"description\" content=\"O Esp\u00edrito Santo terminou o m\u00eas de abril com 44 homic\u00eddios registrados, alcan\u00e7ando o menor n\u00famero para o per\u00edodo nos \u00faltimos 30 anos e o melhor resultado da s\u00e9rie hist\u00f3rica desde 1996. O desempenho tamb\u00e9m representa o segundo melhor resultado entre todos os meses da s\u00e9rie, ficando atr\u00e1s apenas de junho de 2024, quando foram registrados 41 casos.\" \/>\n<meta name=\"robots\" content=\"index, follow, max-snippet:-1, max-image-preview:large, max-video-preview:-1\" \/>\n<link rel=\"canonical\" href=\"https:\/\/portalcapixaba.com\/?p=13076\" \/>\n<meta property=\"og:locale\" content=\"pt_BR\" \/>\n<meta property=\"og:type\" content=\"article\" \/>\n<meta property=\"og:title\" content=\"Esp\u00edrito Santo tem menor n\u00famero de homic\u00eddios dos \u00faltimos 30 anos\" \/>\n<meta property=\"og:description\" content=\"O Esp\u00edrito Santo terminou o m\u00eas de abril com 44 homic\u00eddios registrados, alcan\u00e7ando o menor n\u00famero para o per\u00edodo nos \u00faltimos 30 anos e o melhor resultado da s\u00e9rie hist\u00f3rica desde 1996. O desempenho tamb\u00e9m representa o segundo melhor resultado entre todos os meses da s\u00e9rie, ficando atr\u00e1s apenas de junho de 2024, quando foram registrados 41 casos.\" \/>\n<meta property=\"og:url\" content=\"https:\/\/portalcapixaba.com\/?p=13076\" \/>\n<meta property=\"og:site_name\" content=\"Portal Capixaba\" \/>\n<meta property=\"article:published_time\" content=\"2026-05-01T21:09:32+00:00\" \/>\n<meta property=\"og:image\" content=\"https:\/\/portalcapixaba.com\/wp-content\/uploads\/2026\/05\/WhatsApp-Image-2026-04-30-at-16.58.35.jpeg\" \/>\n\t<meta property=\"og:image:width\" content=\"960\" \/>\n\t<meta property=\"og:image:height\" content=\"720\" \/>\n\t<meta property=\"og:image:type\" content=\"image\/jpeg\" \/>\n<meta name=\"author\" content=\"jane boldt\" \/>\n<meta name=\"twitter:card\" content=\"summary_large_image\" \/>\n<meta name=\"twitter:label1\" content=\"Escrito por\" \/>\n\t<meta name=\"twitter:data1\" content=\"jane boldt\" \/>\n\t<meta name=\"twitter:label2\" content=\"Est. tempo de leitura\" \/>\n\t<meta name=\"twitter:data2\" content=\"3 minutos\" \/>\n<script type=\"application\/ld+json\" class=\"yoast-schema-graph\">{\"@context\":\"https:\/\/schema.org\",\"@graph\":[{\"@type\":\"WebPage\",\"@id\":\"https:\/\/portalcapixaba.com\/?p=13076\",\"url\":\"https:\/\/portalcapixaba.com\/?p=13076\",\"name\":\"Esp\u00edrito Santo tem menor n\u00famero de homic\u00eddios dos \u00faltimos 30 anos - Portal Capixaba\",\"isPartOf\":{\"@id\":\"https:\/\/portalcapixaba.com\/#website\"},\"primaryImageOfPage\":{\"@id\":\"https:\/\/portalcapixaba.com\/?p=13076#primaryimage\"},\"image\":{\"@id\":\"https:\/\/portalcapixaba.com\/?p=13076#primaryimage\"},\"thumbnailUrl\":\"https:\/\/portalcapixaba.com\/wp-content\/uploads\/2026\/05\/WhatsApp-Image-2026-04-30-at-16.58.35.jpeg\",\"datePublished\":\"2026-05-01T21:09:32+00:00\",\"author\":{\"@id\":\"https:\/\/portalcapixaba.com\/#\/schema\/person\/bcd337770ede8facc9d17a424328bf4b\"},\"description\":\"O Esp\u00edrito Santo terminou o m\u00eas de abril com 44 homic\u00eddios registrados, alcan\u00e7ando o menor n\u00famero para o per\u00edodo nos \u00faltimos 30 anos e o melhor resultado da s\u00e9rie hist\u00f3rica desde 1996. O desempenho tamb\u00e9m representa o segundo melhor resultado entre todos os meses da s\u00e9rie, ficando atr\u00e1s apenas de junho de 2024, quando foram registrados 41 casos.\",\"breadcrumb\":{\"@id\":\"https:\/\/portalcapixaba.com\/?p=13076#breadcrumb\"},\"inLanguage\":\"pt-BR\",\"potentialAction\":[{\"@type\":\"ReadAction\",\"target\":[\"https:\/\/portalcapixaba.com\/?p=13076\"]}]},{\"@type\":\"ImageObject\",\"inLanguage\":\"pt-BR\",\"@id\":\"https:\/\/portalcapixaba.com\/?p=13076#primaryimage\",\"url\":\"https:\/\/portalcapixaba.com\/wp-content\/uploads\/2026\/05\/WhatsApp-Image-2026-04-30-at-16.58.35.jpeg\",\"contentUrl\":\"https:\/\/portalcapixaba.com\/wp-content\/uploads\/2026\/05\/WhatsApp-Image-2026-04-30-at-16.58.35.jpeg\",\"width\":960,\"height\":720},{\"@type\":\"BreadcrumbList\",\"@id\":\"https:\/\/portalcapixaba.com\/?p=13076#breadcrumb\",\"itemListElement\":[{\"@type\":\"ListItem\",\"position\":1,\"name\":\"Home\",\"item\":\"https:\/\/portalcapixaba.com\/\"},{\"@type\":\"ListItem\",\"position\":2,\"name\":\"Esp\u00edrito Santo tem menor n\u00famero de homic\u00eddios dos \u00faltimos 30 anos\"}]},{\"@type\":\"WebSite\",\"@id\":\"https:\/\/portalcapixaba.com\/#website\",\"url\":\"https:\/\/portalcapixaba.com\/\",\"name\":\"Portal Capixaba\",\"description\":\"\",\"potentialAction\":[{\"@type\":\"SearchAction\",\"target\":{\"@type\":\"EntryPoint\",\"urlTemplate\":\"https:\/\/portalcapixaba.com\/?s={search_term_string}\"},\"query-input\":{\"@type\":\"PropertyValueSpecification\",\"valueRequired\":true,\"valueName\":\"search_term_string\"}}],\"inLanguage\":\"pt-BR\"},{\"@type\":\"Person\",\"@id\":\"https:\/\/portalcapixaba.com\/#\/schema\/person\/bcd337770ede8facc9d17a424328bf4b\",\"name\":\"jane boldt\",\"image\":{\"@type\":\"ImageObject\",\"inLanguage\":\"pt-BR\",\"@id\":\"https:\/\/portalcapixaba.com\/#\/schema\/person\/image\/\",\"url\":\"https:\/\/secure.gravatar.com\/avatar\/0c30036a196ee4fe42305219849d553f713d275a5d9eddafc5bc93dc51582d78?s=96&d=mm&r=g\",\"contentUrl\":\"https:\/\/secure.gravatar.com\/avatar\/0c30036a196ee4fe42305219849d553f713d275a5d9eddafc5bc93dc51582d78?s=96&d=mm&r=g\",\"caption\":\"jane boldt\"},\"sameAs\":[\"http:\/\/portalcapixaba.com.br\"],\"url\":\"https:\/\/portalcapixaba.com\/?author=3\"}]}<\/script>\n<!-- \/ Yoast SEO Premium plugin. -->","yoast_head_json":{"title":"Esp\u00edrito Santo tem menor n\u00famero de homic\u00eddios dos \u00faltimos 30 anos - Portal Capixaba","description":"O Esp\u00edrito Santo terminou o m\u00eas de abril com 44 homic\u00eddios registrados, alcan\u00e7ando o menor n\u00famero para o per\u00edodo nos \u00faltimos 30 anos e o melhor resultado da s\u00e9rie hist\u00f3rica desde 1996. O desempenho tamb\u00e9m representa o segundo melhor resultado entre todos os meses da s\u00e9rie, ficando atr\u00e1s apenas de junho de 2024, quando foram registrados 41 casos.","robots":{"index":"index","follow":"follow","max-snippet":"max-snippet:-1","max-image-preview":"max-image-preview:large","max-video-preview":"max-video-preview:-1"},"canonical":"https:\/\/portalcapixaba.com\/?p=13076","og_locale":"pt_BR","og_type":"article","og_title":"Esp\u00edrito Santo tem menor n\u00famero de homic\u00eddios dos \u00faltimos 30 anos","og_description":"O Esp\u00edrito Santo terminou o m\u00eas de abril com 44 homic\u00eddios registrados, alcan\u00e7ando o menor n\u00famero para o per\u00edodo nos \u00faltimos 30 anos e o melhor resultado da s\u00e9rie hist\u00f3rica desde 1996. O desempenho tamb\u00e9m representa o segundo melhor resultado entre todos os meses da s\u00e9rie, ficando atr\u00e1s apenas de junho de 2024, quando foram registrados 41 casos.","og_url":"https:\/\/portalcapixaba.com\/?p=13076","og_site_name":"Portal Capixaba","article_published_time":"2026-05-01T21:09:32+00:00","og_image":[{"width":960,"height":720,"url":"https:\/\/portalcapixaba.com\/wp-content\/uploads\/2026\/05\/WhatsApp-Image-2026-04-30-at-16.58.35.jpeg","type":"image\/jpeg"}],"author":"jane boldt","twitter_card":"summary_large_image","twitter_misc":{"Escrito por":"jane boldt","Est. tempo de leitura":"3 minutos"},"schema":{"@context":"https:\/\/schema.org","@graph":[{"@type":"WebPage","@id":"https:\/\/portalcapixaba.com\/?p=13076","url":"https:\/\/portalcapixaba.com\/?p=13076","name":"Esp\u00edrito Santo tem menor n\u00famero de homic\u00eddios dos \u00faltimos 30 anos - Portal Capixaba","isPartOf":{"@id":"https:\/\/portalcapixaba.com\/#website"},"primaryImageOfPage":{"@id":"https:\/\/portalcapixaba.com\/?p=13076#primaryimage"},"image":{"@id":"https:\/\/portalcapixaba.com\/?p=13076#primaryimage"},"thumbnailUrl":"https:\/\/portalcapixaba.com\/wp-content\/uploads\/2026\/05\/WhatsApp-Image-2026-04-30-at-16.58.35.jpeg","datePublished":"2026-05-01T21:09:32+00:00","author":{"@id":"https:\/\/portalcapixaba.com\/#\/schema\/person\/bcd337770ede8facc9d17a424328bf4b"},"description":"O Esp\u00edrito Santo terminou o m\u00eas de abril com 44 homic\u00eddios registrados, alcan\u00e7ando o menor n\u00famero para o per\u00edodo nos \u00faltimos 30 anos e o melhor resultado da s\u00e9rie hist\u00f3rica desde 1996. O desempenho tamb\u00e9m representa o segundo melhor resultado entre todos os meses da s\u00e9rie, ficando atr\u00e1s apenas de junho de 2024, quando foram registrados 41 casos.","breadcrumb":{"@id":"https:\/\/portalcapixaba.com\/?p=13076#breadcrumb"},"inLanguage":"pt-BR","potentialAction":[{"@type":"ReadAction","target":["https:\/\/portalcapixaba.com\/?p=13076"]}]},{"@type":"ImageObject","inLanguage":"pt-BR","@id":"https:\/\/portalcapixaba.com\/?p=13076#primaryimage","url":"https:\/\/portalcapixaba.com\/wp-content\/uploads\/2026\/05\/WhatsApp-Image-2026-04-30-at-16.58.35.jpeg","contentUrl":"https:\/\/portalcapixaba.com\/wp-content\/uploads\/2026\/05\/WhatsApp-Image-2026-04-30-at-16.58.35.jpeg","width":960,"height":720},{"@type":"BreadcrumbList","@id":"https:\/\/portalcapixaba.com\/?p=13076#breadcrumb","itemListElement":[{"@type":"ListItem","position":1,"name":"Home","item":"https:\/\/portalcapixaba.com\/"},{"@type":"ListItem","position":2,"name":"Esp\u00edrito Santo tem menor n\u00famero de homic\u00eddios dos \u00faltimos 30 anos"}]},{"@type":"WebSite","@id":"https:\/\/portalcapixaba.com\/#website","url":"https:\/\/portalcapixaba.com\/","name":"Portal Capixaba","description":"","potentialAction":[{"@type":"SearchAction","target":{"@type":"EntryPoint","urlTemplate":"https:\/\/portalcapixaba.com\/?s={search_term_string}"},"query-input":{"@type":"PropertyValueSpecification","valueRequired":true,"valueName":"search_term_string"}}],"inLanguage":"pt-BR"},{"@type":"Person","@id":"https:\/\/portalcapixaba.com\/#\/schema\/person\/bcd337770ede8facc9d17a424328bf4b","name":"jane boldt","image":{"@type":"ImageObject","inLanguage":"pt-BR","@id":"https:\/\/portalcapixaba.com\/#\/schema\/person\/image\/","url":"https:\/\/secure.gravatar.com\/avatar\/0c30036a196ee4fe42305219849d553f713d275a5d9eddafc5bc93dc51582d78?s=96&d=mm&r=g","contentUrl":"https:\/\/secure.gravatar.com\/avatar\/0c30036a196ee4fe42305219849d553f713d275a5d9eddafc5bc93dc51582d78?s=96&d=mm&r=g","caption":"jane boldt"},"sameAs":["http:\/\/portalcapixaba.com.br"],"url":"https:\/\/portalcapixaba.com\/?author=3"}]}},"_links":{"self":[{"href":"https:\/\/portalcapixaba.com\/index.php?rest_route=\/wp\/v2\/posts\/13076","targetHints":{"allow":["GET"]}}],"collection":[{"href":"https:\/\/portalcapixaba.com\/index.php?rest_route=\/wp\/v2\/posts"}],"about":[{"href":"https:\/\/portalcapixaba.com\/index.php?rest_route=\/wp\/v2\/types\/post"}],"author":[{"embeddable":true,"href":"https:\/\/portalcapixaba.com\/index.php?rest_route=\/wp\/v2\/users\/3"}],"replies":[{"embeddable":true,"href":"https:\/\/portalcapixaba.com\/index.php?rest_route=%2Fwp%2Fv2%2Fcomments&post=13076"}],"version-history":[{"count":1,"href":"https:\/\/portalcapixaba.com\/index.php?rest_route=\/wp\/v2\/posts\/13076\/revisions"}],"predecessor-version":[{"id":13078,"href":"https:\/\/portalcapixaba.com\/index.php?rest_route=\/wp\/v2\/posts\/13076\/revisions\/13078"}],"wp:featuredmedia":[{"embeddable":true,"href":"https:\/\/portalcapixaba.com\/index.php?rest_route=\/wp\/v2\/media\/13077"}],"wp:attachment":[{"href":"https:\/\/portalcapixaba.com\/index.php?rest_route=%2Fwp%2Fv2%2Fmedia&parent=13076"}],"wp:term":[{"taxonomy":"category","embeddable":true,"href":"https:\/\/portalcapixaba.com\/index.php?rest_route=%2Fwp%2Fv2%2Fcategories&post=13076"},{"taxonomy":"post_tag","embeddable":true,"href":"https:\/\/portalcapixaba.com\/index.php?rest_route=%2Fwp%2Fv2%2Ftags&post=13076"}],"curies":[{"name":"wp","href":"https:\/\/api.w.org\/{rel}","templated":true}]}}