{"id":13079,"date":"2026-05-01T18:11:03","date_gmt":"2026-05-01T21:11:03","guid":{"rendered":"https:\/\/portalcapixaba.com\/?p=13079"},"modified":"2026-05-01T18:11:03","modified_gmt":"2026-05-01T21:11:03","slug":"governo-do-estado-amplia-investimentos-em-saude-e-infraestrutura-em-colatina","status":"publish","type":"post","link":"https:\/\/portalcapixaba.com\/?p=13079","title":{"rendered":"Governo do Estado amplia investimentos em sa\u00fade e infraestrutura em Colatina"},"content":{"rendered":"<p>O governador do Estado, Ricardo Ferra\u00e7o, cumpriu agenda nesta sexta-feira (1\u00ba), em Colatina, com an\u00fancios e assinatura de conv\u00eanios nas \u00e1reas de infraestrutura urbana e sa\u00fade. As a\u00e7\u00f5es incluem a obra de conten\u00e7\u00e3o de encosta no bairro Vista da Serra, investimentos em reabilita\u00e7\u00e3o f\u00edsica e a amplia\u00e7\u00e3o dos servi\u00e7os hospitalares da Santa Casa de Miseric\u00f3rdia, consolidando o munic\u00edpio como refer\u00eancia regional.<\/p>\n<p>\u201cEssa \u00e9 uma parceria importante para cuidar das pessoas, especialmente das nossas crian\u00e7as atendidas pela APAE, que realizam um trabalho essencial. Tamb\u00e9m estamos ampliando os servi\u00e7os da Santa Casa para reduzir filas e garantir atendimento mais pr\u00f3ximo da popula\u00e7\u00e3o. No caso da conten\u00e7\u00e3o da encosta, estivemos aqui no momento mais cr\u00edtico e agora estamos garantindo a solu\u00e7\u00e3o definitiva, com recursos assegurados e obra pronta para come\u00e7ar. Nosso compromisso \u00e9 levar seguran\u00e7a, dignidade e qualidade de vida para os capixabas, em todos os munic\u00edpios\u201d, afirmou o governador.<\/p>\n<p>Um dos principais atos da agenda foi a assinatura do conv\u00eanio para execu\u00e7\u00e3o das obras de conten\u00e7\u00e3o de encosta, drenagem e revitaliza\u00e7\u00e3o da infraestrutura urbana no bairro Vista da Serra. O investimento previsto \u00e9 de R$ 19,4 milh\u00f5es, com recursos da Secretaria de Recupera\u00e7\u00e3o do Rio Doce (SERD), e prazo de execu\u00e7\u00e3o estimado em 18 meses.<\/p>\n<p>A interven\u00e7\u00e3o tem como foco a redu\u00e7\u00e3o de riscos geot\u00e9cnicos, melhoria da mobilidade urbana e qualifica\u00e7\u00e3o da infraestrutura local. O projeto prev\u00ea a constru\u00e7\u00e3o de uma cortina atirantada em concreto armado, com at\u00e9 10 metros de altura e 80 metros de extens\u00e3o, para estabiliza\u00e7\u00e3o da Avenida Pedra Azul, al\u00e9m da implanta\u00e7\u00e3o de 2.462 metros quadrados de solo grampeado.<\/p>\n<p>Tamb\u00e9m est\u00e3o previstas a implanta\u00e7\u00e3o de 2.123 metros de redes de drenagem, a reconstru\u00e7\u00e3o de 70 metros de pavimenta\u00e7\u00e3o da via, al\u00e9m de a\u00e7\u00f5es de recupera\u00e7\u00e3o ambiental, como revestimento vegetal e plantio de 100 \u00e1rvores.<\/p>\n<p>\u201cEssa \u00e9 uma obra que representa seguran\u00e7a, dignidade e cuidado com as pessoas. Estamos falando de uma interven\u00e7\u00e3o estruturante, que protege vidas, melhora a infraestrutura urbana e leva mais tranquilidade para quem vive no bairro Vista da Serra\u201d, destacou o secret\u00e1rio de Estado de Saneamento, Habita\u00e7\u00e3o e Desenvolvimento Urbano, Marcos Soares.<\/p>\n<p>Na \u00e1rea da sa\u00fade, o Governo do Estado anunciou o repasse de R$ 2,4 milh\u00f5es para a Associa\u00e7\u00e3o de Pais e Amigos dos Excepcionais de Colatina (APAE), habilitada como Centro Especializado em Reabilita\u00e7\u00e3o (CER Tipo IV). A institui\u00e7\u00e3o atende usu\u00e1rios de 11 munic\u00edpios e poder\u00e1 ampliar a oferta de \u00f3rteses, pr\u00f3teses e meios auxiliares de locomo\u00e7\u00e3o, com a aquisi\u00e7\u00e3o de at\u00e9 3 mil pr\u00f3teses auditivas, 200 pr\u00f3teses visuais e cerca de 400 equipamentos como cadeiras de rodas e andadores.<\/p>\n<p>Outro avan\u00e7o \u00e9 a amplia\u00e7\u00e3o da capacidade da Santa Casa de Miseric\u00f3rdia de Colatina, que passar\u00e1 de 46 para 64 leitos regulados pelo Estado, incluindo leitos de sa\u00fade mental, cl\u00ednica cir\u00fargica e obstetr\u00edcia. A unidade tamb\u00e9m ampliar\u00e1 o atendimento ambulatorial, com previs\u00e3o de 700 consultas m\u00e9dicas mensais e 90 exames especializados. O repasse financeiro mensal do Estado \u00e0 institui\u00e7\u00e3o ser\u00e1 ampliado de R$ 531 mil para R$ 895 mil, totalizando mais de R$ 10,7 milh\u00f5es ao ano.<\/p>\n<p>Para o secret\u00e1rio de Estado da Sa\u00fade, Kim Barbosa, os investimentos fortalecem a regionaliza\u00e7\u00e3o da sa\u00fade e ampliam o acesso da popula\u00e7\u00e3o aos servi\u00e7os especializados: \u201cEstamos promovendo entregas concretas que impactam diretamente a vida das pessoas. O investimento na APAE garante mais dignidade e autonomia para quem precisa de reabilita\u00e7\u00e3o, enquanto a amplia\u00e7\u00e3o da Santa Casa fortalece a rede hospitalar e amplia o acesso a leitos e especialidades. Colatina se consolida cada vez mais como um polo de sa\u00fade para toda a regi\u00e3o.\u201d<\/p>\n","protected":false},"excerpt":{"rendered":"<p>O governador do Estado, Ricardo Ferra\u00e7o, cumpriu agenda nesta sexta-feira (1\u00ba), em Colatina, com an\u00fancios e assinatura de conv\u00eanios nas \u00e1reas de infraestrutura urbana e sa\u00fade. As a\u00e7\u00f5es incluem a obra de conten\u00e7\u00e3o de encosta no bairro Vista da Serra, investimentos em reabilita\u00e7\u00e3o f\u00edsica e a amplia\u00e7\u00e3o dos servi\u00e7os hospitalares da Santa Casa de Miseric\u00f3rdia, [&hellip;]<\/p>\n","protected":false},"author":3,"featured_media":13080,"comment_status":"open","ping_status":"open","sticky":false,"template":"","format":"standard","meta":{"om_disable_all_campaigns":false,"_monsterinsights_skip_tracking":false,"_monsterinsights_sitenote_active":false,"_monsterinsights_sitenote_note":"","_monsterinsights_sitenote_category":0,"footnotes":""},"categories":[50],"tags":[],"class_list":["post-13079","post","type-post","status-publish","format-standard","has-post-thumbnail","hentry","category-politica"],"yoast_head":"<!-- This site is optimized with the Yoast SEO Premium plugin v21.9 (Yoast SEO v26.6) - https:\/\/yoast.com\/wordpress\/plugins\/seo\/ -->\n<title>Governo do Estado amplia investimentos em sa\u00fade e infraestrutura em Colatina - Portal Capixaba<\/title>\n<meta name=\"description\" content=\"O governador do Estado, Ricardo Ferra\u00e7o, cumpriu agenda nesta sexta-feira (1\u00ba), em Colatina, com an\u00fancios e assinatura de conv\u00eanios nas \u00e1reas de infraestrutura urbana e sa\u00fade. As a\u00e7\u00f5es incluem a obra de conten\u00e7\u00e3o de encosta no bairro Vista da Serra, investimentos em reabilita\u00e7\u00e3o f\u00edsica e a amplia\u00e7\u00e3o dos servi\u00e7os hospitalares da Santa Casa de Miseric\u00f3rdia, consolidando o munic\u00edpio como refer\u00eancia regional.\" \/>\n<meta name=\"robots\" content=\"index, follow, max-snippet:-1, max-image-preview:large, max-video-preview:-1\" \/>\n<link rel=\"canonical\" href=\"https:\/\/portalcapixaba.com\/?p=13079\" \/>\n<meta property=\"og:locale\" content=\"pt_BR\" \/>\n<meta property=\"og:type\" content=\"article\" \/>\n<meta property=\"og:title\" content=\"Governo do Estado amplia investimentos em sa\u00fade e infraestrutura em Colatina\" \/>\n<meta property=\"og:description\" content=\"O governador do Estado, Ricardo Ferra\u00e7o, cumpriu agenda nesta sexta-feira (1\u00ba), em Colatina, com an\u00fancios e assinatura de conv\u00eanios nas \u00e1reas de infraestrutura urbana e sa\u00fade. As a\u00e7\u00f5es incluem a obra de conten\u00e7\u00e3o de encosta no bairro Vista da Serra, investimentos em reabilita\u00e7\u00e3o f\u00edsica e a amplia\u00e7\u00e3o dos servi\u00e7os hospitalares da Santa Casa de Miseric\u00f3rdia, consolidando o munic\u00edpio como refer\u00eancia regional.\" \/>\n<meta property=\"og:url\" content=\"https:\/\/portalcapixaba.com\/?p=13079\" \/>\n<meta property=\"og:site_name\" content=\"Portal Capixaba\" \/>\n<meta property=\"article:published_time\" content=\"2026-05-01T21:11:03+00:00\" \/>\n<meta property=\"og:image\" content=\"https:\/\/portalcapixaba.com\/wp-content\/uploads\/2026\/05\/WhatsApp-Image-2026-05-01-at-12.00.25-3.jpeg\" \/>\n\t<meta property=\"og:image:width\" content=\"960\" \/>\n\t<meta property=\"og:image:height\" content=\"540\" \/>\n\t<meta property=\"og:image:type\" content=\"image\/jpeg\" \/>\n<meta name=\"author\" content=\"jane boldt\" \/>\n<meta name=\"twitter:card\" content=\"summary_large_image\" \/>\n<meta name=\"twitter:label1\" content=\"Escrito por\" \/>\n\t<meta name=\"twitter:data1\" content=\"jane boldt\" \/>\n\t<meta name=\"twitter:label2\" content=\"Est. tempo de leitura\" \/>\n\t<meta name=\"twitter:data2\" content=\"4 minutos\" \/>\n<script type=\"application\/ld+json\" class=\"yoast-schema-graph\">{\"@context\":\"https:\/\/schema.org\",\"@graph\":[{\"@type\":\"WebPage\",\"@id\":\"https:\/\/portalcapixaba.com\/?p=13079\",\"url\":\"https:\/\/portalcapixaba.com\/?p=13079\",\"name\":\"Governo do Estado amplia investimentos em sa\u00fade e infraestrutura em Colatina - Portal Capixaba\",\"isPartOf\":{\"@id\":\"https:\/\/portalcapixaba.com\/#website\"},\"primaryImageOfPage\":{\"@id\":\"https:\/\/portalcapixaba.com\/?p=13079#primaryimage\"},\"image\":{\"@id\":\"https:\/\/portalcapixaba.com\/?p=13079#primaryimage\"},\"thumbnailUrl\":\"https:\/\/portalcapixaba.com\/wp-content\/uploads\/2026\/05\/WhatsApp-Image-2026-05-01-at-12.00.25-3.jpeg\",\"datePublished\":\"2026-05-01T21:11:03+00:00\",\"author\":{\"@id\":\"https:\/\/portalcapixaba.com\/#\/schema\/person\/bcd337770ede8facc9d17a424328bf4b\"},\"description\":\"O governador do Estado, Ricardo Ferra\u00e7o, cumpriu agenda nesta sexta-feira (1\u00ba), em Colatina, com an\u00fancios e assinatura de conv\u00eanios nas \u00e1reas de infraestrutura urbana e sa\u00fade. As a\u00e7\u00f5es incluem a obra de conten\u00e7\u00e3o de encosta no bairro Vista da Serra, investimentos em reabilita\u00e7\u00e3o f\u00edsica e a amplia\u00e7\u00e3o dos servi\u00e7os hospitalares da Santa Casa de Miseric\u00f3rdia, consolidando o munic\u00edpio como refer\u00eancia regional.\",\"breadcrumb\":{\"@id\":\"https:\/\/portalcapixaba.com\/?p=13079#breadcrumb\"},\"inLanguage\":\"pt-BR\",\"potentialAction\":[{\"@type\":\"ReadAction\",\"target\":[\"https:\/\/portalcapixaba.com\/?p=13079\"]}]},{\"@type\":\"ImageObject\",\"inLanguage\":\"pt-BR\",\"@id\":\"https:\/\/portalcapixaba.com\/?p=13079#primaryimage\",\"url\":\"https:\/\/portalcapixaba.com\/wp-content\/uploads\/2026\/05\/WhatsApp-Image-2026-05-01-at-12.00.25-3.jpeg\",\"contentUrl\":\"https:\/\/portalcapixaba.com\/wp-content\/uploads\/2026\/05\/WhatsApp-Image-2026-05-01-at-12.00.25-3.jpeg\",\"width\":960,\"height\":540},{\"@type\":\"BreadcrumbList\",\"@id\":\"https:\/\/portalcapixaba.com\/?p=13079#breadcrumb\",\"itemListElement\":[{\"@type\":\"ListItem\",\"position\":1,\"name\":\"Home\",\"item\":\"https:\/\/portalcapixaba.com\/\"},{\"@type\":\"ListItem\",\"position\":2,\"name\":\"Governo do Estado amplia investimentos em sa\u00fade e infraestrutura em Colatina\"}]},{\"@type\":\"WebSite\",\"@id\":\"https:\/\/portalcapixaba.com\/#website\",\"url\":\"https:\/\/portalcapixaba.com\/\",\"name\":\"Portal Capixaba\",\"description\":\"\",\"potentialAction\":[{\"@type\":\"SearchAction\",\"target\":{\"@type\":\"EntryPoint\",\"urlTemplate\":\"https:\/\/portalcapixaba.com\/?s={search_term_string}\"},\"query-input\":{\"@type\":\"PropertyValueSpecification\",\"valueRequired\":true,\"valueName\":\"search_term_string\"}}],\"inLanguage\":\"pt-BR\"},{\"@type\":\"Person\",\"@id\":\"https:\/\/portalcapixaba.com\/#\/schema\/person\/bcd337770ede8facc9d17a424328bf4b\",\"name\":\"jane boldt\",\"image\":{\"@type\":\"ImageObject\",\"inLanguage\":\"pt-BR\",\"@id\":\"https:\/\/portalcapixaba.com\/#\/schema\/person\/image\/\",\"url\":\"https:\/\/secure.gravatar.com\/avatar\/0c30036a196ee4fe42305219849d553f713d275a5d9eddafc5bc93dc51582d78?s=96&d=mm&r=g\",\"contentUrl\":\"https:\/\/secure.gravatar.com\/avatar\/0c30036a196ee4fe42305219849d553f713d275a5d9eddafc5bc93dc51582d78?s=96&d=mm&r=g\",\"caption\":\"jane boldt\"},\"sameAs\":[\"http:\/\/portalcapixaba.com.br\"],\"url\":\"https:\/\/portalcapixaba.com\/?author=3\"}]}<\/script>\n<!-- \/ Yoast SEO Premium plugin. -->","yoast_head_json":{"title":"Governo do Estado amplia investimentos em sa\u00fade e infraestrutura em Colatina - Portal Capixaba","description":"O governador do Estado, Ricardo Ferra\u00e7o, cumpriu agenda nesta sexta-feira (1\u00ba), em Colatina, com an\u00fancios e assinatura de conv\u00eanios nas \u00e1reas de infraestrutura urbana e sa\u00fade. As a\u00e7\u00f5es incluem a obra de conten\u00e7\u00e3o de encosta no bairro Vista da Serra, investimentos em reabilita\u00e7\u00e3o f\u00edsica e a amplia\u00e7\u00e3o dos servi\u00e7os hospitalares da Santa Casa de Miseric\u00f3rdia, consolidando o munic\u00edpio como refer\u00eancia regional.","robots":{"index":"index","follow":"follow","max-snippet":"max-snippet:-1","max-image-preview":"max-image-preview:large","max-video-preview":"max-video-preview:-1"},"canonical":"https:\/\/portalcapixaba.com\/?p=13079","og_locale":"pt_BR","og_type":"article","og_title":"Governo do Estado amplia investimentos em sa\u00fade e infraestrutura em Colatina","og_description":"O governador do Estado, Ricardo Ferra\u00e7o, cumpriu agenda nesta sexta-feira (1\u00ba), em Colatina, com an\u00fancios e assinatura de conv\u00eanios nas \u00e1reas de infraestrutura urbana e sa\u00fade. As a\u00e7\u00f5es incluem a obra de conten\u00e7\u00e3o de encosta no bairro Vista da Serra, investimentos em reabilita\u00e7\u00e3o f\u00edsica e a amplia\u00e7\u00e3o dos servi\u00e7os hospitalares da Santa Casa de Miseric\u00f3rdia, consolidando o munic\u00edpio como refer\u00eancia regional.","og_url":"https:\/\/portalcapixaba.com\/?p=13079","og_site_name":"Portal Capixaba","article_published_time":"2026-05-01T21:11:03+00:00","og_image":[{"width":960,"height":540,"url":"https:\/\/portalcapixaba.com\/wp-content\/uploads\/2026\/05\/WhatsApp-Image-2026-05-01-at-12.00.25-3.jpeg","type":"image\/jpeg"}],"author":"jane boldt","twitter_card":"summary_large_image","twitter_misc":{"Escrito por":"jane boldt","Est. tempo de leitura":"4 minutos"},"schema":{"@context":"https:\/\/schema.org","@graph":[{"@type":"WebPage","@id":"https:\/\/portalcapixaba.com\/?p=13079","url":"https:\/\/portalcapixaba.com\/?p=13079","name":"Governo do Estado amplia investimentos em sa\u00fade e infraestrutura em Colatina - Portal Capixaba","isPartOf":{"@id":"https:\/\/portalcapixaba.com\/#website"},"primaryImageOfPage":{"@id":"https:\/\/portalcapixaba.com\/?p=13079#primaryimage"},"image":{"@id":"https:\/\/portalcapixaba.com\/?p=13079#primaryimage"},"thumbnailUrl":"https:\/\/portalcapixaba.com\/wp-content\/uploads\/2026\/05\/WhatsApp-Image-2026-05-01-at-12.00.25-3.jpeg","datePublished":"2026-05-01T21:11:03+00:00","author":{"@id":"https:\/\/portalcapixaba.com\/#\/schema\/person\/bcd337770ede8facc9d17a424328bf4b"},"description":"O governador do Estado, Ricardo Ferra\u00e7o, cumpriu agenda nesta sexta-feira (1\u00ba), em Colatina, com an\u00fancios e assinatura de conv\u00eanios nas \u00e1reas de infraestrutura urbana e sa\u00fade. As a\u00e7\u00f5es incluem a obra de conten\u00e7\u00e3o de encosta no bairro Vista da Serra, investimentos em reabilita\u00e7\u00e3o f\u00edsica e a amplia\u00e7\u00e3o dos servi\u00e7os hospitalares da Santa Casa de Miseric\u00f3rdia, consolidando o munic\u00edpio como refer\u00eancia regional.","breadcrumb":{"@id":"https:\/\/portalcapixaba.com\/?p=13079#breadcrumb"},"inLanguage":"pt-BR","potentialAction":[{"@type":"ReadAction","target":["https:\/\/portalcapixaba.com\/?p=13079"]}]},{"@type":"ImageObject","inLanguage":"pt-BR","@id":"https:\/\/portalcapixaba.com\/?p=13079#primaryimage","url":"https:\/\/portalcapixaba.com\/wp-content\/uploads\/2026\/05\/WhatsApp-Image-2026-05-01-at-12.00.25-3.jpeg","contentUrl":"https:\/\/portalcapixaba.com\/wp-content\/uploads\/2026\/05\/WhatsApp-Image-2026-05-01-at-12.00.25-3.jpeg","width":960,"height":540},{"@type":"BreadcrumbList","@id":"https:\/\/portalcapixaba.com\/?p=13079#breadcrumb","itemListElement":[{"@type":"ListItem","position":1,"name":"Home","item":"https:\/\/portalcapixaba.com\/"},{"@type":"ListItem","position":2,"name":"Governo do Estado amplia investimentos em sa\u00fade e infraestrutura em Colatina"}]},{"@type":"WebSite","@id":"https:\/\/portalcapixaba.com\/#website","url":"https:\/\/portalcapixaba.com\/","name":"Portal Capixaba","description":"","potentialAction":[{"@type":"SearchAction","target":{"@type":"EntryPoint","urlTemplate":"https:\/\/portalcapixaba.com\/?s={search_term_string}"},"query-input":{"@type":"PropertyValueSpecification","valueRequired":true,"valueName":"search_term_string"}}],"inLanguage":"pt-BR"},{"@type":"Person","@id":"https:\/\/portalcapixaba.com\/#\/schema\/person\/bcd337770ede8facc9d17a424328bf4b","name":"jane boldt","image":{"@type":"ImageObject","inLanguage":"pt-BR","@id":"https:\/\/portalcapixaba.com\/#\/schema\/person\/image\/","url":"https:\/\/secure.gravatar.com\/avatar\/0c30036a196ee4fe42305219849d553f713d275a5d9eddafc5bc93dc51582d78?s=96&d=mm&r=g","contentUrl":"https:\/\/secure.gravatar.com\/avatar\/0c30036a196ee4fe42305219849d553f713d275a5d9eddafc5bc93dc51582d78?s=96&d=mm&r=g","caption":"jane boldt"},"sameAs":["http:\/\/portalcapixaba.com.br"],"url":"https:\/\/portalcapixaba.com\/?author=3"}]}},"_links":{"self":[{"href":"https:\/\/portalcapixaba.com\/index.php?rest_route=\/wp\/v2\/posts\/13079","targetHints":{"allow":["GET"]}}],"collection":[{"href":"https:\/\/portalcapixaba.com\/index.php?rest_route=\/wp\/v2\/posts"}],"about":[{"href":"https:\/\/portalcapixaba.com\/index.php?rest_route=\/wp\/v2\/types\/post"}],"author":[{"embeddable":true,"href":"https:\/\/portalcapixaba.com\/index.php?rest_route=\/wp\/v2\/users\/3"}],"replies":[{"embeddable":true,"href":"https:\/\/portalcapixaba.com\/index.php?rest_route=%2Fwp%2Fv2%2Fcomments&post=13079"}],"version-history":[{"count":1,"href":"https:\/\/portalcapixaba.com\/index.php?rest_route=\/wp\/v2\/posts\/13079\/revisions"}],"predecessor-version":[{"id":13081,"href":"https:\/\/portalcapixaba.com\/index.php?rest_route=\/wp\/v2\/posts\/13079\/revisions\/13081"}],"wp:featuredmedia":[{"embeddable":true,"href":"https:\/\/portalcapixaba.com\/index.php?rest_route=\/wp\/v2\/media\/13080"}],"wp:attachment":[{"href":"https:\/\/portalcapixaba.com\/index.php?rest_route=%2Fwp%2Fv2%2Fmedia&parent=13079"}],"wp:term":[{"taxonomy":"category","embeddable":true,"href":"https:\/\/portalcapixaba.com\/index.php?rest_route=%2Fwp%2Fv2%2Fcategories&post=13079"},{"taxonomy":"post_tag","embeddable":true,"href":"https:\/\/portalcapixaba.com\/index.php?rest_route=%2Fwp%2Fv2%2Ftags&post=13079"}],"curies":[{"name":"wp","href":"https:\/\/api.w.org\/{rel}","templated":true}]}}