{"id":13082,"date":"2026-05-01T18:12:40","date_gmt":"2026-05-01T21:12:40","guid":{"rendered":"https:\/\/portalcapixaba.com\/?p=13082"},"modified":"2026-05-01T18:12:40","modified_gmt":"2026-05-01T21:12:40","slug":"banda-escolar-de-cariacica-se-destaca-em-desfile-civico-em-boa-esperanca-norte-do-es","status":"publish","type":"post","link":"https:\/\/portalcapixaba.com\/?p=13082","title":{"rendered":"Banda escolar de Cariacica se destaca em desfile c\u00edvico em Boa Esperan\u00e7a, norte do ES"},"content":{"rendered":"<p>A Corpora\u00e7\u00e3o Musical da EMEF Hil\u00e1rio Vieira da Silva, de Cariacica, marcou presen\u00e7a no desfile c\u00edvico em comemora\u00e7\u00e3o aos 62 anos do munic\u00edpio de Boa Esperan\u00e7a, no norte do Esp\u00edrito Santo. A apresenta\u00e7\u00e3o aconteceu nesta quinta-feira (30) e contou com a participa\u00e7\u00e3o de 40 alunos integrantes da banda.<\/p>\n<p>O grupo faz parte do Programa Semearte, desenvolvido pela Secretaria Municipal de Educa\u00e7\u00e3o, por meio da Ger\u00eancia de Programas e Projetos, e \u00e9 um exemplo de como a m\u00fasica pode ser uma poderosa ferramenta de transforma\u00e7\u00e3o social e educacional.<\/p>\n<p>Com 13 anos de exist\u00eancia, a banda da EMEF Hil\u00e1rio Vieira da Silva, localizada no bairro Jardim Campo Grande, conta, atualmente, com 48 estudantes. Ao longo dos anos, o grupo vem se consolidando como refer\u00eancia em apresenta\u00e7\u00f5es dentro e fora do munic\u00edpio, levando o nome de Cariacica a diferentes cidades do Estado.<\/p>\n<p>A participa\u00e7\u00e3o em eventos como o desfile de Boa Esperan\u00e7a vai al\u00e9m da apresenta\u00e7\u00e3o musical. \u00c9 um reconhecimento p\u00fablico da qualidade art\u00edstica do trabalho desenvolvido e tamb\u00e9m de uma oportunidade de crescimento para os alunos.<\/p>\n<p>Para a t\u00e9cnica da Secretaria Municipal de Educa\u00e7\u00e3o, Marcela Lepre, iniciativas como essa t\u00eam um impacto direto na forma\u00e7\u00e3o dos estudantes. \u201cAs bandas escolares s\u00e3o fundamentais para o desenvolvimento sociocultural dos nossos alunos. Por meio do Programa Semearte, conseguimos oferecer uma atividade que vai al\u00e9m da sala de aula, estimulando a disciplina, a conviv\u00eancia e o protagonismo juvenil\u201d, destacou.<\/p>\n","protected":false},"excerpt":{"rendered":"<p>A Corpora\u00e7\u00e3o Musical da EMEF Hil\u00e1rio Vieira da Silva, de Cariacica, marcou presen\u00e7a no desfile c\u00edvico em comemora\u00e7\u00e3o aos 62 anos do munic\u00edpio de Boa Esperan\u00e7a, no norte do Esp\u00edrito Santo. A apresenta\u00e7\u00e3o aconteceu nesta quinta-feira (30) e contou com a participa\u00e7\u00e3o de 40 alunos integrantes da banda. O grupo faz parte do Programa Semearte, [&hellip;]<\/p>\n","protected":false},"author":3,"featured_media":13083,"comment_status":"open","ping_status":"open","sticky":false,"template":"","format":"standard","meta":{"om_disable_all_campaigns":false,"_monsterinsights_skip_tracking":false,"_monsterinsights_sitenote_active":false,"_monsterinsights_sitenote_note":"","_monsterinsights_sitenote_category":0,"footnotes":""},"categories":[51],"tags":[],"class_list":["post-13082","post","type-post","status-publish","format-standard","has-post-thumbnail","hentry","category-cultura-e-saude"],"yoast_head":"<!-- This site is optimized with the Yoast SEO Premium plugin v21.9 (Yoast SEO v26.6) - https:\/\/yoast.com\/wordpress\/plugins\/seo\/ -->\n<title>Banda escolar de Cariacica se destaca em desfile c\u00edvico em Boa Esperan\u00e7a, norte do ES - Portal Capixaba<\/title>\n<meta name=\"description\" content=\"A Corpora\u00e7\u00e3o Musical da EMEF Hil\u00e1rio Vieira da Silva, de Cariacica, marcou presen\u00e7a no desfile c\u00edvico em comemora\u00e7\u00e3o aos 62 anos do munic\u00edpio de Boa Esperan\u00e7a, no norte do Esp\u00edrito Santo. A apresenta\u00e7\u00e3o aconteceu nesta quinta-feira (30) e contou com a participa\u00e7\u00e3o de 40 alunos integrantes da banda\" \/>\n<meta name=\"robots\" content=\"index, follow, max-snippet:-1, max-image-preview:large, max-video-preview:-1\" \/>\n<link rel=\"canonical\" href=\"https:\/\/portalcapixaba.com\/?p=13082\" \/>\n<meta property=\"og:locale\" content=\"pt_BR\" \/>\n<meta property=\"og:type\" content=\"article\" \/>\n<meta property=\"og:title\" content=\"Banda escolar de Cariacica se destaca em desfile c\u00edvico em Boa Esperan\u00e7a, norte do ES\" \/>\n<meta property=\"og:description\" content=\"A Corpora\u00e7\u00e3o Musical da EMEF Hil\u00e1rio Vieira da Silva, de Cariacica, marcou presen\u00e7a no desfile c\u00edvico em comemora\u00e7\u00e3o aos 62 anos do munic\u00edpio de Boa Esperan\u00e7a, no norte do Esp\u00edrito Santo. A apresenta\u00e7\u00e3o aconteceu nesta quinta-feira (30) e contou com a participa\u00e7\u00e3o de 40 alunos integrantes da banda\" \/>\n<meta property=\"og:url\" content=\"https:\/\/portalcapixaba.com\/?p=13082\" \/>\n<meta property=\"og:site_name\" content=\"Portal Capixaba\" \/>\n<meta property=\"article:published_time\" content=\"2026-05-01T21:12:40+00:00\" \/>\n<meta property=\"og:image\" content=\"https:\/\/portalcapixaba.com\/wp-content\/uploads\/2026\/05\/b759b457-b0b7-41b3-aa4a-ee4d7dff63f6-scaled.jpeg\" \/>\n\t<meta property=\"og:image:width\" content=\"2560\" \/>\n\t<meta property=\"og:image:height\" content=\"1439\" \/>\n\t<meta property=\"og:image:type\" content=\"image\/jpeg\" \/>\n<meta name=\"author\" content=\"jane boldt\" \/>\n<meta name=\"twitter:card\" content=\"summary_large_image\" \/>\n<meta name=\"twitter:label1\" content=\"Escrito por\" \/>\n\t<meta name=\"twitter:data1\" content=\"jane boldt\" \/>\n\t<meta name=\"twitter:label2\" content=\"Est. tempo de leitura\" \/>\n\t<meta name=\"twitter:data2\" content=\"2 minutos\" \/>\n<script type=\"application\/ld+json\" class=\"yoast-schema-graph\">{\"@context\":\"https:\/\/schema.org\",\"@graph\":[{\"@type\":\"WebPage\",\"@id\":\"https:\/\/portalcapixaba.com\/?p=13082\",\"url\":\"https:\/\/portalcapixaba.com\/?p=13082\",\"name\":\"Banda escolar de Cariacica se destaca em desfile c\u00edvico em Boa Esperan\u00e7a, norte do ES - Portal Capixaba\",\"isPartOf\":{\"@id\":\"https:\/\/portalcapixaba.com\/#website\"},\"primaryImageOfPage\":{\"@id\":\"https:\/\/portalcapixaba.com\/?p=13082#primaryimage\"},\"image\":{\"@id\":\"https:\/\/portalcapixaba.com\/?p=13082#primaryimage\"},\"thumbnailUrl\":\"https:\/\/portalcapixaba.com\/wp-content\/uploads\/2026\/05\/b759b457-b0b7-41b3-aa4a-ee4d7dff63f6-scaled.jpeg\",\"datePublished\":\"2026-05-01T21:12:40+00:00\",\"author\":{\"@id\":\"https:\/\/portalcapixaba.com\/#\/schema\/person\/bcd337770ede8facc9d17a424328bf4b\"},\"description\":\"A Corpora\u00e7\u00e3o Musical da EMEF Hil\u00e1rio Vieira da Silva, de Cariacica, marcou presen\u00e7a no desfile c\u00edvico em comemora\u00e7\u00e3o aos 62 anos do munic\u00edpio de Boa Esperan\u00e7a, no norte do Esp\u00edrito Santo. A apresenta\u00e7\u00e3o aconteceu nesta quinta-feira (30) e contou com a participa\u00e7\u00e3o de 40 alunos integrantes da banda\",\"breadcrumb\":{\"@id\":\"https:\/\/portalcapixaba.com\/?p=13082#breadcrumb\"},\"inLanguage\":\"pt-BR\",\"potentialAction\":[{\"@type\":\"ReadAction\",\"target\":[\"https:\/\/portalcapixaba.com\/?p=13082\"]}]},{\"@type\":\"ImageObject\",\"inLanguage\":\"pt-BR\",\"@id\":\"https:\/\/portalcapixaba.com\/?p=13082#primaryimage\",\"url\":\"https:\/\/portalcapixaba.com\/wp-content\/uploads\/2026\/05\/b759b457-b0b7-41b3-aa4a-ee4d7dff63f6-scaled.jpeg\",\"contentUrl\":\"https:\/\/portalcapixaba.com\/wp-content\/uploads\/2026\/05\/b759b457-b0b7-41b3-aa4a-ee4d7dff63f6-scaled.jpeg\",\"width\":2560,\"height\":1439},{\"@type\":\"BreadcrumbList\",\"@id\":\"https:\/\/portalcapixaba.com\/?p=13082#breadcrumb\",\"itemListElement\":[{\"@type\":\"ListItem\",\"position\":1,\"name\":\"Home\",\"item\":\"https:\/\/portalcapixaba.com\/\"},{\"@type\":\"ListItem\",\"position\":2,\"name\":\"Banda escolar de Cariacica se destaca em desfile c\u00edvico em Boa Esperan\u00e7a, norte do ES\"}]},{\"@type\":\"WebSite\",\"@id\":\"https:\/\/portalcapixaba.com\/#website\",\"url\":\"https:\/\/portalcapixaba.com\/\",\"name\":\"Portal Capixaba\",\"description\":\"\",\"potentialAction\":[{\"@type\":\"SearchAction\",\"target\":{\"@type\":\"EntryPoint\",\"urlTemplate\":\"https:\/\/portalcapixaba.com\/?s={search_term_string}\"},\"query-input\":{\"@type\":\"PropertyValueSpecification\",\"valueRequired\":true,\"valueName\":\"search_term_string\"}}],\"inLanguage\":\"pt-BR\"},{\"@type\":\"Person\",\"@id\":\"https:\/\/portalcapixaba.com\/#\/schema\/person\/bcd337770ede8facc9d17a424328bf4b\",\"name\":\"jane boldt\",\"image\":{\"@type\":\"ImageObject\",\"inLanguage\":\"pt-BR\",\"@id\":\"https:\/\/portalcapixaba.com\/#\/schema\/person\/image\/\",\"url\":\"https:\/\/secure.gravatar.com\/avatar\/0c30036a196ee4fe42305219849d553f713d275a5d9eddafc5bc93dc51582d78?s=96&d=mm&r=g\",\"contentUrl\":\"https:\/\/secure.gravatar.com\/avatar\/0c30036a196ee4fe42305219849d553f713d275a5d9eddafc5bc93dc51582d78?s=96&d=mm&r=g\",\"caption\":\"jane boldt\"},\"sameAs\":[\"http:\/\/portalcapixaba.com.br\"],\"url\":\"https:\/\/portalcapixaba.com\/?author=3\"}]}<\/script>\n<!-- \/ Yoast SEO Premium plugin. -->","yoast_head_json":{"title":"Banda escolar de Cariacica se destaca em desfile c\u00edvico em Boa Esperan\u00e7a, norte do ES - Portal Capixaba","description":"A Corpora\u00e7\u00e3o Musical da EMEF Hil\u00e1rio Vieira da Silva, de Cariacica, marcou presen\u00e7a no desfile c\u00edvico em comemora\u00e7\u00e3o aos 62 anos do munic\u00edpio de Boa Esperan\u00e7a, no norte do Esp\u00edrito Santo. A apresenta\u00e7\u00e3o aconteceu nesta quinta-feira (30) e contou com a participa\u00e7\u00e3o de 40 alunos integrantes da banda","robots":{"index":"index","follow":"follow","max-snippet":"max-snippet:-1","max-image-preview":"max-image-preview:large","max-video-preview":"max-video-preview:-1"},"canonical":"https:\/\/portalcapixaba.com\/?p=13082","og_locale":"pt_BR","og_type":"article","og_title":"Banda escolar de Cariacica se destaca em desfile c\u00edvico em Boa Esperan\u00e7a, norte do ES","og_description":"A Corpora\u00e7\u00e3o Musical da EMEF Hil\u00e1rio Vieira da Silva, de Cariacica, marcou presen\u00e7a no desfile c\u00edvico em comemora\u00e7\u00e3o aos 62 anos do munic\u00edpio de Boa Esperan\u00e7a, no norte do Esp\u00edrito Santo. A apresenta\u00e7\u00e3o aconteceu nesta quinta-feira (30) e contou com a participa\u00e7\u00e3o de 40 alunos integrantes da banda","og_url":"https:\/\/portalcapixaba.com\/?p=13082","og_site_name":"Portal Capixaba","article_published_time":"2026-05-01T21:12:40+00:00","og_image":[{"width":2560,"height":1439,"url":"https:\/\/portalcapixaba.com\/wp-content\/uploads\/2026\/05\/b759b457-b0b7-41b3-aa4a-ee4d7dff63f6-scaled.jpeg","type":"image\/jpeg"}],"author":"jane boldt","twitter_card":"summary_large_image","twitter_misc":{"Escrito por":"jane boldt","Est. tempo de leitura":"2 minutos"},"schema":{"@context":"https:\/\/schema.org","@graph":[{"@type":"WebPage","@id":"https:\/\/portalcapixaba.com\/?p=13082","url":"https:\/\/portalcapixaba.com\/?p=13082","name":"Banda escolar de Cariacica se destaca em desfile c\u00edvico em Boa Esperan\u00e7a, norte do ES - Portal Capixaba","isPartOf":{"@id":"https:\/\/portalcapixaba.com\/#website"},"primaryImageOfPage":{"@id":"https:\/\/portalcapixaba.com\/?p=13082#primaryimage"},"image":{"@id":"https:\/\/portalcapixaba.com\/?p=13082#primaryimage"},"thumbnailUrl":"https:\/\/portalcapixaba.com\/wp-content\/uploads\/2026\/05\/b759b457-b0b7-41b3-aa4a-ee4d7dff63f6-scaled.jpeg","datePublished":"2026-05-01T21:12:40+00:00","author":{"@id":"https:\/\/portalcapixaba.com\/#\/schema\/person\/bcd337770ede8facc9d17a424328bf4b"},"description":"A Corpora\u00e7\u00e3o Musical da EMEF Hil\u00e1rio Vieira da Silva, de Cariacica, marcou presen\u00e7a no desfile c\u00edvico em comemora\u00e7\u00e3o aos 62 anos do munic\u00edpio de Boa Esperan\u00e7a, no norte do Esp\u00edrito Santo. A apresenta\u00e7\u00e3o aconteceu nesta quinta-feira (30) e contou com a participa\u00e7\u00e3o de 40 alunos integrantes da banda","breadcrumb":{"@id":"https:\/\/portalcapixaba.com\/?p=13082#breadcrumb"},"inLanguage":"pt-BR","potentialAction":[{"@type":"ReadAction","target":["https:\/\/portalcapixaba.com\/?p=13082"]}]},{"@type":"ImageObject","inLanguage":"pt-BR","@id":"https:\/\/portalcapixaba.com\/?p=13082#primaryimage","url":"https:\/\/portalcapixaba.com\/wp-content\/uploads\/2026\/05\/b759b457-b0b7-41b3-aa4a-ee4d7dff63f6-scaled.jpeg","contentUrl":"https:\/\/portalcapixaba.com\/wp-content\/uploads\/2026\/05\/b759b457-b0b7-41b3-aa4a-ee4d7dff63f6-scaled.jpeg","width":2560,"height":1439},{"@type":"BreadcrumbList","@id":"https:\/\/portalcapixaba.com\/?p=13082#breadcrumb","itemListElement":[{"@type":"ListItem","position":1,"name":"Home","item":"https:\/\/portalcapixaba.com\/"},{"@type":"ListItem","position":2,"name":"Banda escolar de Cariacica se destaca em desfile c\u00edvico em Boa Esperan\u00e7a, norte do ES"}]},{"@type":"WebSite","@id":"https:\/\/portalcapixaba.com\/#website","url":"https:\/\/portalcapixaba.com\/","name":"Portal Capixaba","description":"","potentialAction":[{"@type":"SearchAction","target":{"@type":"EntryPoint","urlTemplate":"https:\/\/portalcapixaba.com\/?s={search_term_string}"},"query-input":{"@type":"PropertyValueSpecification","valueRequired":true,"valueName":"search_term_string"}}],"inLanguage":"pt-BR"},{"@type":"Person","@id":"https:\/\/portalcapixaba.com\/#\/schema\/person\/bcd337770ede8facc9d17a424328bf4b","name":"jane boldt","image":{"@type":"ImageObject","inLanguage":"pt-BR","@id":"https:\/\/portalcapixaba.com\/#\/schema\/person\/image\/","url":"https:\/\/secure.gravatar.com\/avatar\/0c30036a196ee4fe42305219849d553f713d275a5d9eddafc5bc93dc51582d78?s=96&d=mm&r=g","contentUrl":"https:\/\/secure.gravatar.com\/avatar\/0c30036a196ee4fe42305219849d553f713d275a5d9eddafc5bc93dc51582d78?s=96&d=mm&r=g","caption":"jane boldt"},"sameAs":["http:\/\/portalcapixaba.com.br"],"url":"https:\/\/portalcapixaba.com\/?author=3"}]}},"_links":{"self":[{"href":"https:\/\/portalcapixaba.com\/index.php?rest_route=\/wp\/v2\/posts\/13082","targetHints":{"allow":["GET"]}}],"collection":[{"href":"https:\/\/portalcapixaba.com\/index.php?rest_route=\/wp\/v2\/posts"}],"about":[{"href":"https:\/\/portalcapixaba.com\/index.php?rest_route=\/wp\/v2\/types\/post"}],"author":[{"embeddable":true,"href":"https:\/\/portalcapixaba.com\/index.php?rest_route=\/wp\/v2\/users\/3"}],"replies":[{"embeddable":true,"href":"https:\/\/portalcapixaba.com\/index.php?rest_route=%2Fwp%2Fv2%2Fcomments&post=13082"}],"version-history":[{"count":1,"href":"https:\/\/portalcapixaba.com\/index.php?rest_route=\/wp\/v2\/posts\/13082\/revisions"}],"predecessor-version":[{"id":13084,"href":"https:\/\/portalcapixaba.com\/index.php?rest_route=\/wp\/v2\/posts\/13082\/revisions\/13084"}],"wp:featuredmedia":[{"embeddable":true,"href":"https:\/\/portalcapixaba.com\/index.php?rest_route=\/wp\/v2\/media\/13083"}],"wp:attachment":[{"href":"https:\/\/portalcapixaba.com\/index.php?rest_route=%2Fwp%2Fv2%2Fmedia&parent=13082"}],"wp:term":[{"taxonomy":"category","embeddable":true,"href":"https:\/\/portalcapixaba.com\/index.php?rest_route=%2Fwp%2Fv2%2Fcategories&post=13082"},{"taxonomy":"post_tag","embeddable":true,"href":"https:\/\/portalcapixaba.com\/index.php?rest_route=%2Fwp%2Fv2%2Ftags&post=13082"}],"curies":[{"name":"wp","href":"https:\/\/api.w.org\/{rel}","templated":true}]}}