{"id":13088,"date":"2026-05-02T15:56:30","date_gmt":"2026-05-02T18:56:30","guid":{"rendered":"https:\/\/portalcapixaba.com\/?p=13088"},"modified":"2026-05-02T15:56:30","modified_gmt":"2026-05-02T18:56:30","slug":"comissao-de-seguranca-debate-crimes-praticados-por-menores-de-idade","status":"publish","type":"post","link":"https:\/\/portalcapixaba.com\/?p=13088","title":{"rendered":"Comiss\u00e3o de Seguran\u00e7a debate crimes praticados por menores de idade"},"content":{"rendered":"<div id=\"divLegendaDetalhaFoto\">Pela legisla\u00e7\u00e3o brasileira, menores de 18 anos n\u00e3o respondem criminalmente por seus atos\u00a0\/\u00a0Foto:\u00a0Luiz Silveira\/Ag\u00eancia CNJ<\/div>\n<div class=\"clearfix\"><\/div>\n<div id=\"content\">\n<p>A menoridade penal \u00e9 um dos assuntos em destaque na agenda de atividades parlamentares previstas para a pr\u00f3xima semana na Assembleia Legislativa (Ales). O tema est\u00e1 na pauta da reuni\u00e3o da Comiss\u00e3o de Seguran\u00e7a, marcada para ter\u00e7a-feira (5), \u00e0s 10 horas, no Plen\u00e1rio Dirceu Cardoso.<\/p>\n<p>Foram convidados para o debate autoridades dos Poderes Executivo e Judici\u00e1rio, Minist\u00e9rio P\u00fablico do Esp\u00edrito Santo (MPES), Defensoria P\u00fablica do Estado (DPES), Ordem dos Advogados (OAB-ES), al\u00e9m de representantes das pol\u00edcias, organiza\u00e7\u00f5es ligadas aos direitos humanos e assist\u00eancia social.<\/p>\n<p>\u201c\u00c9 um assunto important\u00edssimo, j\u00e1 que parte consider\u00e1vel dos crimes \u00e9 praticada por menores de idade que, por terem menos de 18 anos, acabam n\u00e3o respondendo de uma forma mais rigorosa pelo que fazem\u201d, afirma o presidente do colegiado, deputado Delegado Danilo Bahiense (PL).<\/p>\n<p><strong>Menoridade penal<\/strong><\/p>\n<p>Pela legisla\u00e7\u00e3o brasileira, menores de 18 anos s\u00e3o inimput\u00e1veis, por isso, n\u00e3o respondem penalmente em casos de crimes, estando sujeito a normas estabelecidas no Estatuto da Crian\u00e7a e do Adolescente.<\/p>\n<p>Bahiense considera que a redu\u00e7\u00e3o da idade penal no pa\u00eds \u00e9 um dos pontos que poder\u00e3o ser discutidos no encontro por se tratar de um anseio de boa parte da popula\u00e7\u00e3o.<\/p>\n<p>Ele acrescenta\u00a0que a precariedade do funcionamento dos conselhos tutelares e o que tem sido feito pelo poder p\u00fablico para evitar que os jovens sejam atra\u00eddos pelo crime tamb\u00e9m s\u00e3o quest\u00f5es pass\u00edveis de discuss\u00e3o no encontro.<\/p>\n<p><strong>Fam\u00edlia Acolhedora<\/strong><\/p>\n<p>Outro debate programado para a semana \u00e9 a respeito da import\u00e2ncia das a\u00e7\u00f5es da Fam\u00edlia Acolhedora, medida de prote\u00e7\u00e3o\u00a0prevista no Estatuto da Crian\u00e7a e do Adolescente.<\/p>\n<p>O encontro, promovido pela Frente Parlamentar da Advocacia, est\u00e1 marcado para segunda-feira (4), \u00e0s 10 horas, no audit\u00f3rio Herm\u00f3genes da Fonseca.<\/p>\n<p>Foram convidadas para falar sobre o assunto a dirigente do Centro de Apoio Operacional da Inf\u00e2ncia do MPES, promotora de Justi\u00e7a Val\u00e9ria Barros Duarte, e a promotora da Inf\u00e2ncia, Vanessa Fraga.<\/p>\n<p>O servi\u00e7o Fam\u00edlia Acolhedora cadastra e capacita fam\u00edlias da comunidade para receberem, em suas casas, crian\u00e7as e adolescentes afastados temporariamente do conv\u00edvio familiar por medida de prote\u00e7\u00e3o (risco ou vulnerabilidade).<\/p>\n<p>\u00c9 um lar tempor\u00e1rio, n\u00e3o ado\u00e7\u00e3o, visando o retorno \u00e0 fam\u00edlia de origem. As fam\u00edlias recebem suporte t\u00e9cnico e um subs\u00eddio financeiro.<\/p>\n<p><strong>Confira a agenda*:\u00a0<\/strong><\/p>\n<p><u>Segunda (04\/05)\u00a0<\/u><br \/>\n10 horas \u2013 Comiss\u00e3o Especial para Fiscaliza\u00e7\u00e3o dos Cons\u00f3rcios P\u00fablicos \u2013 Plen\u00e1rio Dirceu Cardoso<br \/>\n10 horas \u2013 Frente Parlamentar da Advocacia \u2013 Audit\u00f3rio Herm\u00f3genes da Fonseca<br \/>\n13h30 \u2013 Comiss\u00e3o de Finan\u00e7as \u2013 Plen\u00e1rio Dirceu Cardoso<br \/>\n15 horas \u2013 Sess\u00e3o ordin\u00e1ria \u2013 Plen\u00e1rio Dirceu Cardoso<\/p>\n<p><u>Ter\u00e7a (05\/05)<\/u><br \/>\n9 horas \u2013 Comiss\u00e3o de Meio Ambiente \u2013 Plen\u00e1rio Rui Barbosa<br \/>\n10 horas \u2013 Comiss\u00e3o de Seguran\u00e7a \u2013 Plen\u00e1rio Dirceu Cardoso<br \/>\n11 horas \u2013 Comiss\u00e3o de Prote\u00e7\u00e3o \u00e0 Crian\u00e7a e ao Adolescente \u2013 Plen\u00e1rio Rui Barbosa<br \/>\n13 horas \u2013 Comiss\u00e3o de Turismo \u2013 Plen\u00e1rio Rui Barbosa<br \/>\n13h30 \u2013 Comiss\u00e3o de Justi\u00e7a \u2013 Plen\u00e1rio Dirceu Cardoso<br \/>\n15 horas \u2013 Sess\u00e3o ordin\u00e1ria \u2013 Plen\u00e1rio Dirceu Cardoso<br \/>\n19 horas \u2013 Sess\u00e3o solene em comemora\u00e7\u00e3o ao Dia do L\u00edder Comunit\u00e1rio \u2013 Plen\u00e1rio Dirceu Cardoso<\/p>\n<p><u>Quarta (06\/05)<\/u><br \/>\n9 horas \u2013 Sess\u00e3o ordin\u00e1ria h\u00edbrida \u2013 Plen\u00e1rio Dirceu Cardoso e videoconfer\u00eancia<\/p>\n<p><u>Sexta (08\/05)<\/u><br \/>\n18h30 \u2013 Sess\u00e3o solene \u201cInsurrei\u00e7\u00e3o do Queimado\u201d \u2013 Plen\u00e1rio Dirceu Cardoso<\/p>\n<\/div>\n","protected":false},"excerpt":{"rendered":"<p>Pela legisla\u00e7\u00e3o brasileira, menores de 18 anos n\u00e3o respondem criminalmente por seus atos\u00a0\/\u00a0Foto:\u00a0Luiz Silveira\/Ag\u00eancia CNJ A menoridade penal \u00e9 um dos assuntos em destaque na agenda de atividades parlamentares previstas para a pr\u00f3xima semana na Assembleia Legislativa (Ales). O tema est\u00e1 na pauta da reuni\u00e3o da Comiss\u00e3o de Seguran\u00e7a, marcada para ter\u00e7a-feira (5), \u00e0s 10 [&hellip;]<\/p>\n","protected":false},"author":3,"featured_media":13089,"comment_status":"open","ping_status":"open","sticky":false,"template":"","format":"standard","meta":{"om_disable_all_campaigns":false,"_monsterinsights_skip_tracking":false,"_monsterinsights_sitenote_active":false,"_monsterinsights_sitenote_note":"","_monsterinsights_sitenote_category":0,"footnotes":""},"categories":[49],"tags":[],"class_list":["post-13088","post","type-post","status-publish","format-standard","has-post-thumbnail","hentry","category-seguranca-publica"],"yoast_head":"<!-- This site is optimized with the Yoast SEO Premium plugin v21.9 (Yoast SEO v26.6) - https:\/\/yoast.com\/wordpress\/plugins\/seo\/ -->\n<title>Comiss\u00e3o de Seguran\u00e7a debate crimes praticados por menores de idade - Portal Capixaba<\/title>\n<meta name=\"description\" content=\"A menoridade penal \u00e9 um dos assuntos em destaque na agenda de atividades parlamentares previstas para a pr\u00f3xima semana na Assembleia Legislativa (Ales). O tema est\u00e1 na pauta da reuni\u00e3o da Comiss\u00e3o de Seguran\u00e7a, marcada para ter\u00e7a-feira (5), \u00e0s 10 horas, no Plen\u00e1rio Dirceu Cardoso.\" \/>\n<meta name=\"robots\" content=\"index, follow, max-snippet:-1, max-image-preview:large, max-video-preview:-1\" \/>\n<link rel=\"canonical\" href=\"https:\/\/portalcapixaba.com\/?p=13088\" \/>\n<meta property=\"og:locale\" content=\"pt_BR\" \/>\n<meta property=\"og:type\" content=\"article\" \/>\n<meta property=\"og:title\" content=\"Comiss\u00e3o de Seguran\u00e7a debate crimes praticados por menores de idade\" \/>\n<meta property=\"og:description\" content=\"A menoridade penal \u00e9 um dos assuntos em destaque na agenda de atividades parlamentares previstas para a pr\u00f3xima semana na Assembleia Legislativa (Ales). O tema est\u00e1 na pauta da reuni\u00e3o da Comiss\u00e3o de Seguran\u00e7a, marcada para ter\u00e7a-feira (5), \u00e0s 10 horas, no Plen\u00e1rio Dirceu Cardoso.\" \/>\n<meta property=\"og:url\" content=\"https:\/\/portalcapixaba.com\/?p=13088\" \/>\n<meta property=\"og:site_name\" content=\"Portal Capixaba\" \/>\n<meta property=\"article:published_time\" content=\"2026-05-02T18:56:30+00:00\" \/>\n<meta property=\"og:image\" content=\"https:\/\/portalcapixaba.com\/wp-content\/uploads\/2026\/05\/capa_50675_MaioridadePenalLuizSilveiraAgenciaCNJ.jpg\" \/>\n\t<meta property=\"og:image:width\" content=\"1200\" \/>\n\t<meta property=\"og:image:height\" content=\"800\" \/>\n\t<meta property=\"og:image:type\" content=\"image\/jpeg\" \/>\n<meta name=\"author\" content=\"jane boldt\" \/>\n<meta name=\"twitter:card\" content=\"summary_large_image\" \/>\n<meta name=\"twitter:label1\" content=\"Escrito por\" \/>\n\t<meta name=\"twitter:data1\" content=\"jane boldt\" \/>\n\t<meta name=\"twitter:label2\" content=\"Est. tempo de leitura\" \/>\n\t<meta name=\"twitter:data2\" content=\"4 minutos\" \/>\n<script type=\"application\/ld+json\" class=\"yoast-schema-graph\">{\"@context\":\"https:\/\/schema.org\",\"@graph\":[{\"@type\":\"WebPage\",\"@id\":\"https:\/\/portalcapixaba.com\/?p=13088\",\"url\":\"https:\/\/portalcapixaba.com\/?p=13088\",\"name\":\"Comiss\u00e3o de Seguran\u00e7a debate crimes praticados por menores de idade - Portal Capixaba\",\"isPartOf\":{\"@id\":\"https:\/\/portalcapixaba.com\/#website\"},\"primaryImageOfPage\":{\"@id\":\"https:\/\/portalcapixaba.com\/?p=13088#primaryimage\"},\"image\":{\"@id\":\"https:\/\/portalcapixaba.com\/?p=13088#primaryimage\"},\"thumbnailUrl\":\"https:\/\/portalcapixaba.com\/wp-content\/uploads\/2026\/05\/capa_50675_MaioridadePenalLuizSilveiraAgenciaCNJ.jpg\",\"datePublished\":\"2026-05-02T18:56:30+00:00\",\"author\":{\"@id\":\"https:\/\/portalcapixaba.com\/#\/schema\/person\/bcd337770ede8facc9d17a424328bf4b\"},\"description\":\"A menoridade penal \u00e9 um dos assuntos em destaque na agenda de atividades parlamentares previstas para a pr\u00f3xima semana na Assembleia Legislativa (Ales). O tema est\u00e1 na pauta da reuni\u00e3o da Comiss\u00e3o de Seguran\u00e7a, marcada para ter\u00e7a-feira (5), \u00e0s 10 horas, no Plen\u00e1rio Dirceu Cardoso.\",\"breadcrumb\":{\"@id\":\"https:\/\/portalcapixaba.com\/?p=13088#breadcrumb\"},\"inLanguage\":\"pt-BR\",\"potentialAction\":[{\"@type\":\"ReadAction\",\"target\":[\"https:\/\/portalcapixaba.com\/?p=13088\"]}]},{\"@type\":\"ImageObject\",\"inLanguage\":\"pt-BR\",\"@id\":\"https:\/\/portalcapixaba.com\/?p=13088#primaryimage\",\"url\":\"https:\/\/portalcapixaba.com\/wp-content\/uploads\/2026\/05\/capa_50675_MaioridadePenalLuizSilveiraAgenciaCNJ.jpg\",\"contentUrl\":\"https:\/\/portalcapixaba.com\/wp-content\/uploads\/2026\/05\/capa_50675_MaioridadePenalLuizSilveiraAgenciaCNJ.jpg\",\"width\":1200,\"height\":800},{\"@type\":\"BreadcrumbList\",\"@id\":\"https:\/\/portalcapixaba.com\/?p=13088#breadcrumb\",\"itemListElement\":[{\"@type\":\"ListItem\",\"position\":1,\"name\":\"Home\",\"item\":\"https:\/\/portalcapixaba.com\/\"},{\"@type\":\"ListItem\",\"position\":2,\"name\":\"Comiss\u00e3o de Seguran\u00e7a debate crimes praticados por menores de idade\"}]},{\"@type\":\"WebSite\",\"@id\":\"https:\/\/portalcapixaba.com\/#website\",\"url\":\"https:\/\/portalcapixaba.com\/\",\"name\":\"Portal Capixaba\",\"description\":\"\",\"potentialAction\":[{\"@type\":\"SearchAction\",\"target\":{\"@type\":\"EntryPoint\",\"urlTemplate\":\"https:\/\/portalcapixaba.com\/?s={search_term_string}\"},\"query-input\":{\"@type\":\"PropertyValueSpecification\",\"valueRequired\":true,\"valueName\":\"search_term_string\"}}],\"inLanguage\":\"pt-BR\"},{\"@type\":\"Person\",\"@id\":\"https:\/\/portalcapixaba.com\/#\/schema\/person\/bcd337770ede8facc9d17a424328bf4b\",\"name\":\"jane boldt\",\"image\":{\"@type\":\"ImageObject\",\"inLanguage\":\"pt-BR\",\"@id\":\"https:\/\/portalcapixaba.com\/#\/schema\/person\/image\/\",\"url\":\"https:\/\/secure.gravatar.com\/avatar\/0c30036a196ee4fe42305219849d553f713d275a5d9eddafc5bc93dc51582d78?s=96&d=mm&r=g\",\"contentUrl\":\"https:\/\/secure.gravatar.com\/avatar\/0c30036a196ee4fe42305219849d553f713d275a5d9eddafc5bc93dc51582d78?s=96&d=mm&r=g\",\"caption\":\"jane boldt\"},\"sameAs\":[\"http:\/\/portalcapixaba.com.br\"],\"url\":\"https:\/\/portalcapixaba.com\/?author=3\"}]}<\/script>\n<!-- \/ Yoast SEO Premium plugin. -->","yoast_head_json":{"title":"Comiss\u00e3o de Seguran\u00e7a debate crimes praticados por menores de idade - Portal Capixaba","description":"A menoridade penal \u00e9 um dos assuntos em destaque na agenda de atividades parlamentares previstas para a pr\u00f3xima semana na Assembleia Legislativa (Ales). O tema est\u00e1 na pauta da reuni\u00e3o da Comiss\u00e3o de Seguran\u00e7a, marcada para ter\u00e7a-feira (5), \u00e0s 10 horas, no Plen\u00e1rio Dirceu Cardoso.","robots":{"index":"index","follow":"follow","max-snippet":"max-snippet:-1","max-image-preview":"max-image-preview:large","max-video-preview":"max-video-preview:-1"},"canonical":"https:\/\/portalcapixaba.com\/?p=13088","og_locale":"pt_BR","og_type":"article","og_title":"Comiss\u00e3o de Seguran\u00e7a debate crimes praticados por menores de idade","og_description":"A menoridade penal \u00e9 um dos assuntos em destaque na agenda de atividades parlamentares previstas para a pr\u00f3xima semana na Assembleia Legislativa (Ales). O tema est\u00e1 na pauta da reuni\u00e3o da Comiss\u00e3o de Seguran\u00e7a, marcada para ter\u00e7a-feira (5), \u00e0s 10 horas, no Plen\u00e1rio Dirceu Cardoso.","og_url":"https:\/\/portalcapixaba.com\/?p=13088","og_site_name":"Portal Capixaba","article_published_time":"2026-05-02T18:56:30+00:00","og_image":[{"width":1200,"height":800,"url":"https:\/\/portalcapixaba.com\/wp-content\/uploads\/2026\/05\/capa_50675_MaioridadePenalLuizSilveiraAgenciaCNJ.jpg","type":"image\/jpeg"}],"author":"jane boldt","twitter_card":"summary_large_image","twitter_misc":{"Escrito por":"jane boldt","Est. tempo de leitura":"4 minutos"},"schema":{"@context":"https:\/\/schema.org","@graph":[{"@type":"WebPage","@id":"https:\/\/portalcapixaba.com\/?p=13088","url":"https:\/\/portalcapixaba.com\/?p=13088","name":"Comiss\u00e3o de Seguran\u00e7a debate crimes praticados por menores de idade - Portal Capixaba","isPartOf":{"@id":"https:\/\/portalcapixaba.com\/#website"},"primaryImageOfPage":{"@id":"https:\/\/portalcapixaba.com\/?p=13088#primaryimage"},"image":{"@id":"https:\/\/portalcapixaba.com\/?p=13088#primaryimage"},"thumbnailUrl":"https:\/\/portalcapixaba.com\/wp-content\/uploads\/2026\/05\/capa_50675_MaioridadePenalLuizSilveiraAgenciaCNJ.jpg","datePublished":"2026-05-02T18:56:30+00:00","author":{"@id":"https:\/\/portalcapixaba.com\/#\/schema\/person\/bcd337770ede8facc9d17a424328bf4b"},"description":"A menoridade penal \u00e9 um dos assuntos em destaque na agenda de atividades parlamentares previstas para a pr\u00f3xima semana na Assembleia Legislativa (Ales). O tema est\u00e1 na pauta da reuni\u00e3o da Comiss\u00e3o de Seguran\u00e7a, marcada para ter\u00e7a-feira (5), \u00e0s 10 horas, no Plen\u00e1rio Dirceu Cardoso.","breadcrumb":{"@id":"https:\/\/portalcapixaba.com\/?p=13088#breadcrumb"},"inLanguage":"pt-BR","potentialAction":[{"@type":"ReadAction","target":["https:\/\/portalcapixaba.com\/?p=13088"]}]},{"@type":"ImageObject","inLanguage":"pt-BR","@id":"https:\/\/portalcapixaba.com\/?p=13088#primaryimage","url":"https:\/\/portalcapixaba.com\/wp-content\/uploads\/2026\/05\/capa_50675_MaioridadePenalLuizSilveiraAgenciaCNJ.jpg","contentUrl":"https:\/\/portalcapixaba.com\/wp-content\/uploads\/2026\/05\/capa_50675_MaioridadePenalLuizSilveiraAgenciaCNJ.jpg","width":1200,"height":800},{"@type":"BreadcrumbList","@id":"https:\/\/portalcapixaba.com\/?p=13088#breadcrumb","itemListElement":[{"@type":"ListItem","position":1,"name":"Home","item":"https:\/\/portalcapixaba.com\/"},{"@type":"ListItem","position":2,"name":"Comiss\u00e3o de Seguran\u00e7a debate crimes praticados por menores de idade"}]},{"@type":"WebSite","@id":"https:\/\/portalcapixaba.com\/#website","url":"https:\/\/portalcapixaba.com\/","name":"Portal Capixaba","description":"","potentialAction":[{"@type":"SearchAction","target":{"@type":"EntryPoint","urlTemplate":"https:\/\/portalcapixaba.com\/?s={search_term_string}"},"query-input":{"@type":"PropertyValueSpecification","valueRequired":true,"valueName":"search_term_string"}}],"inLanguage":"pt-BR"},{"@type":"Person","@id":"https:\/\/portalcapixaba.com\/#\/schema\/person\/bcd337770ede8facc9d17a424328bf4b","name":"jane boldt","image":{"@type":"ImageObject","inLanguage":"pt-BR","@id":"https:\/\/portalcapixaba.com\/#\/schema\/person\/image\/","url":"https:\/\/secure.gravatar.com\/avatar\/0c30036a196ee4fe42305219849d553f713d275a5d9eddafc5bc93dc51582d78?s=96&d=mm&r=g","contentUrl":"https:\/\/secure.gravatar.com\/avatar\/0c30036a196ee4fe42305219849d553f713d275a5d9eddafc5bc93dc51582d78?s=96&d=mm&r=g","caption":"jane boldt"},"sameAs":["http:\/\/portalcapixaba.com.br"],"url":"https:\/\/portalcapixaba.com\/?author=3"}]}},"_links":{"self":[{"href":"https:\/\/portalcapixaba.com\/index.php?rest_route=\/wp\/v2\/posts\/13088","targetHints":{"allow":["GET"]}}],"collection":[{"href":"https:\/\/portalcapixaba.com\/index.php?rest_route=\/wp\/v2\/posts"}],"about":[{"href":"https:\/\/portalcapixaba.com\/index.php?rest_route=\/wp\/v2\/types\/post"}],"author":[{"embeddable":true,"href":"https:\/\/portalcapixaba.com\/index.php?rest_route=\/wp\/v2\/users\/3"}],"replies":[{"embeddable":true,"href":"https:\/\/portalcapixaba.com\/index.php?rest_route=%2Fwp%2Fv2%2Fcomments&post=13088"}],"version-history":[{"count":1,"href":"https:\/\/portalcapixaba.com\/index.php?rest_route=\/wp\/v2\/posts\/13088\/revisions"}],"predecessor-version":[{"id":13090,"href":"https:\/\/portalcapixaba.com\/index.php?rest_route=\/wp\/v2\/posts\/13088\/revisions\/13090"}],"wp:featuredmedia":[{"embeddable":true,"href":"https:\/\/portalcapixaba.com\/index.php?rest_route=\/wp\/v2\/media\/13089"}],"wp:attachment":[{"href":"https:\/\/portalcapixaba.com\/index.php?rest_route=%2Fwp%2Fv2%2Fmedia&parent=13088"}],"wp:term":[{"taxonomy":"category","embeddable":true,"href":"https:\/\/portalcapixaba.com\/index.php?rest_route=%2Fwp%2Fv2%2Fcategories&post=13088"},{"taxonomy":"post_tag","embeddable":true,"href":"https:\/\/portalcapixaba.com\/index.php?rest_route=%2Fwp%2Fv2%2Ftags&post=13088"}],"curies":[{"name":"wp","href":"https:\/\/api.w.org\/{rel}","templated":true}]}}