{"id":14406,"date":"2026-08-30T11:47:27","date_gmt":"2026-08-30T14:47:27","guid":{"rendered":"https:\/\/portalcapixaba.com\/?p=14406"},"modified":"2026-08-30T11:47:27","modified_gmt":"2026-08-30T14:47:27","slug":"parceria-entre-vitoria-e-tre-es-facilitara-acesso-de-eleitores-com-deficiencia-as-urnas","status":"publish","type":"post","link":"https:\/\/portalcapixaba.com\/?p=14406","title":{"rendered":"Parceria entre Vit\u00f3ria e TRE-ES facilitar\u00e1 acesso de eleitores com defici\u00eancia \u00e0s urnas"},"content":{"rendered":"<h3>Transporte adaptado ser\u00e1 oferecido a pessoas com defici\u00eancia ou mobilidade reduzida que n\u00e3o tenham condi\u00e7\u00f5es pr\u00f3prias de chegar aos locais de vota\u00e7\u00e3o<\/h3>\n<p>A Prefeitura de Vit\u00f3ria e o Tribunal Regional Eleitoral do Esp\u00edrito Santo (TRE-ES) formalizaram uma parceria destinada a ampliar a acessibilidade durante as elei\u00e7\u00f5es. O acordo prev\u00ea a oferta de transporte especial para eleitores com defici\u00eancia ou mobilidade reduzida que n\u00e3o possuam meios pr\u00f3prios de deslocamento at\u00e9 as se\u00e7\u00f5es eleitorais.<\/p>\n<p>O Termo de Coopera\u00e7\u00e3o foi assinado na sexta-feira (28), na sede do TRE-ES, e contar\u00e1 com a participa\u00e7\u00e3o do servi\u00e7o Porta a Porta, mantido pelo munic\u00edpio. A proposta \u00e9 impedir que limita\u00e7\u00f5es de mobilidade dificultem ou impossibilitem o exerc\u00edcio do voto.<\/p>\n<p>A medida faz parte do Programa Seu Voto Importa, criado pelo Tribunal Superior Eleitoral por meio da Resolu\u00e7\u00e3o n\u00ba 23.753, de 26 de fevereiro de 2026. A iniciativa estabelece a\u00e7\u00f5es para assegurar melhores condi\u00e7\u00f5es de participa\u00e7\u00e3o eleitoral \u00e0s pessoas que enfrentam barreiras de deslocamento.<\/p>\n<h2>Acessibilidade como condi\u00e7\u00e3o para a cidadania<\/h2>\n<p>O acordo reconhece que garantir o direito ao voto n\u00e3o se limita \u00e0 instala\u00e7\u00e3o de urnas e se\u00e7\u00f5es acess\u00edveis. Para muitos eleitores, a primeira dificuldade est\u00e1 justamente no trajeto entre a resid\u00eancia e o local de vota\u00e7\u00e3o.<\/p>\n<p>Com a coopera\u00e7\u00e3o, Vit\u00f3ria auxiliar\u00e1 na organiza\u00e7\u00e3o do transporte dos cidad\u00e3os que se enquadrarem nos crit\u00e9rios definidos pelo programa da Justi\u00e7a Eleitoral. As regras de atendimento e os procedimentos para solicita\u00e7\u00e3o do servi\u00e7o dever\u00e3o orientar a sele\u00e7\u00e3o dos benefici\u00e1rios.<\/p>\n<p>A prefeita de Vit\u00f3ria, Cris Samorini, ressaltou durante a solenidade que a coopera\u00e7\u00e3o entre os \u00f3rg\u00e3os p\u00fablicos permite transformar pol\u00edticas de inclus\u00e3o em medidas concretas. Segundo ela, assegurar acessibilidade durante as elei\u00e7\u00f5es representa uma forma de respeito \u00e0s pessoas que encontram maiores dificuldades para exercer seus direitos.<\/p>\n<p>O presidente do TRE-ES, Namyr Carlos de Souza Filho, destacou que a parceria est\u00e1 relacionada a princ\u00edpios como dignidade humana, igualdade, inclus\u00e3o, acessibilidade e combate \u00e0 discrimina\u00e7\u00e3o. A iniciativa considera que tratar todas as pessoas com igualdade tamb\u00e9m exige reconhecer as diferentes barreiras enfrentadas por cada eleitor.<\/p>\n<h2>Servi\u00e7o Porta a Porta ser\u00e1 utilizado na iniciativa<\/h2>\n<p>O Porta a Porta \u00e9 um servi\u00e7o gratuito de transporte adaptado oferecido pela Prefeitura de Vit\u00f3ria. Ele atende pessoas com defici\u00eancia ou mobilidade reduzida que apresentam dificuldades para utilizar o transporte coletivo convencional.<\/p>\n<p>Normalmente, os ve\u00edculos s\u00e3o utilizados em deslocamentos relacionados a tratamentos de sa\u00fade, educa\u00e7\u00e3o, trabalho, lazer e outros compromissos. O atendimento acontece mediante agendamento e tem como objetivo proporcionar mais autonomia e participa\u00e7\u00e3o social aos usu\u00e1rios.<\/p>\n<p>Com a nova parceria, a estrutura do servi\u00e7o tamb\u00e9m poder\u00e1 ser empregada no transporte de eleitores durante o per\u00edodo eleitoral. Para o secret\u00e1rio municipal de Transportes, Tr\u00e2nsito e Infraestrutura Urbana, Alex Mariano, a amplia\u00e7\u00e3o fortalece a finalidade social do Porta a Porta ao permitir que a mobilidade n\u00e3o se transforme em impedimento para o exerc\u00edcio da cidadania.<\/p>\n<p>O impacto positivo do servi\u00e7o tamb\u00e9m foi destacado por Pedro Oswaldo Tozzi, cadeirante e usu\u00e1rio do transporte municipal. A experi\u00eancia dele demonstra como a disponibilidade de um ve\u00edculo adaptado pode proporcionar independ\u00eancia e tornar acess\u00edveis locais que, de outra forma, seriam dif\u00edceis de alcan\u00e7ar.<\/p>\n<h2>Coopera\u00e7\u00e3o re\u00fane diferentes institui\u00e7\u00f5es<\/h2>\n<p>Al\u00e9m da prefeita e do presidente do TRE-ES, a assinatura do acordo contou com a presen\u00e7a do secret\u00e1rio Alex Mariano; dos representantes do Porta a Porta, Jo\u00e3o Vitor Braga e Pedro Oswaldo Tozzi; e de integrantes da comiss\u00e3o do Tribunal respons\u00e1vel pelo transporte de eleitores com defici\u00eancia e de cidad\u00e3os pertencentes a povos ind\u00edgenas, comunidades quilombolas e demais comunidades tradicionais.<\/p>\n<p>A parceria representa um avan\u00e7o na constru\u00e7\u00e3o de elei\u00e7\u00f5es mais inclusivas. Ao oferecer condi\u00e7\u00f5es reais de deslocamento, o poder p\u00fablico contribui para que pessoas com defici\u00eancia ou mobilidade reduzida participem do processo eleitoral com mais seguran\u00e7a, dignidade e autonomia.<\/p>\n<p><em>Com informa\u00e7\u00f5es da Prefeitura de Vit\u00f3ria e do Tribunal Regional Eleitoral do Esp\u00edrito Santo.<\/em><\/p>\n<p>Foto: Lucas de Oliveira<\/p>\n","protected":false},"excerpt":{"rendered":"<p>Transporte adaptado ser\u00e1 oferecido a pessoas com defici\u00eancia ou mobilidade reduzida que n\u00e3o tenham condi\u00e7\u00f5es pr\u00f3prias de chegar aos locais de vota\u00e7\u00e3o A Prefeitura de Vit\u00f3ria e o Tribunal Regional Eleitoral do Esp\u00edrito Santo (TRE-ES) formalizaram uma parceria destinada a ampliar a acessibilidade durante as elei\u00e7\u00f5es. O acordo prev\u00ea a oferta de transporte especial para [&hellip;]<\/p>\n","protected":false},"author":3,"featured_media":14407,"comment_status":"open","ping_status":"open","sticky":false,"template":"","format":"standard","meta":{"om_disable_all_campaigns":false,"_monsterinsights_skip_tracking":false,"_monsterinsights_sitenote_active":false,"_monsterinsights_sitenote_note":"","_monsterinsights_sitenote_category":0,"footnotes":""},"categories":[50],"tags":[],"class_list":["post-14406","post","type-post","status-publish","format-standard","has-post-thumbnail","hentry","category-politica"],"yoast_head":"<!-- This site is optimized with the Yoast SEO Premium plugin v21.9 (Yoast SEO v27.8) - https:\/\/yoast.com\/product\/yoast-seo-premium-wordpress\/ -->\n<title>Parceria entre Vit\u00f3ria e TRE-ES facilitar\u00e1 acesso de eleitores com defici\u00eancia \u00e0s urnas - Portal Capixaba<\/title>\n<meta name=\"description\" content=\"Transporte adaptado ser\u00e1 oferecido a pessoas com defici\u00eancia ou mobilidade reduzida que n\u00e3o tenham condi\u00e7\u00f5es pr\u00f3prias de chegar aos locais de vota\u00e7\u00e3o\" \/>\n<meta name=\"robots\" content=\"index, follow, max-snippet:-1, max-image-preview:large, max-video-preview:-1\" \/>\n<link rel=\"canonical\" href=\"https:\/\/portalcapixaba.com\/?p=14406\" \/>\n<meta property=\"og:locale\" content=\"pt_BR\" \/>\n<meta property=\"og:type\" content=\"article\" \/>\n<meta property=\"og:title\" content=\"Parceria entre Vit\u00f3ria e TRE-ES facilitar\u00e1 acesso de eleitores com defici\u00eancia \u00e0s urnas\" \/>\n<meta property=\"og:description\" content=\"Transporte adaptado ser\u00e1 oferecido a pessoas com defici\u00eancia ou mobilidade reduzida que n\u00e3o tenham condi\u00e7\u00f5es pr\u00f3prias de chegar aos locais de vota\u00e7\u00e3o\" \/>\n<meta property=\"og:url\" content=\"https:\/\/portalcapixaba.com\/?p=14406\" \/>\n<meta property=\"og:site_name\" content=\"Portal Capixaba\" \/>\n<meta property=\"article:published_time\" content=\"2026-08-30T14:47:27+00:00\" \/>\n<meta property=\"og:image\" content=\"https:\/\/portalcapixaba.com\/wp-content\/uploads\/2026\/08\/normal@2x-8.jpg\" \/>\n\t<meta property=\"og:image:width\" content=\"700\" \/>\n\t<meta property=\"og:image:height\" content=\"525\" \/>\n\t<meta property=\"og:image:type\" content=\"image\/jpeg\" \/>\n<meta name=\"author\" content=\"jane boldt\" \/>\n<meta name=\"twitter:card\" content=\"summary_large_image\" \/>\n<meta name=\"twitter:label1\" content=\"Escrito por\" \/>\n\t<meta name=\"twitter:data1\" content=\"jane boldt\" \/>\n\t<meta name=\"twitter:label2\" content=\"Est. tempo de leitura\" \/>\n\t<meta name=\"twitter:data2\" content=\"4 minutos\" \/>\n<script type=\"application\/ld+json\" class=\"yoast-schema-graph\">{\"@context\":\"https:\\\/\\\/schema.org\",\"@graph\":[{\"@type\":[\"Article\",\"NewsArticle\"],\"@id\":\"https:\\\/\\\/portalcapixaba.com\\\/?p=14406#article\",\"isPartOf\":{\"@id\":\"https:\\\/\\\/portalcapixaba.com\\\/?p=14406\"},\"author\":{\"name\":\"jane boldt\",\"@id\":\"https:\\\/\\\/portalcapixaba.com\\\/#\\\/schema\\\/person\\\/bcd337770ede8facc9d17a424328bf4b\"},\"headline\":\"Parceria entre Vit\u00f3ria e TRE-ES facilitar\u00e1 acesso de eleitores com defici\u00eancia \u00e0s urnas\",\"datePublished\":\"2026-08-30T14:47:27+00:00\",\"mainEntityOfPage\":{\"@id\":\"https:\\\/\\\/portalcapixaba.com\\\/?p=14406\"},\"wordCount\":738,\"commentCount\":0,\"image\":{\"@id\":\"https:\\\/\\\/portalcapixaba.com\\\/?p=14406#primaryimage\"},\"thumbnailUrl\":\"https:\\\/\\\/portalcapixaba.com\\\/wp-content\\\/uploads\\\/2026\\\/08\\\/normal@2x-8.jpg\",\"articleSection\":[\"Pol\u00edtica\"],\"inLanguage\":\"pt-BR\",\"potentialAction\":[{\"@type\":\"CommentAction\",\"name\":\"Comment\",\"target\":[\"https:\\\/\\\/portalcapixaba.com\\\/?p=14406#respond\"]}],\"copyrightYear\":\"2026\",\"copyrightHolder\":{\"@id\":\"https:\\\/\\\/portalcapixaba.com\\\/#organization\"}},{\"@type\":\"WebPage\",\"@id\":\"https:\\\/\\\/portalcapixaba.com\\\/?p=14406\",\"url\":\"https:\\\/\\\/portalcapixaba.com\\\/?p=14406\",\"name\":\"Parceria entre Vit\u00f3ria e TRE-ES facilitar\u00e1 acesso de eleitores com defici\u00eancia \u00e0s urnas - Portal Capixaba\",\"isPartOf\":{\"@id\":\"https:\\\/\\\/portalcapixaba.com\\\/#website\"},\"primaryImageOfPage\":{\"@id\":\"https:\\\/\\\/portalcapixaba.com\\\/?p=14406#primaryimage\"},\"image\":{\"@id\":\"https:\\\/\\\/portalcapixaba.com\\\/?p=14406#primaryimage\"},\"thumbnailUrl\":\"https:\\\/\\\/portalcapixaba.com\\\/wp-content\\\/uploads\\\/2026\\\/08\\\/normal@2x-8.jpg\",\"datePublished\":\"2026-08-30T14:47:27+00:00\",\"author\":{\"@id\":\"https:\\\/\\\/portalcapixaba.com\\\/#\\\/schema\\\/person\\\/bcd337770ede8facc9d17a424328bf4b\"},\"description\":\"Transporte adaptado ser\u00e1 oferecido a pessoas com defici\u00eancia ou mobilidade reduzida que n\u00e3o tenham condi\u00e7\u00f5es pr\u00f3prias de chegar aos locais de vota\u00e7\u00e3o\",\"breadcrumb\":{\"@id\":\"https:\\\/\\\/portalcapixaba.com\\\/?p=14406#breadcrumb\"},\"inLanguage\":\"pt-BR\",\"potentialAction\":[{\"@type\":\"ReadAction\",\"target\":[\"https:\\\/\\\/portalcapixaba.com\\\/?p=14406\"]}]},{\"@type\":\"ImageObject\",\"inLanguage\":\"pt-BR\",\"@id\":\"https:\\\/\\\/portalcapixaba.com\\\/?p=14406#primaryimage\",\"url\":\"https:\\\/\\\/portalcapixaba.com\\\/wp-content\\\/uploads\\\/2026\\\/08\\\/normal@2x-8.jpg\",\"contentUrl\":\"https:\\\/\\\/portalcapixaba.com\\\/wp-content\\\/uploads\\\/2026\\\/08\\\/normal@2x-8.jpg\",\"width\":700,\"height\":525,\"caption\":\"Vit\u00f3ria e TRE-ES firmam parceria para garantir transporte a eleitores com defici\u00eancia nas elei\u00e7\u00f5es\"},{\"@type\":\"BreadcrumbList\",\"@id\":\"https:\\\/\\\/portalcapixaba.com\\\/?p=14406#breadcrumb\",\"itemListElement\":[{\"@type\":\"ListItem\",\"position\":1,\"name\":\"Home\",\"item\":\"https:\\\/\\\/portalcapixaba.com\\\/\"},{\"@type\":\"ListItem\",\"position\":2,\"name\":\"Parceria entre Vit\u00f3ria e TRE-ES facilitar\u00e1 acesso de eleitores com defici\u00eancia \u00e0s urnas\"}]},{\"@type\":\"WebSite\",\"@id\":\"https:\\\/\\\/portalcapixaba.com\\\/#website\",\"url\":\"https:\\\/\\\/portalcapixaba.com\\\/\",\"name\":\"Portal Capixaba\",\"description\":\"\",\"potentialAction\":[{\"@type\":\"SearchAction\",\"target\":{\"@type\":\"EntryPoint\",\"urlTemplate\":\"https:\\\/\\\/portalcapixaba.com\\\/?s={search_term_string}\"},\"query-input\":{\"@type\":\"PropertyValueSpecification\",\"valueRequired\":true,\"valueName\":\"search_term_string\"}}],\"inLanguage\":\"pt-BR\"},{\"@type\":\"Person\",\"@id\":\"https:\\\/\\\/portalcapixaba.com\\\/#\\\/schema\\\/person\\\/bcd337770ede8facc9d17a424328bf4b\",\"name\":\"jane boldt\",\"image\":{\"@type\":\"ImageObject\",\"inLanguage\":\"pt-BR\",\"@id\":\"https:\\\/\\\/secure.gravatar.com\\\/avatar\\\/0c30036a196ee4fe42305219849d553f713d275a5d9eddafc5bc93dc51582d78?s=96&d=mm&r=g\",\"url\":\"https:\\\/\\\/secure.gravatar.com\\\/avatar\\\/0c30036a196ee4fe42305219849d553f713d275a5d9eddafc5bc93dc51582d78?s=96&d=mm&r=g\",\"contentUrl\":\"https:\\\/\\\/secure.gravatar.com\\\/avatar\\\/0c30036a196ee4fe42305219849d553f713d275a5d9eddafc5bc93dc51582d78?s=96&d=mm&r=g\",\"caption\":\"jane boldt\"},\"sameAs\":[\"http:\\\/\\\/portalcapixaba.com.br\"],\"url\":\"https:\\\/\\\/portalcapixaba.com\\\/?author=3\"}]}<\/script>\n<!-- \/ Yoast SEO Premium plugin. -->","yoast_head_json":{"title":"Parceria entre Vit\u00f3ria e TRE-ES facilitar\u00e1 acesso de eleitores com defici\u00eancia \u00e0s urnas - Portal Capixaba","description":"Transporte adaptado ser\u00e1 oferecido a pessoas com defici\u00eancia ou mobilidade reduzida que n\u00e3o tenham condi\u00e7\u00f5es pr\u00f3prias de chegar aos locais de vota\u00e7\u00e3o","robots":{"index":"index","follow":"follow","max-snippet":"max-snippet:-1","max-image-preview":"max-image-preview:large","max-video-preview":"max-video-preview:-1"},"canonical":"https:\/\/portalcapixaba.com\/?p=14406","og_locale":"pt_BR","og_type":"article","og_title":"Parceria entre Vit\u00f3ria e TRE-ES facilitar\u00e1 acesso de eleitores com defici\u00eancia \u00e0s urnas","og_description":"Transporte adaptado ser\u00e1 oferecido a pessoas com defici\u00eancia ou mobilidade reduzida que n\u00e3o tenham condi\u00e7\u00f5es pr\u00f3prias de chegar aos locais de vota\u00e7\u00e3o","og_url":"https:\/\/portalcapixaba.com\/?p=14406","og_site_name":"Portal Capixaba","article_published_time":"2026-08-30T14:47:27+00:00","og_image":[{"width":700,"height":525,"url":"https:\/\/portalcapixaba.com\/wp-content\/uploads\/2026\/08\/normal@2x-8.jpg","type":"image\/jpeg"}],"author":"jane boldt","twitter_card":"summary_large_image","twitter_misc":{"Escrito por":"jane boldt","Est. tempo de leitura":"4 minutos"},"schema":{"@context":"https:\/\/schema.org","@graph":[{"@type":["Article","NewsArticle"],"@id":"https:\/\/portalcapixaba.com\/?p=14406#article","isPartOf":{"@id":"https:\/\/portalcapixaba.com\/?p=14406"},"author":{"name":"jane boldt","@id":"https:\/\/portalcapixaba.com\/#\/schema\/person\/bcd337770ede8facc9d17a424328bf4b"},"headline":"Parceria entre Vit\u00f3ria e TRE-ES facilitar\u00e1 acesso de eleitores com defici\u00eancia \u00e0s urnas","datePublished":"2026-08-30T14:47:27+00:00","mainEntityOfPage":{"@id":"https:\/\/portalcapixaba.com\/?p=14406"},"wordCount":738,"commentCount":0,"image":{"@id":"https:\/\/portalcapixaba.com\/?p=14406#primaryimage"},"thumbnailUrl":"https:\/\/portalcapixaba.com\/wp-content\/uploads\/2026\/08\/normal@2x-8.jpg","articleSection":["Pol\u00edtica"],"inLanguage":"pt-BR","potentialAction":[{"@type":"CommentAction","name":"Comment","target":["https:\/\/portalcapixaba.com\/?p=14406#respond"]}],"copyrightYear":"2026","copyrightHolder":{"@id":"https:\/\/portalcapixaba.com\/#organization"}},{"@type":"WebPage","@id":"https:\/\/portalcapixaba.com\/?p=14406","url":"https:\/\/portalcapixaba.com\/?p=14406","name":"Parceria entre Vit\u00f3ria e TRE-ES facilitar\u00e1 acesso de eleitores com defici\u00eancia \u00e0s urnas - Portal Capixaba","isPartOf":{"@id":"https:\/\/portalcapixaba.com\/#website"},"primaryImageOfPage":{"@id":"https:\/\/portalcapixaba.com\/?p=14406#primaryimage"},"image":{"@id":"https:\/\/portalcapixaba.com\/?p=14406#primaryimage"},"thumbnailUrl":"https:\/\/portalcapixaba.com\/wp-content\/uploads\/2026\/08\/normal@2x-8.jpg","datePublished":"2026-08-30T14:47:27+00:00","author":{"@id":"https:\/\/portalcapixaba.com\/#\/schema\/person\/bcd337770ede8facc9d17a424328bf4b"},"description":"Transporte adaptado ser\u00e1 oferecido a pessoas com defici\u00eancia ou mobilidade reduzida que n\u00e3o tenham condi\u00e7\u00f5es pr\u00f3prias de chegar aos locais de vota\u00e7\u00e3o","breadcrumb":{"@id":"https:\/\/portalcapixaba.com\/?p=14406#breadcrumb"},"inLanguage":"pt-BR","potentialAction":[{"@type":"ReadAction","target":["https:\/\/portalcapixaba.com\/?p=14406"]}]},{"@type":"ImageObject","inLanguage":"pt-BR","@id":"https:\/\/portalcapixaba.com\/?p=14406#primaryimage","url":"https:\/\/portalcapixaba.com\/wp-content\/uploads\/2026\/08\/normal@2x-8.jpg","contentUrl":"https:\/\/portalcapixaba.com\/wp-content\/uploads\/2026\/08\/normal@2x-8.jpg","width":700,"height":525,"caption":"Vit\u00f3ria e TRE-ES firmam parceria para garantir transporte a eleitores com defici\u00eancia nas elei\u00e7\u00f5es"},{"@type":"BreadcrumbList","@id":"https:\/\/portalcapixaba.com\/?p=14406#breadcrumb","itemListElement":[{"@type":"ListItem","position":1,"name":"Home","item":"https:\/\/portalcapixaba.com\/"},{"@type":"ListItem","position":2,"name":"Parceria entre Vit\u00f3ria e TRE-ES facilitar\u00e1 acesso de eleitores com defici\u00eancia \u00e0s urnas"}]},{"@type":"WebSite","@id":"https:\/\/portalcapixaba.com\/#website","url":"https:\/\/portalcapixaba.com\/","name":"Portal Capixaba","description":"","potentialAction":[{"@type":"SearchAction","target":{"@type":"EntryPoint","urlTemplate":"https:\/\/portalcapixaba.com\/?s={search_term_string}"},"query-input":{"@type":"PropertyValueSpecification","valueRequired":true,"valueName":"search_term_string"}}],"inLanguage":"pt-BR"},{"@type":"Person","@id":"https:\/\/portalcapixaba.com\/#\/schema\/person\/bcd337770ede8facc9d17a424328bf4b","name":"jane boldt","image":{"@type":"ImageObject","inLanguage":"pt-BR","@id":"https:\/\/secure.gravatar.com\/avatar\/0c30036a196ee4fe42305219849d553f713d275a5d9eddafc5bc93dc51582d78?s=96&d=mm&r=g","url":"https:\/\/secure.gravatar.com\/avatar\/0c30036a196ee4fe42305219849d553f713d275a5d9eddafc5bc93dc51582d78?s=96&d=mm&r=g","contentUrl":"https:\/\/secure.gravatar.com\/avatar\/0c30036a196ee4fe42305219849d553f713d275a5d9eddafc5bc93dc51582d78?s=96&d=mm&r=g","caption":"jane boldt"},"sameAs":["http:\/\/portalcapixaba.com.br"],"url":"https:\/\/portalcapixaba.com\/?author=3"}]}},"_links":{"self":[{"href":"https:\/\/portalcapixaba.com\/index.php?rest_route=\/wp\/v2\/posts\/14406","targetHints":{"allow":["GET"]}}],"collection":[{"href":"https:\/\/portalcapixaba.com\/index.php?rest_route=\/wp\/v2\/posts"}],"about":[{"href":"https:\/\/portalcapixaba.com\/index.php?rest_route=\/wp\/v2\/types\/post"}],"author":[{"embeddable":true,"href":"https:\/\/portalcapixaba.com\/index.php?rest_route=\/wp\/v2\/users\/3"}],"replies":[{"embeddable":true,"href":"https:\/\/portalcapixaba.com\/index.php?rest_route=%2Fwp%2Fv2%2Fcomments&post=14406"}],"version-history":[{"count":1,"href":"https:\/\/portalcapixaba.com\/index.php?rest_route=\/wp\/v2\/posts\/14406\/revisions"}],"predecessor-version":[{"id":14408,"href":"https:\/\/portalcapixaba.com\/index.php?rest_route=\/wp\/v2\/posts\/14406\/revisions\/14408"}],"wp:featuredmedia":[{"embeddable":true,"href":"https:\/\/portalcapixaba.com\/index.php?rest_route=\/wp\/v2\/media\/14407"}],"wp:attachment":[{"href":"https:\/\/portalcapixaba.com\/index.php?rest_route=%2Fwp%2Fv2%2Fmedia&parent=14406"}],"wp:term":[{"taxonomy":"category","embeddable":true,"href":"https:\/\/portalcapixaba.com\/index.php?rest_route=%2Fwp%2Fv2%2Fcategories&post=14406"},{"taxonomy":"post_tag","embeddable":true,"href":"https:\/\/portalcapixaba.com\/index.php?rest_route=%2Fwp%2Fv2%2Ftags&post=14406"}],"curies":[{"name":"wp","href":"https:\/\/api.w.org\/{rel}","templated":true}]}}