{"id":14409,"date":"2026-08-31T13:59:39","date_gmt":"2026-08-31T16:59:39","guid":{"rendered":"https:\/\/portalcapixaba.com\/?p=14409"},"modified":"2026-08-31T13:59:39","modified_gmt":"2026-08-31T16:59:39","slug":"imperio-junino-lidera-primeira-etapa-e-avanca-a-final-do-maior-concurso-de-quadrilhas-do-es-com-mais-tres-grupos","status":"publish","type":"post","link":"https:\/\/portalcapixaba.com\/?p=14409","title":{"rendered":"Imp\u00e9rio Junino lidera primeira etapa e avan\u00e7a \u00e0 final do maior concurso de quadrilhas do ES com mais tr\u00eas grupos\u00a0"},"content":{"rendered":"<div><\/div>\n<div><i>Junina\u00a0Abrashow, Flor de Lis e Estrela Cadente\u00a0tamb\u00e9m\u00a0j\u00e1 garantiram vaga na final\u00a0na fase realizada em Barcelona; a segunda etapa ser\u00e1 no pr\u00f3ximo fim de semana, em Feu Rosa,\u00a0e a\u00a0decis\u00e3o\u00a0final\u00a0ser\u00e1\u00a0em Jacara\u00edpe, nos dias 11 e 12 de setembro<\/i>\n<\/div>\n<div>O \u00faltimo fim de semana foi marcado pela primeira etapa do Serrai\u00e1, considerado o maior concurso de quadrilhas do Esp\u00edrito Santo, realizada no bairro Barcelona, na Serra.\u00a0A fase reuniu nove equipes, e foram classificadas\u00a0Imp\u00e9rio Junino\u00a0(499,9 pontos),\u00a0Junina\u00a0Abrashow (499,5 pontos), Flor de Lis (496,1 pontos) e Estrela Cadente (491,4 pontos), que\u00a0garantiram R$ 2 mil cada e a vaga para disputar o pr\u00eamio principal nos dias 11 e 12 de setembro, em Jacara\u00edpe. Com entrada gratuita, o evento reuniu\u00a05 mil\u00a0pessoas\u00a0nos dias 29 e 30 de agosto.<\/div>\n<div>Na disputa pelas vagas na grande final e por uma premia\u00e7\u00e3o que soma R$ 60 mil,\u00a0concorreram tamb\u00e9m\u00a0Estrela Mirim, Buscap\u00e9 Kids, Terra Nostra,\u00a0Junina\u00a0\u00e9 Babado e Grupo Estirpe.\u00a0Os destaques individuais tamb\u00e9m ficaram com o Imp\u00e9rio Junino, que venceu as seis categorias da noite: Rei, Rainha, Cavalheiro Destaque, Dama Destaque, Noivo e Noiva. Os campe\u00f5es nas categorias individuais foram premiados com trof\u00e9us e medalhas.<\/div>\n<div>O p\u00fablico ainda aproveitou os shows do Trio Clandestino, no s\u00e1bado, e do Forr\u00f3 Raiz, no domingo, al\u00e9m de 20 barracas com gastronomia e bebidas t\u00edpicas.<\/div>\n<div>Com forma\u00e7\u00f5es de 12 a 30 casais, as equipes tiveram 30 minutos de apresenta\u00e7\u00e3o, com intervalos de 10 minutos entre cada troca de palco. A comiss\u00e3o julgadora, composta por cinco jurados e dois fiscais de pista, avaliou\u00a0quesitos como coreografia, anima\u00e7\u00e3o, trilha sonora, originalidade, harmonia entre os dan\u00e7arinos, evolu\u00e7\u00e3o do grupo, coer\u00eancia est\u00e9tica e figurino.<\/div>\n<div>Al\u00e9m da vaga na decis\u00e3o, os quatro grupos mais bem avaliados j\u00e1 garantiram R$ 2 mil cada. A quadrilha campe\u00e3 da grande final levar\u00e1 R$ 19 mil, enquanto\u00a0os classificados\u00a0do segundo ao quinto\u00a0lugar\u00a0receber\u00e3o R$ 9 mil, R$ 4 mil, R$ 2 mil e R$ 1 mil, respectivamente.<\/div>\n<div>Na avalia\u00e7\u00e3o de Tiago Maia, coordenador art\u00edstico e curador do evento, mais do que destacar as melhores apresenta\u00e7\u00f5es, o que mais emociona \u00e9 ver uma quadrilha entrar na arena e entregar tudo o que preparou ao longo de meses. \u201c\u00c9 isso que refor\u00e7a a certeza de que estamos no caminho certo e de que vale a pena seguir trabalhando pelo fortalecimento do movimento junino\u201d, comemora.<\/div>\n<div>A programa\u00e7\u00e3o continua no\u00a0pr\u00f3ximo fim de semana,\u00a0dias 5 e 6 de setembro, com a segunda etapa eliminat\u00f3ria, em Feu Rosa, e chega \u00e0 grande final nos dias 11 e 12 de setembro, em Jacara\u00edpe.<\/div>\n<div>O Serrai\u00e1 \u00e9 uma realiza\u00e7\u00e3o da Cluster e do Minist\u00e9rio da Cultura, viabilizado pela Lei Rouanet. O projeto conta com o patroc\u00ednio do Instituto Aegea, da Universal Imobili\u00e1ria e Urbanismo e do Banestes, apoio da Prefeitura Municipal da Serra e produ\u00e7\u00e3o executiva da Premium\u00a0Comunica\u00e7\u00e3o Integrada de Marketing.\n<\/div>\n<div><b>Programa\u00e7\u00e3o completa\u00a0| Serrai\u00e1 2026<\/b><\/div>\n<div><b>Etapa 2:\u00a0Feu Rosa<\/b><br \/>\nEndere\u00e7o: Pra\u00e7a Central de Feu Rosa.\u00a0<a href=\"https:\/\/www.google.com\/maps\/search\/Rua+das+Avencas,+172+%E2%80%93+Feu+Rosa,+Serra%2FES?entry=gmail&amp;source=g\" data-saferedirecturl=\"https:\/\/www.google.com\/url?q=https:\/\/www.google.com\/maps\/search\/Rua%2Bdas%2BAvencas,%2B172%2B%25E2%2580%2593%2BFeu%2BRosa,%2BSerra%252FES?entry%3Dgmail%26source%3Dg&amp;source=gmail&amp;ust=1788281798916000&amp;usg=AOvVaw3GaxbUZtZHhNqnsRKgUxX0\">Rua das Avencas, 172<\/a>\u00a0<a href=\"https:\/\/www.google.com\/maps\/search\/Rua+das+Avencas,+172+%E2%80%93+Feu+Rosa,+Serra%2FES?entry=gmail&amp;source=g\" data-saferedirecturl=\"https:\/\/www.google.com\/url?q=https:\/\/www.google.com\/maps\/search\/Rua%2Bdas%2BAvencas,%2B172%2B%25E2%2580%2593%2BFeu%2BRosa,%2BSerra%252FES?entry%3Dgmail%26source%3Dg&amp;source=gmail&amp;ust=1788281798916000&amp;usg=AOvVaw3GaxbUZtZHhNqnsRKgUxX0\">\u2013<\/a>\u00a0<a href=\"https:\/\/www.google.com\/maps\/search\/Rua+das+Avencas,+172+%E2%80%93+Feu+Rosa,+Serra%2FES?entry=gmail&amp;source=g\" data-saferedirecturl=\"https:\/\/www.google.com\/url?q=https:\/\/www.google.com\/maps\/search\/Rua%2Bdas%2BAvencas,%2B172%2B%25E2%2580%2593%2BFeu%2BRosa,%2BSerra%252FES?entry%3Dgmail%26source%3Dg&amp;source=gmail&amp;ust=1788281798916000&amp;usg=AOvVaw3GaxbUZtZHhNqnsRKgUxX0\">Feu Rosa,<\/a>\u00a0<a href=\"https:\/\/www.google.com\/maps\/search\/Rua+das+Avencas,+172+%E2%80%93+Feu+Rosa,+Serra%2FES?entry=gmail&amp;source=g\" data-saferedirecturl=\"https:\/\/www.google.com\/url?q=https:\/\/www.google.com\/maps\/search\/Rua%2Bdas%2BAvencas,%2B172%2B%25E2%2580%2593%2BFeu%2BRosa,%2BSerra%252FES?entry%3Dgmail%26source%3Dg&amp;source=gmail&amp;ust=1788281798916000&amp;usg=AOvVaw3GaxbUZtZHhNqnsRKgUxX0\">Serra\/ES<\/a><br \/>\nDatas: 5 e 6 de setembro\u00a0(s\u00e1bado e domingo)<br \/>\nHor\u00e1rios: das 17h \u00e0s 22h30, nos dois dias<br \/>\nEntrada gratuita<\/div>\n<div><b>Grande final:\u00a0Jacara\u00edpe\u00a0<\/b><br \/>\nEndere\u00e7o: Pra\u00e7a Encontro das \u00c1guas. Avenida\u00a0Abido Saad, s\/n\u00a0\u2013\u00a0Parque\u00a0Jacara\u00edpe, Serra\/ES<br \/>\nDatas: 11 e 12 de setembro\u00a0(sexta-feira\u00a0e\u00a0<wbr \/>s\u00e1bado)<br \/>\nHor\u00e1rios:\u00a0sexta-feira, das 19h \u00e0s 23h; e\u00a0s\u00e1bado, das 16h30 \u00e0s 23h30<br \/>\nEntrada gratuita<\/div>\n","protected":false},"excerpt":{"rendered":"<p>Junina\u00a0Abrashow, Flor de Lis e Estrela Cadente\u00a0tamb\u00e9m\u00a0j\u00e1 garantiram vaga na final\u00a0na fase realizada em Barcelona; a segunda etapa ser\u00e1 no pr\u00f3ximo fim de semana, em Feu Rosa,\u00a0e a\u00a0decis\u00e3o\u00a0final\u00a0ser\u00e1\u00a0em Jacara\u00edpe, nos dias 11 e 12 de setembro O \u00faltimo fim de semana foi marcado pela primeira etapa do Serrai\u00e1, considerado o maior concurso de quadrilhas do [&hellip;]<\/p>\n","protected":false},"author":3,"featured_media":14410,"comment_status":"open","ping_status":"open","sticky":false,"template":"","format":"standard","meta":{"om_disable_all_campaigns":false,"_monsterinsights_skip_tracking":false,"_monsterinsights_sitenote_active":false,"_monsterinsights_sitenote_note":"","_monsterinsights_sitenote_category":0,"footnotes":""},"categories":[51],"tags":[],"class_list":["post-14409","post","type-post","status-publish","format-standard","has-post-thumbnail","hentry","category-cultura-e-saude"],"yoast_head":"<!-- This site is optimized with the Yoast SEO Premium plugin v21.9 (Yoast SEO v27.8) - https:\/\/yoast.com\/product\/yoast-seo-premium-wordpress\/ -->\n<title>Imp\u00e9rio Junino lidera primeira etapa e avan\u00e7a \u00e0 final do maior concurso de quadrilhas do ES com mais tr\u00eas grupos\u00a0 - Portal Capixaba<\/title>\n<meta name=\"description\" content=\"Junina\u00a0Abrashow, Flor de Lis e Estrela Cadente\u00a0tamb\u00e9m\u00a0j\u00e1 garantiram vaga na final\u00a0na fase realizada em Barcelona; a segunda etapa ser\u00e1 no pr\u00f3ximo fim de semana, em Feu Rosa,\u00a0e a\u00a0decis\u00e3o\u00a0final\u00a0ser\u00e1\u00a0em Jacara\u00edpe, nos dias 11 e 12 de setembro\u00a0\u00a0\" \/>\n<meta name=\"robots\" content=\"index, follow, max-snippet:-1, max-image-preview:large, max-video-preview:-1\" \/>\n<link rel=\"canonical\" href=\"https:\/\/portalcapixaba.com\/?p=14409\" \/>\n<meta property=\"og:locale\" content=\"pt_BR\" \/>\n<meta property=\"og:type\" content=\"article\" \/>\n<meta property=\"og:title\" content=\"Imp\u00e9rio Junino lidera primeira etapa e avan\u00e7a \u00e0 final do maior concurso de quadrilhas do ES com mais tr\u00eas grupos\u00a0\" \/>\n<meta property=\"og:description\" content=\"Junina\u00a0Abrashow, Flor de Lis e Estrela Cadente\u00a0tamb\u00e9m\u00a0j\u00e1 garantiram vaga na final\u00a0na fase realizada em Barcelona; a segunda etapa ser\u00e1 no pr\u00f3ximo fim de semana, em Feu Rosa,\u00a0e a\u00a0decis\u00e3o\u00a0final\u00a0ser\u00e1\u00a0em Jacara\u00edpe, nos dias 11 e 12 de setembro\u00a0\u00a0\" \/>\n<meta property=\"og:url\" content=\"https:\/\/portalcapixaba.com\/?p=14409\" \/>\n<meta property=\"og:site_name\" content=\"Portal Capixaba\" \/>\n<meta property=\"article:published_time\" content=\"2026-08-31T16:59:39+00:00\" \/>\n<meta property=\"og:image\" content=\"https:\/\/portalcapixaba.com\/wp-content\/uploads\/2026\/08\/Imperio-Junino-29ago-Serraia-2026-3-scaled.jpg\" \/>\n\t<meta property=\"og:image:width\" content=\"2560\" \/>\n\t<meta property=\"og:image:height\" content=\"1707\" \/>\n\t<meta property=\"og:image:type\" content=\"image\/jpeg\" \/>\n<meta name=\"author\" content=\"jane boldt\" \/>\n<meta name=\"twitter:card\" content=\"summary_large_image\" \/>\n<meta name=\"twitter:label1\" content=\"Escrito por\" \/>\n\t<meta name=\"twitter:data1\" content=\"jane boldt\" \/>\n\t<meta name=\"twitter:label2\" content=\"Est. tempo de leitura\" \/>\n\t<meta name=\"twitter:data2\" content=\"4 minutos\" \/>\n<script type=\"application\/ld+json\" class=\"yoast-schema-graph\">{\"@context\":\"https:\\\/\\\/schema.org\",\"@graph\":[{\"@type\":[\"Article\",\"NewsArticle\"],\"@id\":\"https:\\\/\\\/portalcapixaba.com\\\/?p=14409#article\",\"isPartOf\":{\"@id\":\"https:\\\/\\\/portalcapixaba.com\\\/?p=14409\"},\"author\":{\"name\":\"jane boldt\",\"@id\":\"https:\\\/\\\/portalcapixaba.com\\\/#\\\/schema\\\/person\\\/bcd337770ede8facc9d17a424328bf4b\"},\"headline\":\"Imp\u00e9rio Junino lidera primeira etapa e avan\u00e7a \u00e0 final do maior concurso de quadrilhas do ES com mais tr\u00eas grupos\u00a0\",\"datePublished\":\"2026-08-31T16:59:39+00:00\",\"mainEntityOfPage\":{\"@id\":\"https:\\\/\\\/portalcapixaba.com\\\/?p=14409\"},\"wordCount\":601,\"commentCount\":0,\"image\":{\"@id\":\"https:\\\/\\\/portalcapixaba.com\\\/?p=14409#primaryimage\"},\"thumbnailUrl\":\"https:\\\/\\\/portalcapixaba.com\\\/wp-content\\\/uploads\\\/2026\\\/08\\\/Imperio-Junino-29ago-Serraia-2026-3-scaled.jpg\",\"articleSection\":[\"Cultura e Sa\u00fade\"],\"inLanguage\":\"pt-BR\",\"potentialAction\":[{\"@type\":\"CommentAction\",\"name\":\"Comment\",\"target\":[\"https:\\\/\\\/portalcapixaba.com\\\/?p=14409#respond\"]}],\"copyrightYear\":\"2026\",\"copyrightHolder\":{\"@id\":\"https:\\\/\\\/portalcapixaba.com\\\/#organization\"}},{\"@type\":\"WebPage\",\"@id\":\"https:\\\/\\\/portalcapixaba.com\\\/?p=14409\",\"url\":\"https:\\\/\\\/portalcapixaba.com\\\/?p=14409\",\"name\":\"Imp\u00e9rio Junino lidera primeira etapa e avan\u00e7a \u00e0 final do maior concurso de quadrilhas do ES com mais tr\u00eas grupos\u00a0 - Portal Capixaba\",\"isPartOf\":{\"@id\":\"https:\\\/\\\/portalcapixaba.com\\\/#website\"},\"primaryImageOfPage\":{\"@id\":\"https:\\\/\\\/portalcapixaba.com\\\/?p=14409#primaryimage\"},\"image\":{\"@id\":\"https:\\\/\\\/portalcapixaba.com\\\/?p=14409#primaryimage\"},\"thumbnailUrl\":\"https:\\\/\\\/portalcapixaba.com\\\/wp-content\\\/uploads\\\/2026\\\/08\\\/Imperio-Junino-29ago-Serraia-2026-3-scaled.jpg\",\"datePublished\":\"2026-08-31T16:59:39+00:00\",\"author\":{\"@id\":\"https:\\\/\\\/portalcapixaba.com\\\/#\\\/schema\\\/person\\\/bcd337770ede8facc9d17a424328bf4b\"},\"description\":\"Junina\u00a0Abrashow, Flor de Lis e Estrela Cadente\u00a0tamb\u00e9m\u00a0j\u00e1 garantiram vaga na final\u00a0na fase realizada em Barcelona; a segunda etapa ser\u00e1 no pr\u00f3ximo fim de semana, em Feu Rosa,\u00a0e a\u00a0decis\u00e3o\u00a0final\u00a0ser\u00e1\u00a0em Jacara\u00edpe, nos dias 11 e 12 de setembro\u00a0\u00a0\",\"breadcrumb\":{\"@id\":\"https:\\\/\\\/portalcapixaba.com\\\/?p=14409#breadcrumb\"},\"inLanguage\":\"pt-BR\",\"potentialAction\":[{\"@type\":\"ReadAction\",\"target\":[\"https:\\\/\\\/portalcapixaba.com\\\/?p=14409\"]}]},{\"@type\":\"ImageObject\",\"inLanguage\":\"pt-BR\",\"@id\":\"https:\\\/\\\/portalcapixaba.com\\\/?p=14409#primaryimage\",\"url\":\"https:\\\/\\\/portalcapixaba.com\\\/wp-content\\\/uploads\\\/2026\\\/08\\\/Imperio-Junino-29ago-Serraia-2026-3-scaled.jpg\",\"contentUrl\":\"https:\\\/\\\/portalcapixaba.com\\\/wp-content\\\/uploads\\\/2026\\\/08\\\/Imperio-Junino-29ago-Serraia-2026-3-scaled.jpg\",\"width\":2560,\"height\":1707},{\"@type\":\"BreadcrumbList\",\"@id\":\"https:\\\/\\\/portalcapixaba.com\\\/?p=14409#breadcrumb\",\"itemListElement\":[{\"@type\":\"ListItem\",\"position\":1,\"name\":\"Home\",\"item\":\"https:\\\/\\\/portalcapixaba.com\\\/\"},{\"@type\":\"ListItem\",\"position\":2,\"name\":\"Imp\u00e9rio Junino lidera primeira etapa e avan\u00e7a \u00e0 final do maior concurso de quadrilhas do ES com mais tr\u00eas grupos\u00a0\"}]},{\"@type\":\"WebSite\",\"@id\":\"https:\\\/\\\/portalcapixaba.com\\\/#website\",\"url\":\"https:\\\/\\\/portalcapixaba.com\\\/\",\"name\":\"Portal Capixaba\",\"description\":\"\",\"potentialAction\":[{\"@type\":\"SearchAction\",\"target\":{\"@type\":\"EntryPoint\",\"urlTemplate\":\"https:\\\/\\\/portalcapixaba.com\\\/?s={search_term_string}\"},\"query-input\":{\"@type\":\"PropertyValueSpecification\",\"valueRequired\":true,\"valueName\":\"search_term_string\"}}],\"inLanguage\":\"pt-BR\"},{\"@type\":\"Person\",\"@id\":\"https:\\\/\\\/portalcapixaba.com\\\/#\\\/schema\\\/person\\\/bcd337770ede8facc9d17a424328bf4b\",\"name\":\"jane boldt\",\"image\":{\"@type\":\"ImageObject\",\"inLanguage\":\"pt-BR\",\"@id\":\"https:\\\/\\\/secure.gravatar.com\\\/avatar\\\/0c30036a196ee4fe42305219849d553f713d275a5d9eddafc5bc93dc51582d78?s=96&d=mm&r=g\",\"url\":\"https:\\\/\\\/secure.gravatar.com\\\/avatar\\\/0c30036a196ee4fe42305219849d553f713d275a5d9eddafc5bc93dc51582d78?s=96&d=mm&r=g\",\"contentUrl\":\"https:\\\/\\\/secure.gravatar.com\\\/avatar\\\/0c30036a196ee4fe42305219849d553f713d275a5d9eddafc5bc93dc51582d78?s=96&d=mm&r=g\",\"caption\":\"jane boldt\"},\"sameAs\":[\"http:\\\/\\\/portalcapixaba.com.br\"],\"url\":\"https:\\\/\\\/portalcapixaba.com\\\/?author=3\"}]}<\/script>\n<!-- \/ Yoast SEO Premium plugin. -->","yoast_head_json":{"title":"Imp\u00e9rio Junino lidera primeira etapa e avan\u00e7a \u00e0 final do maior concurso de quadrilhas do ES com mais tr\u00eas grupos\u00a0 - Portal Capixaba","description":"Junina\u00a0Abrashow, Flor de Lis e Estrela Cadente\u00a0tamb\u00e9m\u00a0j\u00e1 garantiram vaga na final\u00a0na fase realizada em Barcelona; a segunda etapa ser\u00e1 no pr\u00f3ximo fim de semana, em Feu Rosa,\u00a0e a\u00a0decis\u00e3o\u00a0final\u00a0ser\u00e1\u00a0em Jacara\u00edpe, nos dias 11 e 12 de setembro\u00a0\u00a0","robots":{"index":"index","follow":"follow","max-snippet":"max-snippet:-1","max-image-preview":"max-image-preview:large","max-video-preview":"max-video-preview:-1"},"canonical":"https:\/\/portalcapixaba.com\/?p=14409","og_locale":"pt_BR","og_type":"article","og_title":"Imp\u00e9rio Junino lidera primeira etapa e avan\u00e7a \u00e0 final do maior concurso de quadrilhas do ES com mais tr\u00eas grupos\u00a0","og_description":"Junina\u00a0Abrashow, Flor de Lis e Estrela Cadente\u00a0tamb\u00e9m\u00a0j\u00e1 garantiram vaga na final\u00a0na fase realizada em Barcelona; a segunda etapa ser\u00e1 no pr\u00f3ximo fim de semana, em Feu Rosa,\u00a0e a\u00a0decis\u00e3o\u00a0final\u00a0ser\u00e1\u00a0em Jacara\u00edpe, nos dias 11 e 12 de setembro\u00a0\u00a0","og_url":"https:\/\/portalcapixaba.com\/?p=14409","og_site_name":"Portal Capixaba","article_published_time":"2026-08-31T16:59:39+00:00","og_image":[{"width":2560,"height":1707,"url":"https:\/\/portalcapixaba.com\/wp-content\/uploads\/2026\/08\/Imperio-Junino-29ago-Serraia-2026-3-scaled.jpg","type":"image\/jpeg"}],"author":"jane boldt","twitter_card":"summary_large_image","twitter_misc":{"Escrito por":"jane boldt","Est. tempo de leitura":"4 minutos"},"schema":{"@context":"https:\/\/schema.org","@graph":[{"@type":["Article","NewsArticle"],"@id":"https:\/\/portalcapixaba.com\/?p=14409#article","isPartOf":{"@id":"https:\/\/portalcapixaba.com\/?p=14409"},"author":{"name":"jane boldt","@id":"https:\/\/portalcapixaba.com\/#\/schema\/person\/bcd337770ede8facc9d17a424328bf4b"},"headline":"Imp\u00e9rio Junino lidera primeira etapa e avan\u00e7a \u00e0 final do maior concurso de quadrilhas do ES com mais tr\u00eas grupos\u00a0","datePublished":"2026-08-31T16:59:39+00:00","mainEntityOfPage":{"@id":"https:\/\/portalcapixaba.com\/?p=14409"},"wordCount":601,"commentCount":0,"image":{"@id":"https:\/\/portalcapixaba.com\/?p=14409#primaryimage"},"thumbnailUrl":"https:\/\/portalcapixaba.com\/wp-content\/uploads\/2026\/08\/Imperio-Junino-29ago-Serraia-2026-3-scaled.jpg","articleSection":["Cultura e Sa\u00fade"],"inLanguage":"pt-BR","potentialAction":[{"@type":"CommentAction","name":"Comment","target":["https:\/\/portalcapixaba.com\/?p=14409#respond"]}],"copyrightYear":"2026","copyrightHolder":{"@id":"https:\/\/portalcapixaba.com\/#organization"}},{"@type":"WebPage","@id":"https:\/\/portalcapixaba.com\/?p=14409","url":"https:\/\/portalcapixaba.com\/?p=14409","name":"Imp\u00e9rio Junino lidera primeira etapa e avan\u00e7a \u00e0 final do maior concurso de quadrilhas do ES com mais tr\u00eas grupos\u00a0 - Portal Capixaba","isPartOf":{"@id":"https:\/\/portalcapixaba.com\/#website"},"primaryImageOfPage":{"@id":"https:\/\/portalcapixaba.com\/?p=14409#primaryimage"},"image":{"@id":"https:\/\/portalcapixaba.com\/?p=14409#primaryimage"},"thumbnailUrl":"https:\/\/portalcapixaba.com\/wp-content\/uploads\/2026\/08\/Imperio-Junino-29ago-Serraia-2026-3-scaled.jpg","datePublished":"2026-08-31T16:59:39+00:00","author":{"@id":"https:\/\/portalcapixaba.com\/#\/schema\/person\/bcd337770ede8facc9d17a424328bf4b"},"description":"Junina\u00a0Abrashow, Flor de Lis e Estrela Cadente\u00a0tamb\u00e9m\u00a0j\u00e1 garantiram vaga na final\u00a0na fase realizada em Barcelona; a segunda etapa ser\u00e1 no pr\u00f3ximo fim de semana, em Feu Rosa,\u00a0e a\u00a0decis\u00e3o\u00a0final\u00a0ser\u00e1\u00a0em Jacara\u00edpe, nos dias 11 e 12 de setembro\u00a0\u00a0","breadcrumb":{"@id":"https:\/\/portalcapixaba.com\/?p=14409#breadcrumb"},"inLanguage":"pt-BR","potentialAction":[{"@type":"ReadAction","target":["https:\/\/portalcapixaba.com\/?p=14409"]}]},{"@type":"ImageObject","inLanguage":"pt-BR","@id":"https:\/\/portalcapixaba.com\/?p=14409#primaryimage","url":"https:\/\/portalcapixaba.com\/wp-content\/uploads\/2026\/08\/Imperio-Junino-29ago-Serraia-2026-3-scaled.jpg","contentUrl":"https:\/\/portalcapixaba.com\/wp-content\/uploads\/2026\/08\/Imperio-Junino-29ago-Serraia-2026-3-scaled.jpg","width":2560,"height":1707},{"@type":"BreadcrumbList","@id":"https:\/\/portalcapixaba.com\/?p=14409#breadcrumb","itemListElement":[{"@type":"ListItem","position":1,"name":"Home","item":"https:\/\/portalcapixaba.com\/"},{"@type":"ListItem","position":2,"name":"Imp\u00e9rio Junino lidera primeira etapa e avan\u00e7a \u00e0 final do maior concurso de quadrilhas do ES com mais tr\u00eas grupos\u00a0"}]},{"@type":"WebSite","@id":"https:\/\/portalcapixaba.com\/#website","url":"https:\/\/portalcapixaba.com\/","name":"Portal Capixaba","description":"","potentialAction":[{"@type":"SearchAction","target":{"@type":"EntryPoint","urlTemplate":"https:\/\/portalcapixaba.com\/?s={search_term_string}"},"query-input":{"@type":"PropertyValueSpecification","valueRequired":true,"valueName":"search_term_string"}}],"inLanguage":"pt-BR"},{"@type":"Person","@id":"https:\/\/portalcapixaba.com\/#\/schema\/person\/bcd337770ede8facc9d17a424328bf4b","name":"jane boldt","image":{"@type":"ImageObject","inLanguage":"pt-BR","@id":"https:\/\/secure.gravatar.com\/avatar\/0c30036a196ee4fe42305219849d553f713d275a5d9eddafc5bc93dc51582d78?s=96&d=mm&r=g","url":"https:\/\/secure.gravatar.com\/avatar\/0c30036a196ee4fe42305219849d553f713d275a5d9eddafc5bc93dc51582d78?s=96&d=mm&r=g","contentUrl":"https:\/\/secure.gravatar.com\/avatar\/0c30036a196ee4fe42305219849d553f713d275a5d9eddafc5bc93dc51582d78?s=96&d=mm&r=g","caption":"jane boldt"},"sameAs":["http:\/\/portalcapixaba.com.br"],"url":"https:\/\/portalcapixaba.com\/?author=3"}]}},"_links":{"self":[{"href":"https:\/\/portalcapixaba.com\/index.php?rest_route=\/wp\/v2\/posts\/14409","targetHints":{"allow":["GET"]}}],"collection":[{"href":"https:\/\/portalcapixaba.com\/index.php?rest_route=\/wp\/v2\/posts"}],"about":[{"href":"https:\/\/portalcapixaba.com\/index.php?rest_route=\/wp\/v2\/types\/post"}],"author":[{"embeddable":true,"href":"https:\/\/portalcapixaba.com\/index.php?rest_route=\/wp\/v2\/users\/3"}],"replies":[{"embeddable":true,"href":"https:\/\/portalcapixaba.com\/index.php?rest_route=%2Fwp%2Fv2%2Fcomments&post=14409"}],"version-history":[{"count":1,"href":"https:\/\/portalcapixaba.com\/index.php?rest_route=\/wp\/v2\/posts\/14409\/revisions"}],"predecessor-version":[{"id":14411,"href":"https:\/\/portalcapixaba.com\/index.php?rest_route=\/wp\/v2\/posts\/14409\/revisions\/14411"}],"wp:featuredmedia":[{"embeddable":true,"href":"https:\/\/portalcapixaba.com\/index.php?rest_route=\/wp\/v2\/media\/14410"}],"wp:attachment":[{"href":"https:\/\/portalcapixaba.com\/index.php?rest_route=%2Fwp%2Fv2%2Fmedia&parent=14409"}],"wp:term":[{"taxonomy":"category","embeddable":true,"href":"https:\/\/portalcapixaba.com\/index.php?rest_route=%2Fwp%2Fv2%2Fcategories&post=14409"},{"taxonomy":"post_tag","embeddable":true,"href":"https:\/\/portalcapixaba.com\/index.php?rest_route=%2Fwp%2Fv2%2Ftags&post=14409"}],"curies":[{"name":"wp","href":"https:\/\/api.w.org\/{rel}","templated":true}]}}