{"id":14412,"date":"2026-08-31T14:01:55","date_gmt":"2026-08-31T17:01:55","guid":{"rendered":"https:\/\/portalcapixaba.com\/?p=14412"},"modified":"2026-08-31T14:01:55","modified_gmt":"2026-08-31T17:01:55","slug":"feira-da-mulher-empreendedora-movimenta-hall-da-prefeitura-ate-sexta-feira-4","status":"publish","type":"post","link":"https:\/\/portalcapixaba.com\/?p=14412","title":{"rendered":"Feira da Mulher Empreendedora movimenta hall da Prefeitura at\u00e9 sexta-feira (4)"},"content":{"rendered":"<h4>Com dez estandes, a feira re\u00fane op\u00e7\u00f5es para diferentes gostos e necessidades. Entre os produtos est\u00e3o brincos, colares, pulseiras, vasilhas, garrafas e muito mais<\/h4>\n<div id=\"pagina_site\" class=\"ajustar_fonte pagina_site\">\n<div id=\"v3-noticias\" class=\"set_container\">\n<div class=\"container_1360\">\n<div class=\"row\">\n<div class=\"col-lg-8  col-md-8 col-xs-12\">\n<div id=\"conteudo-imprimir\">\n<div id=\"editor-texto\" class=\"auto-caption\">\n<p>Quem passar pelo hall do Pal\u00e1cio Municipal, em Alto Lage, durante esta semana vai encontrar uma variedade de produtos, como doces, roupas, acess\u00f3rios e muito mais. A Feira da Mulher Empreendedora, realizada pela Secretaria Municipal da Mulher e Direitos Humanos (Semdh), segue at\u00e9 sexta-feira (4), das 9h \u00e0s 17h.<\/p>\n<figure class=\"captionjs default\"><img decoding=\"async\" src=\"https:\/\/cariacica.es.gov.br\/uploads\/files\/imagens\/2026\/agosto\/whatsapp-image-2026-08-31-at-11-14-57.jpeg\" alt=\"\" \/><\/figure>\n<p>Com dez estandes, a feira re\u00fane op\u00e7\u00f5es para diferentes gostos. Entre os produtos est\u00e3o brincos, colares, pulseiras, vasilhas, garrafas, utens\u00edlios dom\u00e9sticos, roupas \u00edntimas, al\u00e9m de doces, bolos e tortas.<\/p>\n<figure class=\"captionjs default\"><img decoding=\"async\" src=\"https:\/\/cariacica.es.gov.br\/uploads\/files\/imagens\/2026\/agosto\/whatsapp-image-2026-08-31-at-10-51-15-2.jpeg\" alt=\"\" \/><\/figure>\n<p>Para Rosi Nardi, moradora de Cariacica, participar da feira \u00e9 sempre uma experi\u00eancia positiva. \u201cSempre fico muito feliz em participar da feira. Fa\u00e7o muitas vendas e tenho um bom retorno\u201d, afirmou.<\/p>\n<figure class=\"captionjs default\"><img decoding=\"async\" src=\"https:\/\/cariacica.es.gov.br\/uploads\/files\/imagens\/2026\/agosto\/whatsapp-image-2026-08-31-at-10-51-15.jpeg\" alt=\"\" \/><\/figure>\n<p>A confeiteira Ana Cl\u00e1udia Mendes tamb\u00e9m destaca a import\u00e2ncia de participar de iniciativas como essa para divulgar o trabalho e conquistar novos clientes. Segundo ela, a feira oferece uma oportunidade gratuita de apresentar os produtos ao p\u00fablico. \u201c\u00c9 muito importante participarmos dessas feiras. As pessoas conhecem o nosso trabalho e \u00e9 uma forma gratuita de divulg\u00e1-lo. Atrav\u00e9s disso, fui conquistando clientes que passaram a encomendar bolos inteiros\u201d, contou.<\/p>\n<figure class=\"captionjs default\"><img decoding=\"async\" src=\"https:\/\/cariacica.es.gov.br\/uploads\/files\/imagens\/2026\/agosto\/whatsapp-image-2026-05-06-at-11-25-43.jpeg\" alt=\"\" \/><\/figure>\n<p>O projeto tem como objetivo fortalecer o empreendimento de pequenos neg\u00f3cios da cidade, criando uma vitrine direta para que artes\u00e3s e microempreendedoras divulguem suas marcas, ampliem a rede de clientes e impulsionem o faturamento.<\/p>\n<figure class=\"captionjs default\"><img decoding=\"async\" src=\"https:\/\/cariacica.es.gov.br\/uploads\/files\/imagens\/2026\/agosto\/whatsapp-image-2026-08-31-at-10-51-15-1.jpeg\" alt=\"\" \/><\/figure>\n<p>\u201cA Feira das Mulheres Empreendedoras \u00e9 um espa\u00e7o fundamental de fortalecimento e autonomia para as mulheres de Cariacica. Cada produto exposto no hall da Prefeitura carrega a hist\u00f3ria, o empenho e a capacidade transformadora dessas empreendedoras, e o nosso papel \u00e9 justamente criar pontes para que elas conquistem cada vez mais espa\u00e7o no mercado e garantam sua independ\u00eancia financeira\u201d, destacou a secret\u00e1ria interina da Mulher e Direitos Humanos, Danyelle L\u00edrio.<\/p>\n<div class=\"addthis_toolbox addthis_default_style addthis_32x32_style\"><\/div>\n<\/div>\n<\/div>\n<\/div>\n<\/div>\n<\/div>\n<\/div>\n<\/div>\n<section id=\"rodape\"><\/section>\n<section>\n<div id=\"horarios\" class=\"set_container back-primary0 top3 bot4\">\n<div class=\"container_1360\">\n<div class=\"row\"><\/div>\n<\/div>\n<\/div>\n<\/section>\n","protected":false},"excerpt":{"rendered":"<p>Com dez estandes, a feira re\u00fane op\u00e7\u00f5es para diferentes gostos e necessidades. Entre os produtos est\u00e3o brincos, colares, pulseiras, vasilhas, garrafas e muito mais Quem passar pelo hall do Pal\u00e1cio Municipal, em Alto Lage, durante esta semana vai encontrar uma variedade de produtos, como doces, roupas, acess\u00f3rios e muito mais. A Feira da Mulher Empreendedora, [&hellip;]<\/p>\n","protected":false},"author":3,"featured_media":14413,"comment_status":"open","ping_status":"open","sticky":false,"template":"","format":"standard","meta":{"om_disable_all_campaigns":false,"_monsterinsights_skip_tracking":false,"_monsterinsights_sitenote_active":false,"_monsterinsights_sitenote_note":"","_monsterinsights_sitenote_category":0,"footnotes":""},"categories":[1],"tags":[],"class_list":["post-14412","post","type-post","status-publish","format-standard","has-post-thumbnail","hentry","category-sem-categoria"],"yoast_head":"<!-- This site is optimized with the Yoast SEO Premium plugin v21.9 (Yoast SEO v27.8) - https:\/\/yoast.com\/product\/yoast-seo-premium-wordpress\/ -->\n<title>Feira da Mulher Empreendedora movimenta hall da Prefeitura at\u00e9 sexta-feira (4) - Portal Capixaba<\/title>\n<meta name=\"description\" content=\"Quem passar pelo hall do Pal\u00e1cio Municipal, em Alto Lage, durante esta semana vai encontrar uma variedade de produtos, como doces, roupas, acess\u00f3rios e muito mais. A Feira da Mulher Empreendedora, realizada pela Secretaria Municipal da Mulher e Direitos Humanos (Semdh), segue at\u00e9 sexta-feira (4), das 9h \u00e0s 17h.\" \/>\n<meta name=\"robots\" content=\"index, follow, max-snippet:-1, max-image-preview:large, max-video-preview:-1\" \/>\n<link rel=\"canonical\" href=\"https:\/\/portalcapixaba.com\/?p=14412\" \/>\n<meta property=\"og:locale\" content=\"pt_BR\" \/>\n<meta property=\"og:type\" content=\"article\" \/>\n<meta property=\"og:title\" content=\"Feira da Mulher Empreendedora movimenta hall da Prefeitura at\u00e9 sexta-feira (4)\" \/>\n<meta property=\"og:description\" content=\"Quem passar pelo hall do Pal\u00e1cio Municipal, em Alto Lage, durante esta semana vai encontrar uma variedade de produtos, como doces, roupas, acess\u00f3rios e muito mais. A Feira da Mulher Empreendedora, realizada pela Secretaria Municipal da Mulher e Direitos Humanos (Semdh), segue at\u00e9 sexta-feira (4), das 9h \u00e0s 17h.\" \/>\n<meta property=\"og:url\" content=\"https:\/\/portalcapixaba.com\/?p=14412\" \/>\n<meta property=\"og:site_name\" content=\"Portal Capixaba\" \/>\n<meta property=\"article:published_time\" content=\"2026-08-31T17:01:55+00:00\" \/>\n<meta property=\"og:image\" content=\"https:\/\/portalcapixaba.com\/wp-content\/uploads\/2026\/08\/whatsapp-image-2026-08-31-at-11-14-57-1.jpeg\" \/>\n\t<meta property=\"og:image:width\" content=\"1600\" \/>\n\t<meta property=\"og:image:height\" content=\"1200\" \/>\n\t<meta property=\"og:image:type\" content=\"image\/jpeg\" \/>\n<meta name=\"author\" content=\"jane boldt\" \/>\n<meta name=\"twitter:card\" content=\"summary_large_image\" \/>\n<meta name=\"twitter:label1\" content=\"Escrito por\" \/>\n\t<meta name=\"twitter:data1\" content=\"jane boldt\" \/>\n\t<meta name=\"twitter:label2\" content=\"Est. tempo de leitura\" \/>\n\t<meta name=\"twitter:data2\" content=\"3 minutos\" \/>\n<script type=\"application\/ld+json\" class=\"yoast-schema-graph\">{\"@context\":\"https:\\\/\\\/schema.org\",\"@graph\":[{\"@type\":[\"Article\",\"NewsArticle\"],\"@id\":\"https:\\\/\\\/portalcapixaba.com\\\/?p=14412#article\",\"isPartOf\":{\"@id\":\"https:\\\/\\\/portalcapixaba.com\\\/?p=14412\"},\"author\":{\"name\":\"jane boldt\",\"@id\":\"https:\\\/\\\/portalcapixaba.com\\\/#\\\/schema\\\/person\\\/bcd337770ede8facc9d17a424328bf4b\"},\"headline\":\"Feira da Mulher Empreendedora movimenta hall da Prefeitura at\u00e9 sexta-feira (4)\",\"datePublished\":\"2026-08-31T17:01:55+00:00\",\"mainEntityOfPage\":{\"@id\":\"https:\\\/\\\/portalcapixaba.com\\\/?p=14412\"},\"wordCount\":336,\"commentCount\":0,\"image\":{\"@id\":\"https:\\\/\\\/portalcapixaba.com\\\/?p=14412#primaryimage\"},\"thumbnailUrl\":\"https:\\\/\\\/portalcapixaba.com\\\/wp-content\\\/uploads\\\/2026\\\/08\\\/whatsapp-image-2026-08-31-at-11-14-57-1.jpeg\",\"inLanguage\":\"pt-BR\",\"potentialAction\":[{\"@type\":\"CommentAction\",\"name\":\"Comment\",\"target\":[\"https:\\\/\\\/portalcapixaba.com\\\/?p=14412#respond\"]}],\"copyrightYear\":\"2026\",\"copyrightHolder\":{\"@id\":\"https:\\\/\\\/portalcapixaba.com\\\/#organization\"}},{\"@type\":\"WebPage\",\"@id\":\"https:\\\/\\\/portalcapixaba.com\\\/?p=14412\",\"url\":\"https:\\\/\\\/portalcapixaba.com\\\/?p=14412\",\"name\":\"Feira da Mulher Empreendedora movimenta hall da Prefeitura at\u00e9 sexta-feira (4) - Portal Capixaba\",\"isPartOf\":{\"@id\":\"https:\\\/\\\/portalcapixaba.com\\\/#website\"},\"primaryImageOfPage\":{\"@id\":\"https:\\\/\\\/portalcapixaba.com\\\/?p=14412#primaryimage\"},\"image\":{\"@id\":\"https:\\\/\\\/portalcapixaba.com\\\/?p=14412#primaryimage\"},\"thumbnailUrl\":\"https:\\\/\\\/portalcapixaba.com\\\/wp-content\\\/uploads\\\/2026\\\/08\\\/whatsapp-image-2026-08-31-at-11-14-57-1.jpeg\",\"datePublished\":\"2026-08-31T17:01:55+00:00\",\"author\":{\"@id\":\"https:\\\/\\\/portalcapixaba.com\\\/#\\\/schema\\\/person\\\/bcd337770ede8facc9d17a424328bf4b\"},\"description\":\"Quem passar pelo hall do Pal\u00e1cio Municipal, em Alto Lage, durante esta semana vai encontrar uma variedade de produtos, como doces, roupas, acess\u00f3rios e muito mais. A Feira da Mulher Empreendedora, realizada pela Secretaria Municipal da Mulher e Direitos Humanos (Semdh), segue at\u00e9 sexta-feira (4), das 9h \u00e0s 17h.\",\"breadcrumb\":{\"@id\":\"https:\\\/\\\/portalcapixaba.com\\\/?p=14412#breadcrumb\"},\"inLanguage\":\"pt-BR\",\"potentialAction\":[{\"@type\":\"ReadAction\",\"target\":[\"https:\\\/\\\/portalcapixaba.com\\\/?p=14412\"]}]},{\"@type\":\"ImageObject\",\"inLanguage\":\"pt-BR\",\"@id\":\"https:\\\/\\\/portalcapixaba.com\\\/?p=14412#primaryimage\",\"url\":\"https:\\\/\\\/portalcapixaba.com\\\/wp-content\\\/uploads\\\/2026\\\/08\\\/whatsapp-image-2026-08-31-at-11-14-57-1.jpeg\",\"contentUrl\":\"https:\\\/\\\/portalcapixaba.com\\\/wp-content\\\/uploads\\\/2026\\\/08\\\/whatsapp-image-2026-08-31-at-11-14-57-1.jpeg\",\"width\":1600,\"height\":1200},{\"@type\":\"BreadcrumbList\",\"@id\":\"https:\\\/\\\/portalcapixaba.com\\\/?p=14412#breadcrumb\",\"itemListElement\":[{\"@type\":\"ListItem\",\"position\":1,\"name\":\"Home\",\"item\":\"https:\\\/\\\/portalcapixaba.com\\\/\"},{\"@type\":\"ListItem\",\"position\":2,\"name\":\"Feira da Mulher Empreendedora movimenta hall da Prefeitura at\u00e9 sexta-feira (4)\"}]},{\"@type\":\"WebSite\",\"@id\":\"https:\\\/\\\/portalcapixaba.com\\\/#website\",\"url\":\"https:\\\/\\\/portalcapixaba.com\\\/\",\"name\":\"Portal Capixaba\",\"description\":\"\",\"potentialAction\":[{\"@type\":\"SearchAction\",\"target\":{\"@type\":\"EntryPoint\",\"urlTemplate\":\"https:\\\/\\\/portalcapixaba.com\\\/?s={search_term_string}\"},\"query-input\":{\"@type\":\"PropertyValueSpecification\",\"valueRequired\":true,\"valueName\":\"search_term_string\"}}],\"inLanguage\":\"pt-BR\"},{\"@type\":\"Person\",\"@id\":\"https:\\\/\\\/portalcapixaba.com\\\/#\\\/schema\\\/person\\\/bcd337770ede8facc9d17a424328bf4b\",\"name\":\"jane boldt\",\"image\":{\"@type\":\"ImageObject\",\"inLanguage\":\"pt-BR\",\"@id\":\"https:\\\/\\\/secure.gravatar.com\\\/avatar\\\/0c30036a196ee4fe42305219849d553f713d275a5d9eddafc5bc93dc51582d78?s=96&d=mm&r=g\",\"url\":\"https:\\\/\\\/secure.gravatar.com\\\/avatar\\\/0c30036a196ee4fe42305219849d553f713d275a5d9eddafc5bc93dc51582d78?s=96&d=mm&r=g\",\"contentUrl\":\"https:\\\/\\\/secure.gravatar.com\\\/avatar\\\/0c30036a196ee4fe42305219849d553f713d275a5d9eddafc5bc93dc51582d78?s=96&d=mm&r=g\",\"caption\":\"jane boldt\"},\"sameAs\":[\"http:\\\/\\\/portalcapixaba.com.br\"],\"url\":\"https:\\\/\\\/portalcapixaba.com\\\/?author=3\"}]}<\/script>\n<!-- \/ Yoast SEO Premium plugin. -->","yoast_head_json":{"title":"Feira da Mulher Empreendedora movimenta hall da Prefeitura at\u00e9 sexta-feira (4) - Portal Capixaba","description":"Quem passar pelo hall do Pal\u00e1cio Municipal, em Alto Lage, durante esta semana vai encontrar uma variedade de produtos, como doces, roupas, acess\u00f3rios e muito mais. A Feira da Mulher Empreendedora, realizada pela Secretaria Municipal da Mulher e Direitos Humanos (Semdh), segue at\u00e9 sexta-feira (4), das 9h \u00e0s 17h.","robots":{"index":"index","follow":"follow","max-snippet":"max-snippet:-1","max-image-preview":"max-image-preview:large","max-video-preview":"max-video-preview:-1"},"canonical":"https:\/\/portalcapixaba.com\/?p=14412","og_locale":"pt_BR","og_type":"article","og_title":"Feira da Mulher Empreendedora movimenta hall da Prefeitura at\u00e9 sexta-feira (4)","og_description":"Quem passar pelo hall do Pal\u00e1cio Municipal, em Alto Lage, durante esta semana vai encontrar uma variedade de produtos, como doces, roupas, acess\u00f3rios e muito mais. A Feira da Mulher Empreendedora, realizada pela Secretaria Municipal da Mulher e Direitos Humanos (Semdh), segue at\u00e9 sexta-feira (4), das 9h \u00e0s 17h.","og_url":"https:\/\/portalcapixaba.com\/?p=14412","og_site_name":"Portal Capixaba","article_published_time":"2026-08-31T17:01:55+00:00","og_image":[{"width":1600,"height":1200,"url":"https:\/\/portalcapixaba.com\/wp-content\/uploads\/2026\/08\/whatsapp-image-2026-08-31-at-11-14-57-1.jpeg","type":"image\/jpeg"}],"author":"jane boldt","twitter_card":"summary_large_image","twitter_misc":{"Escrito por":"jane boldt","Est. tempo de leitura":"3 minutos"},"schema":{"@context":"https:\/\/schema.org","@graph":[{"@type":["Article","NewsArticle"],"@id":"https:\/\/portalcapixaba.com\/?p=14412#article","isPartOf":{"@id":"https:\/\/portalcapixaba.com\/?p=14412"},"author":{"name":"jane boldt","@id":"https:\/\/portalcapixaba.com\/#\/schema\/person\/bcd337770ede8facc9d17a424328bf4b"},"headline":"Feira da Mulher Empreendedora movimenta hall da Prefeitura at\u00e9 sexta-feira (4)","datePublished":"2026-08-31T17:01:55+00:00","mainEntityOfPage":{"@id":"https:\/\/portalcapixaba.com\/?p=14412"},"wordCount":336,"commentCount":0,"image":{"@id":"https:\/\/portalcapixaba.com\/?p=14412#primaryimage"},"thumbnailUrl":"https:\/\/portalcapixaba.com\/wp-content\/uploads\/2026\/08\/whatsapp-image-2026-08-31-at-11-14-57-1.jpeg","inLanguage":"pt-BR","potentialAction":[{"@type":"CommentAction","name":"Comment","target":["https:\/\/portalcapixaba.com\/?p=14412#respond"]}],"copyrightYear":"2026","copyrightHolder":{"@id":"https:\/\/portalcapixaba.com\/#organization"}},{"@type":"WebPage","@id":"https:\/\/portalcapixaba.com\/?p=14412","url":"https:\/\/portalcapixaba.com\/?p=14412","name":"Feira da Mulher Empreendedora movimenta hall da Prefeitura at\u00e9 sexta-feira (4) - Portal Capixaba","isPartOf":{"@id":"https:\/\/portalcapixaba.com\/#website"},"primaryImageOfPage":{"@id":"https:\/\/portalcapixaba.com\/?p=14412#primaryimage"},"image":{"@id":"https:\/\/portalcapixaba.com\/?p=14412#primaryimage"},"thumbnailUrl":"https:\/\/portalcapixaba.com\/wp-content\/uploads\/2026\/08\/whatsapp-image-2026-08-31-at-11-14-57-1.jpeg","datePublished":"2026-08-31T17:01:55+00:00","author":{"@id":"https:\/\/portalcapixaba.com\/#\/schema\/person\/bcd337770ede8facc9d17a424328bf4b"},"description":"Quem passar pelo hall do Pal\u00e1cio Municipal, em Alto Lage, durante esta semana vai encontrar uma variedade de produtos, como doces, roupas, acess\u00f3rios e muito mais. A Feira da Mulher Empreendedora, realizada pela Secretaria Municipal da Mulher e Direitos Humanos (Semdh), segue at\u00e9 sexta-feira (4), das 9h \u00e0s 17h.","breadcrumb":{"@id":"https:\/\/portalcapixaba.com\/?p=14412#breadcrumb"},"inLanguage":"pt-BR","potentialAction":[{"@type":"ReadAction","target":["https:\/\/portalcapixaba.com\/?p=14412"]}]},{"@type":"ImageObject","inLanguage":"pt-BR","@id":"https:\/\/portalcapixaba.com\/?p=14412#primaryimage","url":"https:\/\/portalcapixaba.com\/wp-content\/uploads\/2026\/08\/whatsapp-image-2026-08-31-at-11-14-57-1.jpeg","contentUrl":"https:\/\/portalcapixaba.com\/wp-content\/uploads\/2026\/08\/whatsapp-image-2026-08-31-at-11-14-57-1.jpeg","width":1600,"height":1200},{"@type":"BreadcrumbList","@id":"https:\/\/portalcapixaba.com\/?p=14412#breadcrumb","itemListElement":[{"@type":"ListItem","position":1,"name":"Home","item":"https:\/\/portalcapixaba.com\/"},{"@type":"ListItem","position":2,"name":"Feira da Mulher Empreendedora movimenta hall da Prefeitura at\u00e9 sexta-feira (4)"}]},{"@type":"WebSite","@id":"https:\/\/portalcapixaba.com\/#website","url":"https:\/\/portalcapixaba.com\/","name":"Portal Capixaba","description":"","potentialAction":[{"@type":"SearchAction","target":{"@type":"EntryPoint","urlTemplate":"https:\/\/portalcapixaba.com\/?s={search_term_string}"},"query-input":{"@type":"PropertyValueSpecification","valueRequired":true,"valueName":"search_term_string"}}],"inLanguage":"pt-BR"},{"@type":"Person","@id":"https:\/\/portalcapixaba.com\/#\/schema\/person\/bcd337770ede8facc9d17a424328bf4b","name":"jane boldt","image":{"@type":"ImageObject","inLanguage":"pt-BR","@id":"https:\/\/secure.gravatar.com\/avatar\/0c30036a196ee4fe42305219849d553f713d275a5d9eddafc5bc93dc51582d78?s=96&d=mm&r=g","url":"https:\/\/secure.gravatar.com\/avatar\/0c30036a196ee4fe42305219849d553f713d275a5d9eddafc5bc93dc51582d78?s=96&d=mm&r=g","contentUrl":"https:\/\/secure.gravatar.com\/avatar\/0c30036a196ee4fe42305219849d553f713d275a5d9eddafc5bc93dc51582d78?s=96&d=mm&r=g","caption":"jane boldt"},"sameAs":["http:\/\/portalcapixaba.com.br"],"url":"https:\/\/portalcapixaba.com\/?author=3"}]}},"_links":{"self":[{"href":"https:\/\/portalcapixaba.com\/index.php?rest_route=\/wp\/v2\/posts\/14412","targetHints":{"allow":["GET"]}}],"collection":[{"href":"https:\/\/portalcapixaba.com\/index.php?rest_route=\/wp\/v2\/posts"}],"about":[{"href":"https:\/\/portalcapixaba.com\/index.php?rest_route=\/wp\/v2\/types\/post"}],"author":[{"embeddable":true,"href":"https:\/\/portalcapixaba.com\/index.php?rest_route=\/wp\/v2\/users\/3"}],"replies":[{"embeddable":true,"href":"https:\/\/portalcapixaba.com\/index.php?rest_route=%2Fwp%2Fv2%2Fcomments&post=14412"}],"version-history":[{"count":1,"href":"https:\/\/portalcapixaba.com\/index.php?rest_route=\/wp\/v2\/posts\/14412\/revisions"}],"predecessor-version":[{"id":14414,"href":"https:\/\/portalcapixaba.com\/index.php?rest_route=\/wp\/v2\/posts\/14412\/revisions\/14414"}],"wp:featuredmedia":[{"embeddable":true,"href":"https:\/\/portalcapixaba.com\/index.php?rest_route=\/wp\/v2\/media\/14413"}],"wp:attachment":[{"href":"https:\/\/portalcapixaba.com\/index.php?rest_route=%2Fwp%2Fv2%2Fmedia&parent=14412"}],"wp:term":[{"taxonomy":"category","embeddable":true,"href":"https:\/\/portalcapixaba.com\/index.php?rest_route=%2Fwp%2Fv2%2Fcategories&post=14412"},{"taxonomy":"post_tag","embeddable":true,"href":"https:\/\/portalcapixaba.com\/index.php?rest_route=%2Fwp%2Fv2%2Ftags&post=14412"}],"curies":[{"name":"wp","href":"https:\/\/api.w.org\/{rel}","templated":true}]}}