{"id":14418,"date":"2026-09-01T14:43:21","date_gmt":"2026-09-01T17:43:21","guid":{"rendered":"https:\/\/portalcapixaba.com\/?p=14418"},"modified":"2026-09-01T14:43:21","modified_gmt":"2026-09-01T17:43:21","slug":"semana-de-arte-da-ufes-volta-apos-22-anos-com-programacao-gratuita-no-parque-cultural-casa-do-governador","status":"publish","type":"post","link":"https:\/\/portalcapixaba.com\/?p=14418","title":{"rendered":"Semana de Arte da Ufes volta ap\u00f3s 22 anos com programa\u00e7\u00e3o gratuita no Parque Cultural Casa do Governador"},"content":{"rendered":"<div><\/div>\n<div><i>Criada em 1974 como o primeiro projeto de extens\u00e3o da Ufes, a iniciativa estava fora da agenda desde 2004 e ser\u00e1 realizada entre os dias 16 e 20 de setembro<\/i><\/div>\n<div><\/div>\n<div>Um dos mais importantes projetos de extens\u00e3o da Universidade Federal do Esp\u00edrito Santo (Ufes) volta a integrar a agenda cultural capixaba. Criada em 1974, a Semana de Arte foi o primeiro projeto de extens\u00e3o a ser realizado na Ufes e teve sua \u00faltima edi\u00e7\u00e3o em 2004. Passados 22 anos, o evento retorna em uma edi\u00e7\u00e3o especial e chega, pela primeira vez, ao Parque Cultural Casa do Governador, em Vila Velha, fruto de uma parceria entre o Centro de Artes da Ufes e o Parque.<\/div>\n<div><\/div>\n<div>De 16 a 20 de setembro, o Parque recebe uma programa\u00e7\u00e3o gratuita, com oficinas em diferentes linguagens art\u00edsticas, Ciclo de Forma\u00e7\u00e3o, apresenta\u00e7\u00f5es musicais e uma homenagem ao professor e artista Marcos Martins.<\/div>\n<div><\/div>\n<div>O acesso \u00e9 gratuito, e as informa\u00e7\u00f5es para a retirada de ingresso e inscri\u00e7\u00f5es nas oficinas ser\u00e3o divulgadas em breve.<\/div>\n<div><\/div>\n<div><b>Tradi\u00e7\u00e3o<\/b><\/div>\n<div><\/div>\n<div>Realizada inicialmente no munic\u00edpio de S\u00e3o Mateus, a Semana de Arte teve como eixo principal, desde o princ\u00edpio, oficinas ministradas por docentes do Centro de Artes, com experi\u00eancias formativas em diferentes linguagens art\u00edsticas. Ao longo das d\u00e9cadas, o evento se consolidou como o principal projeto promovido pelo Centro de Artes, sendo expandido para outros munic\u00edpios como Santa Teresa, Viana e Aracruz, tornando-se refer\u00eancia na forma\u00e7\u00e3o art\u00edstica e na difus\u00e3o cultural no Esp\u00edrito Santo.<\/div>\n<div><\/div>\n<div>A \u00faltima edi\u00e7\u00e3o antes da pausa ocorreu em 2004, realizada no munic\u00edpio de Aracruz, em comemora\u00e7\u00e3o aos 30 anos da Semana de Arte. Passadas mais de duas d\u00e9cadas, o evento retorna em 2026 renovado, preservando os princ\u00edpios que marcaram sua trajet\u00f3ria e ampliando o alcance por meio da parceria com o Parque Cultural Casa do Governador.<\/div>\n<div><\/div>\n<div>Ao reunir a tradi\u00e7\u00e3o extensionista da universidade a um dos mais relevantes espa\u00e7os p\u00fablicos dedicados \u00e0 arte no estado, a retomada da Semana de Arte projeta o evento para uma nova etapa de sua trajet\u00f3ria e amplia as possibilidades de forma\u00e7\u00e3o, difus\u00e3o art\u00edstica e participa\u00e7\u00e3o social.<\/div>\n<div><\/div>\n<div>\u201cDesde sua origem, a Semana de Arte teve como prop\u00f3sito aproximar a universidade da comunidade por meio da arte, promovendo o interc\u00e2mbio entre professores, estudantes, artistas e p\u00fablico e oferecendo experi\u00eancias formativas em diferentes linguagens art\u00edsticas. A edi\u00e7\u00e3o de 2026 marca, portanto, um momento simb\u00f3lico de reencontro com essa trajet\u00f3ria. Mais do que retomar uma programa\u00e7\u00e3o cultural, a Semana de Arte representa uma oportunidade de resgatar a mem\u00f3ria institucional, reconhecer as diferentes gera\u00e7\u00f5es que contribu\u00edram para a constru\u00e7\u00e3o do Centro de Artes e reafirmar o compromisso da universidade p\u00fablica com a democratiza\u00e7\u00e3o do acesso \u00e0 cultura e ao conhecimento\u201d, pontua Larissa Zanin, diretora do Centro de Artes da Ufes.<\/div>\n<div><\/div>\n<div><b>Retomada<\/b><\/div>\n<div><\/div>\n<div>A chegada da Semana de Arte ao Parque Cultural Casa do Governador marca a retomada de um projeto que estava fora de circula\u00e7\u00e3o h\u00e1 mais de 20 anos. Para Mirella Schena, gestora e coordenadora art\u00edstico-cultural do Parque, a parceria com a Ufes amplia o alcance da programa\u00e7\u00e3o cultural oferecida ao p\u00fablico.<\/div>\n<div><\/div>\n<div>&#8220;Ap\u00f3s mais de duas d\u00e9cadas, a retomada deste projeto hist\u00f3rico reconecta o p\u00fablico a uma trajet\u00f3ria de forma\u00e7\u00e3o e difus\u00e3o art\u00edstica constru\u00edda pelo Centro de Artes da Universidade Federal do Esp\u00edrito Santo. Por isso, \u00e9 uma honra receber a Semana de Arte no Parque Cultural Casa do Governador, fortalecendo nossa parceria com a Ufes. \u00c9 um evento que promove o encontro direto entre docentes, estudantes, artistas e a comunidade. A programa\u00e7\u00e3o, diversificada e gratuita, amplia esse alcance ao reunir desde oficinas em variadas linguagens at\u00e9 atra\u00e7\u00f5es culturais voltadas a todos os p\u00fablicos&#8221;.<\/div>\n<div><\/div>\n<div><b>Programa\u00e7\u00e3o<\/b><\/div>\n<div><\/div>\n<div>A Semana de Arte ter\u00e1 uma programa\u00e7\u00e3o intensa em seus cinco dias. No primeiro dia um dos destaques \u00e9 uma mesa com o artista Jos\u00e9 Carlos Vilar, um dos idealizadores da Semana de Arte nos anos 70, e a artista e professora Rosana Paste. O evento tamb\u00e9m recebe o Ciclo de Forma\u00e7\u00e3o, programa desenvolvido pela Escola Viva de Artes (EVA) do Parque, que promove uma agenda cont\u00ednua de pr\u00e1ticas, pesquisas e a\u00e7\u00f5es voltadas \u00e0 interface entre arte, educa\u00e7\u00e3o e meio ambiente.<\/div>\n<div><\/div>\n<div>A programa\u00e7\u00e3o re\u00fane ainda oficinas variadas, como produ\u00e7\u00e3o de pigmentos naturais e tingimento de tecidos, desenho de observa\u00e7\u00e3o bot\u00e2nica, encaderna\u00e7\u00e3o artesanal, gravura alternativa, cianotipia e modelagem escult\u00f3rica, al\u00e9m de outras atividades.<\/div>\n<div><\/div>\n<div>O evento ter\u00e1 ainda a realiza\u00e7\u00e3o de uma edi\u00e7\u00e3o do CantarES, considerado o maior encontro de corais do Esp\u00edrito Santo. Haver\u00e1 tamb\u00e9m uma programa\u00e7\u00e3o de shows e apresenta\u00e7\u00f5es musicais, com atra\u00e7\u00f5es que ser\u00e3o divulgadas em breve.<\/div>\n<div><\/div>\n<div><b>Servi\u00e7o<\/b><\/div>\n<div><i>Semana de Arte<\/i><\/div>\n<div><\/div>\n<div><b>Local:\u00a0<\/b>Parque Cultural Casa do Governador, rua Santa Luzia, s\/n, Praia da Costa, Vila Velha (ES)<\/div>\n<div><b>Data:<\/b>\u00a016 a 20 de setembro (quarta a domingo)<\/div>\n<div>Entrada gratuita. Programa\u00e7\u00e3o e informa\u00e7\u00f5es sobre a retirada de ingressos em breve<\/div>\n<div><\/div>\n<div><b>Sobre o Parque Cultural Casa do Governador<\/b><\/div>\n<div><\/div>\n<div>Inaugurado em maio de 2022, o Parque Cultural Casa do Governador est\u00e1 localizado na Resid\u00eancia Oficial do Governo do Estado e apresenta uma vasta programa\u00e7\u00e3o estruturada em tr\u00eas eixos complementares: arte, sustentabilidade e educa\u00e7\u00e3o.<\/div>\n<div><\/div>\n<div>Foi concebido como um espa\u00e7o dedicado \u00e0 valoriza\u00e7\u00e3o da produ\u00e7\u00e3o cultural local e reconhecido como a maior galeria de arte ao ar livre do Esp\u00edrito Santo, com um acervo de 30 obras, incluindo esculturas, instala\u00e7\u00f5es e projetos espec\u00edficos para o lugar.<\/div>\n<div><\/div>\n<div>Com uma \u00e1rea de 93 mil metros quadrados, o Parque \u00e9 gerido pelas Secretarias da Cultura (Secult) e do Governo (SEG), por meio do Instituto ArteCidadania (IAC).<\/div>\n<div><\/div>\n<div>Aberto gratuitamente ao p\u00fablico de ter\u00e7a a s\u00e1bado, das 8h \u00e0s 17h, e aos domingos, das 8h \u00e0s 15h, promove uma intera\u00e7\u00e3o \u00fanica entre arte contempor\u00e2nea, natureza e atividades educativas.<\/div>\n<div><\/div>\n<div>Conta com patroc\u00ednio da EDP, da Vale, da Shell, do Ita\u00fa e do Banestes, esses por meio da Lei Federal de Incentivo \u00e0 Cultura, e tamb\u00e9m da ArcelorMittal.<\/div>\n","protected":false},"excerpt":{"rendered":"<p>Criada em 1974 como o primeiro projeto de extens\u00e3o da Ufes, a iniciativa estava fora da agenda desde 2004 e ser\u00e1 realizada entre os dias 16 e 20 de setembro Um dos mais importantes projetos de extens\u00e3o da Universidade Federal do Esp\u00edrito Santo (Ufes) volta a integrar a agenda cultural capixaba. Criada em 1974, a [&hellip;]<\/p>\n","protected":false},"author":3,"featured_media":14419,"comment_status":"open","ping_status":"open","sticky":false,"template":"","format":"standard","meta":{"om_disable_all_campaigns":false,"_monsterinsights_skip_tracking":false,"_monsterinsights_sitenote_active":false,"_monsterinsights_sitenote_note":"","_monsterinsights_sitenote_category":0,"footnotes":""},"categories":[51],"tags":[],"class_list":["post-14418","post","type-post","status-publish","format-standard","has-post-thumbnail","hentry","category-cultura-e-saude"],"yoast_head":"<!-- This site is optimized with the Yoast SEO Premium plugin v21.9 (Yoast SEO v27.8) - https:\/\/yoast.com\/product\/yoast-seo-premium-wordpress\/ -->\n<title>Semana de Arte da Ufes volta ap\u00f3s 22 anos com programa\u00e7\u00e3o gratuita no Parque Cultural Casa do Governador - Portal Capixaba<\/title>\n<meta name=\"description\" content=\"Criada em 1974 como o primeiro projeto de extens\u00e3o da Ufes, a iniciativa estava fora da agenda desde 2004 e ser\u00e1 realizada entre os dias 16 e 20 de setembro\" \/>\n<meta name=\"robots\" content=\"index, follow, max-snippet:-1, max-image-preview:large, max-video-preview:-1\" \/>\n<link rel=\"canonical\" href=\"https:\/\/portalcapixaba.com\/?p=14418\" \/>\n<meta property=\"og:locale\" content=\"pt_BR\" \/>\n<meta property=\"og:type\" content=\"article\" \/>\n<meta property=\"og:title\" content=\"Semana de Arte da Ufes volta ap\u00f3s 22 anos com programa\u00e7\u00e3o gratuita no Parque Cultural Casa do Governador\" \/>\n<meta property=\"og:description\" content=\"Criada em 1974 como o primeiro projeto de extens\u00e3o da Ufes, a iniciativa estava fora da agenda desde 2004 e ser\u00e1 realizada entre os dias 16 e 20 de setembro\" \/>\n<meta property=\"og:url\" content=\"https:\/\/portalcapixaba.com\/?p=14418\" \/>\n<meta property=\"og:site_name\" content=\"Portal Capixaba\" \/>\n<meta property=\"article:published_time\" content=\"2026-09-01T17:43:21+00:00\" \/>\n<meta property=\"og:image\" content=\"https:\/\/portalcapixaba.com\/wp-content\/uploads\/2026\/09\/Cartaz-Semana-de-Arte-2026-scaled.png\" \/>\n\t<meta property=\"og:image:width\" content=\"2048\" \/>\n\t<meta property=\"og:image:height\" content=\"2560\" \/>\n\t<meta property=\"og:image:type\" content=\"image\/png\" \/>\n<meta name=\"author\" content=\"jane boldt\" \/>\n<meta name=\"twitter:card\" content=\"summary_large_image\" \/>\n<meta name=\"twitter:label1\" content=\"Escrito por\" \/>\n\t<meta name=\"twitter:data1\" content=\"jane boldt\" \/>\n\t<meta name=\"twitter:label2\" content=\"Est. tempo de leitura\" \/>\n\t<meta name=\"twitter:data2\" content=\"6 minutos\" \/>\n<script type=\"application\/ld+json\" class=\"yoast-schema-graph\">{\"@context\":\"https:\\\/\\\/schema.org\",\"@graph\":[{\"@type\":[\"Article\",\"NewsArticle\"],\"@id\":\"https:\\\/\\\/portalcapixaba.com\\\/?p=14418#article\",\"isPartOf\":{\"@id\":\"https:\\\/\\\/portalcapixaba.com\\\/?p=14418\"},\"author\":{\"name\":\"jane boldt\",\"@id\":\"https:\\\/\\\/portalcapixaba.com\\\/#\\\/schema\\\/person\\\/bcd337770ede8facc9d17a424328bf4b\"},\"headline\":\"Semana de Arte da Ufes volta ap\u00f3s 22 anos com programa\u00e7\u00e3o gratuita no Parque Cultural Casa do Governador\",\"datePublished\":\"2026-09-01T17:43:21+00:00\",\"mainEntityOfPage\":{\"@id\":\"https:\\\/\\\/portalcapixaba.com\\\/?p=14418\"},\"wordCount\":1058,\"commentCount\":0,\"image\":{\"@id\":\"https:\\\/\\\/portalcapixaba.com\\\/?p=14418#primaryimage\"},\"thumbnailUrl\":\"https:\\\/\\\/portalcapixaba.com\\\/wp-content\\\/uploads\\\/2026\\\/09\\\/Cartaz-Semana-de-Arte-2026-scaled.png\",\"articleSection\":[\"Cultura e Sa\u00fade\"],\"inLanguage\":\"pt-BR\",\"potentialAction\":[{\"@type\":\"CommentAction\",\"name\":\"Comment\",\"target\":[\"https:\\\/\\\/portalcapixaba.com\\\/?p=14418#respond\"]}],\"copyrightYear\":\"2026\",\"copyrightHolder\":{\"@id\":\"https:\\\/\\\/portalcapixaba.com\\\/#organization\"}},{\"@type\":\"WebPage\",\"@id\":\"https:\\\/\\\/portalcapixaba.com\\\/?p=14418\",\"url\":\"https:\\\/\\\/portalcapixaba.com\\\/?p=14418\",\"name\":\"Semana de Arte da Ufes volta ap\u00f3s 22 anos com programa\u00e7\u00e3o gratuita no Parque Cultural Casa do Governador - Portal Capixaba\",\"isPartOf\":{\"@id\":\"https:\\\/\\\/portalcapixaba.com\\\/#website\"},\"primaryImageOfPage\":{\"@id\":\"https:\\\/\\\/portalcapixaba.com\\\/?p=14418#primaryimage\"},\"image\":{\"@id\":\"https:\\\/\\\/portalcapixaba.com\\\/?p=14418#primaryimage\"},\"thumbnailUrl\":\"https:\\\/\\\/portalcapixaba.com\\\/wp-content\\\/uploads\\\/2026\\\/09\\\/Cartaz-Semana-de-Arte-2026-scaled.png\",\"datePublished\":\"2026-09-01T17:43:21+00:00\",\"author\":{\"@id\":\"https:\\\/\\\/portalcapixaba.com\\\/#\\\/schema\\\/person\\\/bcd337770ede8facc9d17a424328bf4b\"},\"description\":\"Criada em 1974 como o primeiro projeto de extens\u00e3o da Ufes, a iniciativa estava fora da agenda desde 2004 e ser\u00e1 realizada entre os dias 16 e 20 de setembro\",\"breadcrumb\":{\"@id\":\"https:\\\/\\\/portalcapixaba.com\\\/?p=14418#breadcrumb\"},\"inLanguage\":\"pt-BR\",\"potentialAction\":[{\"@type\":\"ReadAction\",\"target\":[\"https:\\\/\\\/portalcapixaba.com\\\/?p=14418\"]}]},{\"@type\":\"ImageObject\",\"inLanguage\":\"pt-BR\",\"@id\":\"https:\\\/\\\/portalcapixaba.com\\\/?p=14418#primaryimage\",\"url\":\"https:\\\/\\\/portalcapixaba.com\\\/wp-content\\\/uploads\\\/2026\\\/09\\\/Cartaz-Semana-de-Arte-2026-scaled.png\",\"contentUrl\":\"https:\\\/\\\/portalcapixaba.com\\\/wp-content\\\/uploads\\\/2026\\\/09\\\/Cartaz-Semana-de-Arte-2026-scaled.png\",\"width\":2048,\"height\":2560},{\"@type\":\"BreadcrumbList\",\"@id\":\"https:\\\/\\\/portalcapixaba.com\\\/?p=14418#breadcrumb\",\"itemListElement\":[{\"@type\":\"ListItem\",\"position\":1,\"name\":\"Home\",\"item\":\"https:\\\/\\\/portalcapixaba.com\\\/\"},{\"@type\":\"ListItem\",\"position\":2,\"name\":\"Semana de Arte da Ufes volta ap\u00f3s 22 anos com programa\u00e7\u00e3o gratuita no Parque Cultural Casa do Governador\"}]},{\"@type\":\"WebSite\",\"@id\":\"https:\\\/\\\/portalcapixaba.com\\\/#website\",\"url\":\"https:\\\/\\\/portalcapixaba.com\\\/\",\"name\":\"Portal Capixaba\",\"description\":\"\",\"potentialAction\":[{\"@type\":\"SearchAction\",\"target\":{\"@type\":\"EntryPoint\",\"urlTemplate\":\"https:\\\/\\\/portalcapixaba.com\\\/?s={search_term_string}\"},\"query-input\":{\"@type\":\"PropertyValueSpecification\",\"valueRequired\":true,\"valueName\":\"search_term_string\"}}],\"inLanguage\":\"pt-BR\"},{\"@type\":\"Person\",\"@id\":\"https:\\\/\\\/portalcapixaba.com\\\/#\\\/schema\\\/person\\\/bcd337770ede8facc9d17a424328bf4b\",\"name\":\"jane boldt\",\"image\":{\"@type\":\"ImageObject\",\"inLanguage\":\"pt-BR\",\"@id\":\"https:\\\/\\\/secure.gravatar.com\\\/avatar\\\/0c30036a196ee4fe42305219849d553f713d275a5d9eddafc5bc93dc51582d78?s=96&d=mm&r=g\",\"url\":\"https:\\\/\\\/secure.gravatar.com\\\/avatar\\\/0c30036a196ee4fe42305219849d553f713d275a5d9eddafc5bc93dc51582d78?s=96&d=mm&r=g\",\"contentUrl\":\"https:\\\/\\\/secure.gravatar.com\\\/avatar\\\/0c30036a196ee4fe42305219849d553f713d275a5d9eddafc5bc93dc51582d78?s=96&d=mm&r=g\",\"caption\":\"jane boldt\"},\"sameAs\":[\"http:\\\/\\\/portalcapixaba.com.br\"],\"url\":\"https:\\\/\\\/portalcapixaba.com\\\/?author=3\"}]}<\/script>\n<!-- \/ Yoast SEO Premium plugin. -->","yoast_head_json":{"title":"Semana de Arte da Ufes volta ap\u00f3s 22 anos com programa\u00e7\u00e3o gratuita no Parque Cultural Casa do Governador - Portal Capixaba","description":"Criada em 1974 como o primeiro projeto de extens\u00e3o da Ufes, a iniciativa estava fora da agenda desde 2004 e ser\u00e1 realizada entre os dias 16 e 20 de setembro","robots":{"index":"index","follow":"follow","max-snippet":"max-snippet:-1","max-image-preview":"max-image-preview:large","max-video-preview":"max-video-preview:-1"},"canonical":"https:\/\/portalcapixaba.com\/?p=14418","og_locale":"pt_BR","og_type":"article","og_title":"Semana de Arte da Ufes volta ap\u00f3s 22 anos com programa\u00e7\u00e3o gratuita no Parque Cultural Casa do Governador","og_description":"Criada em 1974 como o primeiro projeto de extens\u00e3o da Ufes, a iniciativa estava fora da agenda desde 2004 e ser\u00e1 realizada entre os dias 16 e 20 de setembro","og_url":"https:\/\/portalcapixaba.com\/?p=14418","og_site_name":"Portal Capixaba","article_published_time":"2026-09-01T17:43:21+00:00","og_image":[{"width":2048,"height":2560,"url":"https:\/\/portalcapixaba.com\/wp-content\/uploads\/2026\/09\/Cartaz-Semana-de-Arte-2026-scaled.png","type":"image\/png"}],"author":"jane boldt","twitter_card":"summary_large_image","twitter_misc":{"Escrito por":"jane boldt","Est. tempo de leitura":"6 minutos"},"schema":{"@context":"https:\/\/schema.org","@graph":[{"@type":["Article","NewsArticle"],"@id":"https:\/\/portalcapixaba.com\/?p=14418#article","isPartOf":{"@id":"https:\/\/portalcapixaba.com\/?p=14418"},"author":{"name":"jane boldt","@id":"https:\/\/portalcapixaba.com\/#\/schema\/person\/bcd337770ede8facc9d17a424328bf4b"},"headline":"Semana de Arte da Ufes volta ap\u00f3s 22 anos com programa\u00e7\u00e3o gratuita no Parque Cultural Casa do Governador","datePublished":"2026-09-01T17:43:21+00:00","mainEntityOfPage":{"@id":"https:\/\/portalcapixaba.com\/?p=14418"},"wordCount":1058,"commentCount":0,"image":{"@id":"https:\/\/portalcapixaba.com\/?p=14418#primaryimage"},"thumbnailUrl":"https:\/\/portalcapixaba.com\/wp-content\/uploads\/2026\/09\/Cartaz-Semana-de-Arte-2026-scaled.png","articleSection":["Cultura e Sa\u00fade"],"inLanguage":"pt-BR","potentialAction":[{"@type":"CommentAction","name":"Comment","target":["https:\/\/portalcapixaba.com\/?p=14418#respond"]}],"copyrightYear":"2026","copyrightHolder":{"@id":"https:\/\/portalcapixaba.com\/#organization"}},{"@type":"WebPage","@id":"https:\/\/portalcapixaba.com\/?p=14418","url":"https:\/\/portalcapixaba.com\/?p=14418","name":"Semana de Arte da Ufes volta ap\u00f3s 22 anos com programa\u00e7\u00e3o gratuita no Parque Cultural Casa do Governador - Portal Capixaba","isPartOf":{"@id":"https:\/\/portalcapixaba.com\/#website"},"primaryImageOfPage":{"@id":"https:\/\/portalcapixaba.com\/?p=14418#primaryimage"},"image":{"@id":"https:\/\/portalcapixaba.com\/?p=14418#primaryimage"},"thumbnailUrl":"https:\/\/portalcapixaba.com\/wp-content\/uploads\/2026\/09\/Cartaz-Semana-de-Arte-2026-scaled.png","datePublished":"2026-09-01T17:43:21+00:00","author":{"@id":"https:\/\/portalcapixaba.com\/#\/schema\/person\/bcd337770ede8facc9d17a424328bf4b"},"description":"Criada em 1974 como o primeiro projeto de extens\u00e3o da Ufes, a iniciativa estava fora da agenda desde 2004 e ser\u00e1 realizada entre os dias 16 e 20 de setembro","breadcrumb":{"@id":"https:\/\/portalcapixaba.com\/?p=14418#breadcrumb"},"inLanguage":"pt-BR","potentialAction":[{"@type":"ReadAction","target":["https:\/\/portalcapixaba.com\/?p=14418"]}]},{"@type":"ImageObject","inLanguage":"pt-BR","@id":"https:\/\/portalcapixaba.com\/?p=14418#primaryimage","url":"https:\/\/portalcapixaba.com\/wp-content\/uploads\/2026\/09\/Cartaz-Semana-de-Arte-2026-scaled.png","contentUrl":"https:\/\/portalcapixaba.com\/wp-content\/uploads\/2026\/09\/Cartaz-Semana-de-Arte-2026-scaled.png","width":2048,"height":2560},{"@type":"BreadcrumbList","@id":"https:\/\/portalcapixaba.com\/?p=14418#breadcrumb","itemListElement":[{"@type":"ListItem","position":1,"name":"Home","item":"https:\/\/portalcapixaba.com\/"},{"@type":"ListItem","position":2,"name":"Semana de Arte da Ufes volta ap\u00f3s 22 anos com programa\u00e7\u00e3o gratuita no Parque Cultural Casa do Governador"}]},{"@type":"WebSite","@id":"https:\/\/portalcapixaba.com\/#website","url":"https:\/\/portalcapixaba.com\/","name":"Portal Capixaba","description":"","potentialAction":[{"@type":"SearchAction","target":{"@type":"EntryPoint","urlTemplate":"https:\/\/portalcapixaba.com\/?s={search_term_string}"},"query-input":{"@type":"PropertyValueSpecification","valueRequired":true,"valueName":"search_term_string"}}],"inLanguage":"pt-BR"},{"@type":"Person","@id":"https:\/\/portalcapixaba.com\/#\/schema\/person\/bcd337770ede8facc9d17a424328bf4b","name":"jane boldt","image":{"@type":"ImageObject","inLanguage":"pt-BR","@id":"https:\/\/secure.gravatar.com\/avatar\/0c30036a196ee4fe42305219849d553f713d275a5d9eddafc5bc93dc51582d78?s=96&d=mm&r=g","url":"https:\/\/secure.gravatar.com\/avatar\/0c30036a196ee4fe42305219849d553f713d275a5d9eddafc5bc93dc51582d78?s=96&d=mm&r=g","contentUrl":"https:\/\/secure.gravatar.com\/avatar\/0c30036a196ee4fe42305219849d553f713d275a5d9eddafc5bc93dc51582d78?s=96&d=mm&r=g","caption":"jane boldt"},"sameAs":["http:\/\/portalcapixaba.com.br"],"url":"https:\/\/portalcapixaba.com\/?author=3"}]}},"_links":{"self":[{"href":"https:\/\/portalcapixaba.com\/index.php?rest_route=\/wp\/v2\/posts\/14418","targetHints":{"allow":["GET"]}}],"collection":[{"href":"https:\/\/portalcapixaba.com\/index.php?rest_route=\/wp\/v2\/posts"}],"about":[{"href":"https:\/\/portalcapixaba.com\/index.php?rest_route=\/wp\/v2\/types\/post"}],"author":[{"embeddable":true,"href":"https:\/\/portalcapixaba.com\/index.php?rest_route=\/wp\/v2\/users\/3"}],"replies":[{"embeddable":true,"href":"https:\/\/portalcapixaba.com\/index.php?rest_route=%2Fwp%2Fv2%2Fcomments&post=14418"}],"version-history":[{"count":1,"href":"https:\/\/portalcapixaba.com\/index.php?rest_route=\/wp\/v2\/posts\/14418\/revisions"}],"predecessor-version":[{"id":14420,"href":"https:\/\/portalcapixaba.com\/index.php?rest_route=\/wp\/v2\/posts\/14418\/revisions\/14420"}],"wp:featuredmedia":[{"embeddable":true,"href":"https:\/\/portalcapixaba.com\/index.php?rest_route=\/wp\/v2\/media\/14419"}],"wp:attachment":[{"href":"https:\/\/portalcapixaba.com\/index.php?rest_route=%2Fwp%2Fv2%2Fmedia&parent=14418"}],"wp:term":[{"taxonomy":"category","embeddable":true,"href":"https:\/\/portalcapixaba.com\/index.php?rest_route=%2Fwp%2Fv2%2Fcategories&post=14418"},{"taxonomy":"post_tag","embeddable":true,"href":"https:\/\/portalcapixaba.com\/index.php?rest_route=%2Fwp%2Fv2%2Ftags&post=14418"}],"curies":[{"name":"wp","href":"https:\/\/api.w.org\/{rel}","templated":true}]}}