{"id":14421,"date":"2026-09-01T15:12:17","date_gmt":"2026-09-01T18:12:17","guid":{"rendered":"https:\/\/portalcapixaba.com\/?p=14421"},"modified":"2026-09-01T15:12:17","modified_gmt":"2026-09-01T18:12:17","slug":"projeto-digna-idade-completa-21-anos-de-atividades-em-cariacica","status":"publish","type":"post","link":"https:\/\/portalcapixaba.com\/?p=14421","title":{"rendered":"Projeto Digna Idade completa 21 anos de atividades em Cariacica"},"content":{"rendered":"<p style=\"font-weight: 400;\">\n<p style=\"font-weight: 400;\">O projeto Digna Idade, desenvolvido pela Simec Cariacica em parceria com o munic\u00edpio, completou em agosto 21 anos de atividades promovendo bem-estar, incentivo \u00e0 autonomia e est\u00edmulo \u00e0 mem\u00f3ria e \u00e0 conviv\u00eancia social de idosos. Em encontros semanais na Unidade B\u00e1sica de Sa\u00fade de Jardim Am\u00e9rica, pessoas da terceira idade participam, gratuitamente, de oficinas de artesanato, palestras orientativas e confraterniza\u00e7\u00f5es.<\/p>\n<p style=\"font-weight: 400;\">\n<p style=\"font-weight: 400;\">As atividades do grupo, que t\u00eam como foco contribuir para manter a capacidade funcional do idoso, proporcionando mais disposi\u00e7\u00e3o para as rotinas di\u00e1rias e independ\u00eancia na velhice, s\u00e3o realizadas por empregados volunt\u00e1rios da empresa e acontecem todas as quintas-feiras, das 8h30 \u00e0s 10h.<\/p>\n<p style=\"font-weight: 400;\">\n<p style=\"font-weight: 400;\">Maria Oswaldina Ara\u00fajo, de 82 anos de idade, que reside no bairro Vera Cruz, em Cariacica, e participa do projeto desde 2019, \u00e9 uma das frequentadoras mais ass\u00edduas e gosta, em especial, dos trabalhos de artesanato e pintura. Para ela, o Digna Idade significa companhia e divers\u00e3o.<\/p>\n<p style=\"font-weight: 400;\">\n<p style=\"font-weight: 400;\">H\u00e1 algum tempo, o filho demonstrou preocupa\u00e7\u00e3o com o seu deslocamento de \u00f4nibus, sozinha, e chegou a cogitar que n\u00e3o participasse mais dos encontros. A solu\u00e7\u00e3o veio de uma amiga mais nova, que tamb\u00e9m integra o projeto. \u201cEla sai da casa, passa na minha, e vamos juntas. Depois, sa\u00edmos da unidade de sa\u00fade e ela me deixa em casa. Isso \u00e9 companheirismo\u201d, afirmou.<\/p>\n<p style=\"font-weight: 400;\">\n<p style=\"font-weight: 400;\">Coordenadora da Unidade B\u00e1sica de Sa\u00fade de Jardim Am\u00e9rica, Alair Carneiro Sales destaca a import\u00e2ncia do projeto ao combater o isolamento social e a solid\u00e3o. \u201cO Digna Idade resgata a autoestima e promove o companheirismo e a fraternidade entre os participantes\u201d, disse, acrescentando que \u00e9 percept\u00edvel o quanto os idosos valorizam as amizades e t\u00eam respeito e carinho uns pelos outros.<\/p>\n<p style=\"font-weight: 400;\">Segundo o analista de Comunica\u00e7\u00e3o da Simec Cariacica, Giovani dos Santos Silva, o Digna Idade \u00e9 uma a\u00e7\u00e3o de responsabilidade social que mostra, ano a ano, o seu potencial transformador na vida dos participantes. \u201cTemos relatos de v\u00e1rios idosos sobre o quanto o projeto contribui para a sua autoestima, confian\u00e7a e alegria\u201d, afirma.<\/p>\n<p style=\"font-weight: 400;\">\n<p style=\"font-weight: 400;\">Para integrar o grupo, basta comparecer ao local no dia e hor\u00e1rio das reuni\u00f5es. O projeto conta atualmente com cerca de 40 idosos.<\/p>\n","protected":false},"excerpt":{"rendered":"<p>O projeto Digna Idade, desenvolvido pela Simec Cariacica em parceria com o munic\u00edpio, completou em agosto 21 anos de atividades promovendo bem-estar, incentivo \u00e0 autonomia e est\u00edmulo \u00e0 mem\u00f3ria e \u00e0 conviv\u00eancia social de idosos. Em encontros semanais na Unidade B\u00e1sica de Sa\u00fade de Jardim Am\u00e9rica, pessoas da terceira idade participam, gratuitamente, de oficinas de [&hellip;]<\/p>\n","protected":false},"author":3,"featured_media":14422,"comment_status":"open","ping_status":"open","sticky":false,"template":"","format":"standard","meta":{"om_disable_all_campaigns":false,"_monsterinsights_skip_tracking":false,"_monsterinsights_sitenote_active":false,"_monsterinsights_sitenote_note":"","_monsterinsights_sitenote_category":0,"footnotes":""},"categories":[50],"tags":[],"class_list":["post-14421","post","type-post","status-publish","format-standard","has-post-thumbnail","hentry","category-politica"],"yoast_head":"<!-- This site is optimized with the Yoast SEO Premium plugin v21.9 (Yoast SEO v27.8) - https:\/\/yoast.com\/product\/yoast-seo-premium-wordpress\/ -->\n<title>Projeto Digna Idade completa 21 anos de atividades em Cariacica - Portal Capixaba<\/title>\n<meta name=\"description\" content=\"O projeto Digna Idade, desenvolvido pela Simec Cariacica em parceria com o munic\u00edpio, completou em agosto 21 anos de atividades promovendo bem-estar, incentivo \u00e0 autonomia e est\u00edmulo \u00e0 mem\u00f3ria e \u00e0 conviv\u00eancia social de idosos. Em encontros semanais na Unidade B\u00e1sica de Sa\u00fade de Jardim Am\u00e9rica, pessoas da terceira idade participam, gratuitamente, de oficinas de artesanato, palestras orientativas e confraterniza\u00e7\u00f5es.\" \/>\n<meta name=\"robots\" content=\"index, follow, max-snippet:-1, max-image-preview:large, max-video-preview:-1\" \/>\n<link rel=\"canonical\" href=\"https:\/\/portalcapixaba.com\/?p=14421\" \/>\n<meta property=\"og:locale\" content=\"pt_BR\" \/>\n<meta property=\"og:type\" content=\"article\" \/>\n<meta property=\"og:title\" content=\"Projeto Digna Idade completa 21 anos de atividades em Cariacica\" \/>\n<meta property=\"og:description\" content=\"O projeto Digna Idade, desenvolvido pela Simec Cariacica em parceria com o munic\u00edpio, completou em agosto 21 anos de atividades promovendo bem-estar, incentivo \u00e0 autonomia e est\u00edmulo \u00e0 mem\u00f3ria e \u00e0 conviv\u00eancia social de idosos. Em encontros semanais na Unidade B\u00e1sica de Sa\u00fade de Jardim Am\u00e9rica, pessoas da terceira idade participam, gratuitamente, de oficinas de artesanato, palestras orientativas e confraterniza\u00e7\u00f5es.\" \/>\n<meta property=\"og:url\" content=\"https:\/\/portalcapixaba.com\/?p=14421\" \/>\n<meta property=\"og:site_name\" content=\"Portal Capixaba\" \/>\n<meta property=\"article:published_time\" content=\"2026-09-01T18:12:17+00:00\" \/>\n<meta property=\"og:image\" content=\"https:\/\/portalcapixaba.com\/wp-content\/uploads\/2026\/09\/Idosas-Atividades-Projeto-Digna-idade-01-scaled.jpeg\" \/>\n\t<meta property=\"og:image:width\" content=\"2560\" \/>\n\t<meta property=\"og:image:height\" content=\"1440\" \/>\n\t<meta property=\"og:image:type\" content=\"image\/jpeg\" \/>\n<meta name=\"author\" content=\"jane boldt\" \/>\n<meta name=\"twitter:card\" content=\"summary_large_image\" \/>\n<meta name=\"twitter:label1\" content=\"Escrito por\" \/>\n\t<meta name=\"twitter:data1\" content=\"jane boldt\" \/>\n\t<meta name=\"twitter:label2\" content=\"Est. tempo de leitura\" \/>\n\t<meta name=\"twitter:data2\" content=\"3 minutos\" \/>\n<script type=\"application\/ld+json\" class=\"yoast-schema-graph\">{\"@context\":\"https:\\\/\\\/schema.org\",\"@graph\":[{\"@type\":[\"Article\",\"NewsArticle\"],\"@id\":\"https:\\\/\\\/portalcapixaba.com\\\/?p=14421#article\",\"isPartOf\":{\"@id\":\"https:\\\/\\\/portalcapixaba.com\\\/?p=14421\"},\"author\":{\"name\":\"jane boldt\",\"@id\":\"https:\\\/\\\/portalcapixaba.com\\\/#\\\/schema\\\/person\\\/bcd337770ede8facc9d17a424328bf4b\"},\"headline\":\"Projeto Digna Idade completa 21 anos de atividades em Cariacica\",\"datePublished\":\"2026-09-01T18:12:17+00:00\",\"mainEntityOfPage\":{\"@id\":\"https:\\\/\\\/portalcapixaba.com\\\/?p=14421\"},\"wordCount\":384,\"commentCount\":0,\"image\":{\"@id\":\"https:\\\/\\\/portalcapixaba.com\\\/?p=14421#primaryimage\"},\"thumbnailUrl\":\"https:\\\/\\\/portalcapixaba.com\\\/wp-content\\\/uploads\\\/2026\\\/09\\\/Idosas-Atividades-Projeto-Digna-idade-01-scaled.jpeg\",\"articleSection\":[\"Pol\u00edtica\"],\"inLanguage\":\"pt-BR\",\"potentialAction\":[{\"@type\":\"CommentAction\",\"name\":\"Comment\",\"target\":[\"https:\\\/\\\/portalcapixaba.com\\\/?p=14421#respond\"]}],\"copyrightYear\":\"2026\",\"copyrightHolder\":{\"@id\":\"https:\\\/\\\/portalcapixaba.com\\\/#organization\"}},{\"@type\":\"WebPage\",\"@id\":\"https:\\\/\\\/portalcapixaba.com\\\/?p=14421\",\"url\":\"https:\\\/\\\/portalcapixaba.com\\\/?p=14421\",\"name\":\"Projeto Digna Idade completa 21 anos de atividades em Cariacica - Portal Capixaba\",\"isPartOf\":{\"@id\":\"https:\\\/\\\/portalcapixaba.com\\\/#website\"},\"primaryImageOfPage\":{\"@id\":\"https:\\\/\\\/portalcapixaba.com\\\/?p=14421#primaryimage\"},\"image\":{\"@id\":\"https:\\\/\\\/portalcapixaba.com\\\/?p=14421#primaryimage\"},\"thumbnailUrl\":\"https:\\\/\\\/portalcapixaba.com\\\/wp-content\\\/uploads\\\/2026\\\/09\\\/Idosas-Atividades-Projeto-Digna-idade-01-scaled.jpeg\",\"datePublished\":\"2026-09-01T18:12:17+00:00\",\"author\":{\"@id\":\"https:\\\/\\\/portalcapixaba.com\\\/#\\\/schema\\\/person\\\/bcd337770ede8facc9d17a424328bf4b\"},\"description\":\"O projeto Digna Idade, desenvolvido pela Simec Cariacica em parceria com o munic\u00edpio, completou em agosto 21 anos de atividades promovendo bem-estar, incentivo \u00e0 autonomia e est\u00edmulo \u00e0 mem\u00f3ria e \u00e0 conviv\u00eancia social de idosos. Em encontros semanais na Unidade B\u00e1sica de Sa\u00fade de Jardim Am\u00e9rica, pessoas da terceira idade participam, gratuitamente, de oficinas de artesanato, palestras orientativas e confraterniza\u00e7\u00f5es.\",\"breadcrumb\":{\"@id\":\"https:\\\/\\\/portalcapixaba.com\\\/?p=14421#breadcrumb\"},\"inLanguage\":\"pt-BR\",\"potentialAction\":[{\"@type\":\"ReadAction\",\"target\":[\"https:\\\/\\\/portalcapixaba.com\\\/?p=14421\"]}]},{\"@type\":\"ImageObject\",\"inLanguage\":\"pt-BR\",\"@id\":\"https:\\\/\\\/portalcapixaba.com\\\/?p=14421#primaryimage\",\"url\":\"https:\\\/\\\/portalcapixaba.com\\\/wp-content\\\/uploads\\\/2026\\\/09\\\/Idosas-Atividades-Projeto-Digna-idade-01-scaled.jpeg\",\"contentUrl\":\"https:\\\/\\\/portalcapixaba.com\\\/wp-content\\\/uploads\\\/2026\\\/09\\\/Idosas-Atividades-Projeto-Digna-idade-01-scaled.jpeg\",\"width\":2560,\"height\":1440},{\"@type\":\"BreadcrumbList\",\"@id\":\"https:\\\/\\\/portalcapixaba.com\\\/?p=14421#breadcrumb\",\"itemListElement\":[{\"@type\":\"ListItem\",\"position\":1,\"name\":\"Home\",\"item\":\"https:\\\/\\\/portalcapixaba.com\\\/\"},{\"@type\":\"ListItem\",\"position\":2,\"name\":\"Projeto Digna Idade completa 21 anos de atividades em Cariacica\"}]},{\"@type\":\"WebSite\",\"@id\":\"https:\\\/\\\/portalcapixaba.com\\\/#website\",\"url\":\"https:\\\/\\\/portalcapixaba.com\\\/\",\"name\":\"Portal Capixaba\",\"description\":\"\",\"potentialAction\":[{\"@type\":\"SearchAction\",\"target\":{\"@type\":\"EntryPoint\",\"urlTemplate\":\"https:\\\/\\\/portalcapixaba.com\\\/?s={search_term_string}\"},\"query-input\":{\"@type\":\"PropertyValueSpecification\",\"valueRequired\":true,\"valueName\":\"search_term_string\"}}],\"inLanguage\":\"pt-BR\"},{\"@type\":\"Person\",\"@id\":\"https:\\\/\\\/portalcapixaba.com\\\/#\\\/schema\\\/person\\\/bcd337770ede8facc9d17a424328bf4b\",\"name\":\"jane boldt\",\"image\":{\"@type\":\"ImageObject\",\"inLanguage\":\"pt-BR\",\"@id\":\"https:\\\/\\\/secure.gravatar.com\\\/avatar\\\/0c30036a196ee4fe42305219849d553f713d275a5d9eddafc5bc93dc51582d78?s=96&d=mm&r=g\",\"url\":\"https:\\\/\\\/secure.gravatar.com\\\/avatar\\\/0c30036a196ee4fe42305219849d553f713d275a5d9eddafc5bc93dc51582d78?s=96&d=mm&r=g\",\"contentUrl\":\"https:\\\/\\\/secure.gravatar.com\\\/avatar\\\/0c30036a196ee4fe42305219849d553f713d275a5d9eddafc5bc93dc51582d78?s=96&d=mm&r=g\",\"caption\":\"jane boldt\"},\"sameAs\":[\"http:\\\/\\\/portalcapixaba.com.br\"],\"url\":\"https:\\\/\\\/portalcapixaba.com\\\/?author=3\"}]}<\/script>\n<!-- \/ Yoast SEO Premium plugin. -->","yoast_head_json":{"title":"Projeto Digna Idade completa 21 anos de atividades em Cariacica - Portal Capixaba","description":"O projeto Digna Idade, desenvolvido pela Simec Cariacica em parceria com o munic\u00edpio, completou em agosto 21 anos de atividades promovendo bem-estar, incentivo \u00e0 autonomia e est\u00edmulo \u00e0 mem\u00f3ria e \u00e0 conviv\u00eancia social de idosos. Em encontros semanais na Unidade B\u00e1sica de Sa\u00fade de Jardim Am\u00e9rica, pessoas da terceira idade participam, gratuitamente, de oficinas de artesanato, palestras orientativas e confraterniza\u00e7\u00f5es.","robots":{"index":"index","follow":"follow","max-snippet":"max-snippet:-1","max-image-preview":"max-image-preview:large","max-video-preview":"max-video-preview:-1"},"canonical":"https:\/\/portalcapixaba.com\/?p=14421","og_locale":"pt_BR","og_type":"article","og_title":"Projeto Digna Idade completa 21 anos de atividades em Cariacica","og_description":"O projeto Digna Idade, desenvolvido pela Simec Cariacica em parceria com o munic\u00edpio, completou em agosto 21 anos de atividades promovendo bem-estar, incentivo \u00e0 autonomia e est\u00edmulo \u00e0 mem\u00f3ria e \u00e0 conviv\u00eancia social de idosos. Em encontros semanais na Unidade B\u00e1sica de Sa\u00fade de Jardim Am\u00e9rica, pessoas da terceira idade participam, gratuitamente, de oficinas de artesanato, palestras orientativas e confraterniza\u00e7\u00f5es.","og_url":"https:\/\/portalcapixaba.com\/?p=14421","og_site_name":"Portal Capixaba","article_published_time":"2026-09-01T18:12:17+00:00","og_image":[{"width":2560,"height":1440,"url":"https:\/\/portalcapixaba.com\/wp-content\/uploads\/2026\/09\/Idosas-Atividades-Projeto-Digna-idade-01-scaled.jpeg","type":"image\/jpeg"}],"author":"jane boldt","twitter_card":"summary_large_image","twitter_misc":{"Escrito por":"jane boldt","Est. tempo de leitura":"3 minutos"},"schema":{"@context":"https:\/\/schema.org","@graph":[{"@type":["Article","NewsArticle"],"@id":"https:\/\/portalcapixaba.com\/?p=14421#article","isPartOf":{"@id":"https:\/\/portalcapixaba.com\/?p=14421"},"author":{"name":"jane boldt","@id":"https:\/\/portalcapixaba.com\/#\/schema\/person\/bcd337770ede8facc9d17a424328bf4b"},"headline":"Projeto Digna Idade completa 21 anos de atividades em Cariacica","datePublished":"2026-09-01T18:12:17+00:00","mainEntityOfPage":{"@id":"https:\/\/portalcapixaba.com\/?p=14421"},"wordCount":384,"commentCount":0,"image":{"@id":"https:\/\/portalcapixaba.com\/?p=14421#primaryimage"},"thumbnailUrl":"https:\/\/portalcapixaba.com\/wp-content\/uploads\/2026\/09\/Idosas-Atividades-Projeto-Digna-idade-01-scaled.jpeg","articleSection":["Pol\u00edtica"],"inLanguage":"pt-BR","potentialAction":[{"@type":"CommentAction","name":"Comment","target":["https:\/\/portalcapixaba.com\/?p=14421#respond"]}],"copyrightYear":"2026","copyrightHolder":{"@id":"https:\/\/portalcapixaba.com\/#organization"}},{"@type":"WebPage","@id":"https:\/\/portalcapixaba.com\/?p=14421","url":"https:\/\/portalcapixaba.com\/?p=14421","name":"Projeto Digna Idade completa 21 anos de atividades em Cariacica - Portal Capixaba","isPartOf":{"@id":"https:\/\/portalcapixaba.com\/#website"},"primaryImageOfPage":{"@id":"https:\/\/portalcapixaba.com\/?p=14421#primaryimage"},"image":{"@id":"https:\/\/portalcapixaba.com\/?p=14421#primaryimage"},"thumbnailUrl":"https:\/\/portalcapixaba.com\/wp-content\/uploads\/2026\/09\/Idosas-Atividades-Projeto-Digna-idade-01-scaled.jpeg","datePublished":"2026-09-01T18:12:17+00:00","author":{"@id":"https:\/\/portalcapixaba.com\/#\/schema\/person\/bcd337770ede8facc9d17a424328bf4b"},"description":"O projeto Digna Idade, desenvolvido pela Simec Cariacica em parceria com o munic\u00edpio, completou em agosto 21 anos de atividades promovendo bem-estar, incentivo \u00e0 autonomia e est\u00edmulo \u00e0 mem\u00f3ria e \u00e0 conviv\u00eancia social de idosos. Em encontros semanais na Unidade B\u00e1sica de Sa\u00fade de Jardim Am\u00e9rica, pessoas da terceira idade participam, gratuitamente, de oficinas de artesanato, palestras orientativas e confraterniza\u00e7\u00f5es.","breadcrumb":{"@id":"https:\/\/portalcapixaba.com\/?p=14421#breadcrumb"},"inLanguage":"pt-BR","potentialAction":[{"@type":"ReadAction","target":["https:\/\/portalcapixaba.com\/?p=14421"]}]},{"@type":"ImageObject","inLanguage":"pt-BR","@id":"https:\/\/portalcapixaba.com\/?p=14421#primaryimage","url":"https:\/\/portalcapixaba.com\/wp-content\/uploads\/2026\/09\/Idosas-Atividades-Projeto-Digna-idade-01-scaled.jpeg","contentUrl":"https:\/\/portalcapixaba.com\/wp-content\/uploads\/2026\/09\/Idosas-Atividades-Projeto-Digna-idade-01-scaled.jpeg","width":2560,"height":1440},{"@type":"BreadcrumbList","@id":"https:\/\/portalcapixaba.com\/?p=14421#breadcrumb","itemListElement":[{"@type":"ListItem","position":1,"name":"Home","item":"https:\/\/portalcapixaba.com\/"},{"@type":"ListItem","position":2,"name":"Projeto Digna Idade completa 21 anos de atividades em Cariacica"}]},{"@type":"WebSite","@id":"https:\/\/portalcapixaba.com\/#website","url":"https:\/\/portalcapixaba.com\/","name":"Portal Capixaba","description":"","potentialAction":[{"@type":"SearchAction","target":{"@type":"EntryPoint","urlTemplate":"https:\/\/portalcapixaba.com\/?s={search_term_string}"},"query-input":{"@type":"PropertyValueSpecification","valueRequired":true,"valueName":"search_term_string"}}],"inLanguage":"pt-BR"},{"@type":"Person","@id":"https:\/\/portalcapixaba.com\/#\/schema\/person\/bcd337770ede8facc9d17a424328bf4b","name":"jane boldt","image":{"@type":"ImageObject","inLanguage":"pt-BR","@id":"https:\/\/secure.gravatar.com\/avatar\/0c30036a196ee4fe42305219849d553f713d275a5d9eddafc5bc93dc51582d78?s=96&d=mm&r=g","url":"https:\/\/secure.gravatar.com\/avatar\/0c30036a196ee4fe42305219849d553f713d275a5d9eddafc5bc93dc51582d78?s=96&d=mm&r=g","contentUrl":"https:\/\/secure.gravatar.com\/avatar\/0c30036a196ee4fe42305219849d553f713d275a5d9eddafc5bc93dc51582d78?s=96&d=mm&r=g","caption":"jane boldt"},"sameAs":["http:\/\/portalcapixaba.com.br"],"url":"https:\/\/portalcapixaba.com\/?author=3"}]}},"_links":{"self":[{"href":"https:\/\/portalcapixaba.com\/index.php?rest_route=\/wp\/v2\/posts\/14421","targetHints":{"allow":["GET"]}}],"collection":[{"href":"https:\/\/portalcapixaba.com\/index.php?rest_route=\/wp\/v2\/posts"}],"about":[{"href":"https:\/\/portalcapixaba.com\/index.php?rest_route=\/wp\/v2\/types\/post"}],"author":[{"embeddable":true,"href":"https:\/\/portalcapixaba.com\/index.php?rest_route=\/wp\/v2\/users\/3"}],"replies":[{"embeddable":true,"href":"https:\/\/portalcapixaba.com\/index.php?rest_route=%2Fwp%2Fv2%2Fcomments&post=14421"}],"version-history":[{"count":1,"href":"https:\/\/portalcapixaba.com\/index.php?rest_route=\/wp\/v2\/posts\/14421\/revisions"}],"predecessor-version":[{"id":14423,"href":"https:\/\/portalcapixaba.com\/index.php?rest_route=\/wp\/v2\/posts\/14421\/revisions\/14423"}],"wp:featuredmedia":[{"embeddable":true,"href":"https:\/\/portalcapixaba.com\/index.php?rest_route=\/wp\/v2\/media\/14422"}],"wp:attachment":[{"href":"https:\/\/portalcapixaba.com\/index.php?rest_route=%2Fwp%2Fv2%2Fmedia&parent=14421"}],"wp:term":[{"taxonomy":"category","embeddable":true,"href":"https:\/\/portalcapixaba.com\/index.php?rest_route=%2Fwp%2Fv2%2Fcategories&post=14421"},{"taxonomy":"post_tag","embeddable":true,"href":"https:\/\/portalcapixaba.com\/index.php?rest_route=%2Fwp%2Fv2%2Ftags&post=14421"}],"curies":[{"name":"wp","href":"https:\/\/api.w.org\/{rel}","templated":true}]}}