{"id":14428,"date":"2026-09-02T17:40:46","date_gmt":"2026-09-02T20:40:46","guid":{"rendered":"https:\/\/portalcapixaba.com\/?p=14428"},"modified":"2026-09-02T17:40:46","modified_gmt":"2026-09-02T20:40:46","slug":"festival-praca-viva-leva-quatro-dias-de-musica-comida-e-cultura-para-jardim-camburi","status":"publish","type":"post","link":"https:\/\/portalcapixaba.com\/?p=14428","title":{"rendered":"Festival Pra\u00e7a Viva leva quatro dias de m\u00fasica, comida e cultura para Jardim Camburi"},"content":{"rendered":"<p dir=\"ltr\">De 24 a 27 de setembro, a Pra\u00e7a da Bocha, em Jardim Camburi, deixa de ser apenas passagem e vira endere\u00e7o de encontro. O Festival Pra\u00e7a Viva chega ao bairro com uma programa\u00e7\u00e3o que mistura m\u00fasica, gastronomia, moda, chopp artesanal, vinhos, drinks e iniciativas da economia criativa. A entrada \u00e9 gratuita.<\/p>\n<p dir=\"ltr\">A programa\u00e7\u00e3o vai reunir dez atra\u00e7\u00f5es musicais da cena capixaba, entre nomes j\u00e1 conhecidos do p\u00fablico e artistas que v\u00eam movimentando os palcos do Estado. Ao longo do evento, os shows ao vivo ficam por conta de Alexandre Borges, Casaca, Rastaclone, Banda 027, Dona Fran, Beat Locks, Calibre de Rosas, Tina Show, D\u2019Moleque e Banda Movimento.<\/p>\n<p dir=\"ltr\">O line-up vai reunir diferentes estilos e forma\u00e7\u00f5es e foi pensado para alcan\u00e7ar p\u00fablicos de v\u00e1rias idades, incluindo as crian\u00e7as. S\u00e3o artistas e bandas que transitam por diferentes vertentes da m\u00fasica produzida no Esp\u00edrito Santo, levando para a programa\u00e7\u00e3o a diversidade que marca a cena capixaba, colocando a produ\u00e7\u00e3o musical local no centro da programa\u00e7\u00e3o.<\/p>\n<p dir=\"ltr\">Al\u00e9m da maratona de shows, o festival tamb\u00e9m vai reunir outras experi\u00eancias. A ideia \u00e9 colocar diferentes segmentos da cultura e da gastronomia capixaba no mesmo espa\u00e7o. Entre um show e outro, o p\u00fablico poder\u00e1 conhecer estandes de moda autoral, experimentar diferentes op\u00e7\u00f5es de comida e aproveitar espa\u00e7os com chopes artesanais, drinks e vinhos.<\/p>\n<p dir=\"ltr\">No evento tamb\u00e9m ser\u00e3o arrecadadas roupas, brinquedos e alimentos, que ser\u00e3o destinados a institui\u00e7\u00f5es sociais que est\u00e3o sendo definidas.<\/p>\n<p dir=\"ltr\">Servi\u00e7o <b>Festival Pra\u00e7a Viva <\/b>Data: 24 a 27 de setembro Local: Pra\u00e7a da Bocha, Jardim Camburi, Vit\u00f3ria Atra\u00e7\u00f5es: Alexandre Borges, Casaca, Rastaclone, Banda 027, Dona Fran, Beat Locks, Calibre de Rosas, Tina Show, D\u2019Moleque e Banda Movimento Entrada gratuita Classifica\u00e7\u00e3o livre<\/p>\n","protected":false},"excerpt":{"rendered":"<p>De 24 a 27 de setembro, a Pra\u00e7a da Bocha, em Jardim Camburi, deixa de ser apenas passagem e vira endere\u00e7o de encontro. O Festival Pra\u00e7a Viva chega ao bairro com uma programa\u00e7\u00e3o que mistura m\u00fasica, gastronomia, moda, chopp artesanal, vinhos, drinks e iniciativas da economia criativa. A entrada \u00e9 gratuita. A programa\u00e7\u00e3o vai reunir [&hellip;]<\/p>\n","protected":false},"author":3,"featured_media":14429,"comment_status":"open","ping_status":"open","sticky":false,"template":"","format":"standard","meta":{"om_disable_all_campaigns":false,"_monsterinsights_skip_tracking":false,"_monsterinsights_sitenote_active":false,"_monsterinsights_sitenote_note":"","_monsterinsights_sitenote_category":0,"footnotes":""},"categories":[51],"tags":[],"class_list":["post-14428","post","type-post","status-publish","format-standard","has-post-thumbnail","hentry","category-cultura-e-saude"],"yoast_head":"<!-- This site is optimized with the Yoast SEO Premium plugin v21.9 (Yoast SEO v27.8) - https:\/\/yoast.com\/product\/yoast-seo-premium-wordpress\/ -->\n<title>Festival Pra\u00e7a Viva leva quatro dias de m\u00fasica, comida e cultura para Jardim Camburi - Portal Capixaba<\/title>\n<meta name=\"description\" content=\"De 24 a 27 de setembro, a Pra\u00e7a da Bocha, em Jardim Camburi, deixa de ser apenas passagem e vira endere\u00e7o de encontro. O Festival Pra\u00e7a Viva chega ao bairro com uma programa\u00e7\u00e3o que mistura m\u00fasica, gastronomia, moda, chopp artesanal, vinhos, drinks e iniciativas da economia criativa. A entrada \u00e9 gratuita.\" \/>\n<meta name=\"robots\" content=\"index, follow, max-snippet:-1, max-image-preview:large, max-video-preview:-1\" \/>\n<link rel=\"canonical\" href=\"https:\/\/portalcapixaba.com\/?p=14428\" \/>\n<meta property=\"og:locale\" content=\"pt_BR\" \/>\n<meta property=\"og:type\" content=\"article\" \/>\n<meta property=\"og:title\" content=\"Festival Pra\u00e7a Viva leva quatro dias de m\u00fasica, comida e cultura para Jardim Camburi\" \/>\n<meta property=\"og:description\" content=\"De 24 a 27 de setembro, a Pra\u00e7a da Bocha, em Jardim Camburi, deixa de ser apenas passagem e vira endere\u00e7o de encontro. O Festival Pra\u00e7a Viva chega ao bairro com uma programa\u00e7\u00e3o que mistura m\u00fasica, gastronomia, moda, chopp artesanal, vinhos, drinks e iniciativas da economia criativa. A entrada \u00e9 gratuita.\" \/>\n<meta property=\"og:url\" content=\"https:\/\/portalcapixaba.com\/?p=14428\" \/>\n<meta property=\"og:site_name\" content=\"Portal Capixaba\" \/>\n<meta property=\"article:published_time\" content=\"2026-09-02T20:40:46+00:00\" \/>\n<meta property=\"og:image\" content=\"https:\/\/portalcapixaba.com\/wp-content\/uploads\/2026\/09\/027.jpeg\" \/>\n\t<meta property=\"og:image:width\" content=\"1280\" \/>\n\t<meta property=\"og:image:height\" content=\"853\" \/>\n\t<meta property=\"og:image:type\" content=\"image\/jpeg\" \/>\n<meta name=\"author\" content=\"jane boldt\" \/>\n<meta name=\"twitter:card\" content=\"summary_large_image\" \/>\n<meta name=\"twitter:label1\" content=\"Escrito por\" \/>\n\t<meta name=\"twitter:data1\" content=\"jane boldt\" \/>\n\t<meta name=\"twitter:label2\" content=\"Est. tempo de leitura\" \/>\n\t<meta name=\"twitter:data2\" content=\"2 minutos\" \/>\n<script type=\"application\/ld+json\" class=\"yoast-schema-graph\">{\"@context\":\"https:\\\/\\\/schema.org\",\"@graph\":[{\"@type\":[\"Article\",\"NewsArticle\"],\"@id\":\"https:\\\/\\\/portalcapixaba.com\\\/?p=14428#article\",\"isPartOf\":{\"@id\":\"https:\\\/\\\/portalcapixaba.com\\\/?p=14428\"},\"author\":{\"name\":\"jane boldt\",\"@id\":\"https:\\\/\\\/portalcapixaba.com\\\/#\\\/schema\\\/person\\\/bcd337770ede8facc9d17a424328bf4b\"},\"headline\":\"Festival Pra\u00e7a Viva leva quatro dias de m\u00fasica, comida e cultura para Jardim Camburi\",\"datePublished\":\"2026-09-02T20:40:46+00:00\",\"mainEntityOfPage\":{\"@id\":\"https:\\\/\\\/portalcapixaba.com\\\/?p=14428\"},\"wordCount\":324,\"commentCount\":0,\"image\":{\"@id\":\"https:\\\/\\\/portalcapixaba.com\\\/?p=14428#primaryimage\"},\"thumbnailUrl\":\"https:\\\/\\\/portalcapixaba.com\\\/wp-content\\\/uploads\\\/2026\\\/09\\\/027.jpeg\",\"articleSection\":[\"Cultura e Sa\u00fade\"],\"inLanguage\":\"pt-BR\",\"potentialAction\":[{\"@type\":\"CommentAction\",\"name\":\"Comment\",\"target\":[\"https:\\\/\\\/portalcapixaba.com\\\/?p=14428#respond\"]}],\"copyrightYear\":\"2026\",\"copyrightHolder\":{\"@id\":\"https:\\\/\\\/portalcapixaba.com\\\/#organization\"}},{\"@type\":\"WebPage\",\"@id\":\"https:\\\/\\\/portalcapixaba.com\\\/?p=14428\",\"url\":\"https:\\\/\\\/portalcapixaba.com\\\/?p=14428\",\"name\":\"Festival Pra\u00e7a Viva leva quatro dias de m\u00fasica, comida e cultura para Jardim Camburi - Portal Capixaba\",\"isPartOf\":{\"@id\":\"https:\\\/\\\/portalcapixaba.com\\\/#website\"},\"primaryImageOfPage\":{\"@id\":\"https:\\\/\\\/portalcapixaba.com\\\/?p=14428#primaryimage\"},\"image\":{\"@id\":\"https:\\\/\\\/portalcapixaba.com\\\/?p=14428#primaryimage\"},\"thumbnailUrl\":\"https:\\\/\\\/portalcapixaba.com\\\/wp-content\\\/uploads\\\/2026\\\/09\\\/027.jpeg\",\"datePublished\":\"2026-09-02T20:40:46+00:00\",\"author\":{\"@id\":\"https:\\\/\\\/portalcapixaba.com\\\/#\\\/schema\\\/person\\\/bcd337770ede8facc9d17a424328bf4b\"},\"description\":\"De 24 a 27 de setembro, a Pra\u00e7a da Bocha, em Jardim Camburi, deixa de ser apenas passagem e vira endere\u00e7o de encontro. O Festival Pra\u00e7a Viva chega ao bairro com uma programa\u00e7\u00e3o que mistura m\u00fasica, gastronomia, moda, chopp artesanal, vinhos, drinks e iniciativas da economia criativa. A entrada \u00e9 gratuita.\",\"breadcrumb\":{\"@id\":\"https:\\\/\\\/portalcapixaba.com\\\/?p=14428#breadcrumb\"},\"inLanguage\":\"pt-BR\",\"potentialAction\":[{\"@type\":\"ReadAction\",\"target\":[\"https:\\\/\\\/portalcapixaba.com\\\/?p=14428\"]}]},{\"@type\":\"ImageObject\",\"inLanguage\":\"pt-BR\",\"@id\":\"https:\\\/\\\/portalcapixaba.com\\\/?p=14428#primaryimage\",\"url\":\"https:\\\/\\\/portalcapixaba.com\\\/wp-content\\\/uploads\\\/2026\\\/09\\\/027.jpeg\",\"contentUrl\":\"https:\\\/\\\/portalcapixaba.com\\\/wp-content\\\/uploads\\\/2026\\\/09\\\/027.jpeg\",\"width\":1280,\"height\":853},{\"@type\":\"BreadcrumbList\",\"@id\":\"https:\\\/\\\/portalcapixaba.com\\\/?p=14428#breadcrumb\",\"itemListElement\":[{\"@type\":\"ListItem\",\"position\":1,\"name\":\"Home\",\"item\":\"https:\\\/\\\/portalcapixaba.com\\\/\"},{\"@type\":\"ListItem\",\"position\":2,\"name\":\"Festival Pra\u00e7a Viva leva quatro dias de m\u00fasica, comida e cultura para Jardim Camburi\"}]},{\"@type\":\"WebSite\",\"@id\":\"https:\\\/\\\/portalcapixaba.com\\\/#website\",\"url\":\"https:\\\/\\\/portalcapixaba.com\\\/\",\"name\":\"Portal Capixaba\",\"description\":\"\",\"potentialAction\":[{\"@type\":\"SearchAction\",\"target\":{\"@type\":\"EntryPoint\",\"urlTemplate\":\"https:\\\/\\\/portalcapixaba.com\\\/?s={search_term_string}\"},\"query-input\":{\"@type\":\"PropertyValueSpecification\",\"valueRequired\":true,\"valueName\":\"search_term_string\"}}],\"inLanguage\":\"pt-BR\"},{\"@type\":\"Person\",\"@id\":\"https:\\\/\\\/portalcapixaba.com\\\/#\\\/schema\\\/person\\\/bcd337770ede8facc9d17a424328bf4b\",\"name\":\"jane boldt\",\"image\":{\"@type\":\"ImageObject\",\"inLanguage\":\"pt-BR\",\"@id\":\"https:\\\/\\\/secure.gravatar.com\\\/avatar\\\/0c30036a196ee4fe42305219849d553f713d275a5d9eddafc5bc93dc51582d78?s=96&d=mm&r=g\",\"url\":\"https:\\\/\\\/secure.gravatar.com\\\/avatar\\\/0c30036a196ee4fe42305219849d553f713d275a5d9eddafc5bc93dc51582d78?s=96&d=mm&r=g\",\"contentUrl\":\"https:\\\/\\\/secure.gravatar.com\\\/avatar\\\/0c30036a196ee4fe42305219849d553f713d275a5d9eddafc5bc93dc51582d78?s=96&d=mm&r=g\",\"caption\":\"jane boldt\"},\"sameAs\":[\"http:\\\/\\\/portalcapixaba.com.br\"],\"url\":\"https:\\\/\\\/portalcapixaba.com\\\/?author=3\"}]}<\/script>\n<!-- \/ Yoast SEO Premium plugin. -->","yoast_head_json":{"title":"Festival Pra\u00e7a Viva leva quatro dias de m\u00fasica, comida e cultura para Jardim Camburi - Portal Capixaba","description":"De 24 a 27 de setembro, a Pra\u00e7a da Bocha, em Jardim Camburi, deixa de ser apenas passagem e vira endere\u00e7o de encontro. O Festival Pra\u00e7a Viva chega ao bairro com uma programa\u00e7\u00e3o que mistura m\u00fasica, gastronomia, moda, chopp artesanal, vinhos, drinks e iniciativas da economia criativa. A entrada \u00e9 gratuita.","robots":{"index":"index","follow":"follow","max-snippet":"max-snippet:-1","max-image-preview":"max-image-preview:large","max-video-preview":"max-video-preview:-1"},"canonical":"https:\/\/portalcapixaba.com\/?p=14428","og_locale":"pt_BR","og_type":"article","og_title":"Festival Pra\u00e7a Viva leva quatro dias de m\u00fasica, comida e cultura para Jardim Camburi","og_description":"De 24 a 27 de setembro, a Pra\u00e7a da Bocha, em Jardim Camburi, deixa de ser apenas passagem e vira endere\u00e7o de encontro. O Festival Pra\u00e7a Viva chega ao bairro com uma programa\u00e7\u00e3o que mistura m\u00fasica, gastronomia, moda, chopp artesanal, vinhos, drinks e iniciativas da economia criativa. A entrada \u00e9 gratuita.","og_url":"https:\/\/portalcapixaba.com\/?p=14428","og_site_name":"Portal Capixaba","article_published_time":"2026-09-02T20:40:46+00:00","og_image":[{"width":1280,"height":853,"url":"https:\/\/portalcapixaba.com\/wp-content\/uploads\/2026\/09\/027.jpeg","type":"image\/jpeg"}],"author":"jane boldt","twitter_card":"summary_large_image","twitter_misc":{"Escrito por":"jane boldt","Est. tempo de leitura":"2 minutos"},"schema":{"@context":"https:\/\/schema.org","@graph":[{"@type":["Article","NewsArticle"],"@id":"https:\/\/portalcapixaba.com\/?p=14428#article","isPartOf":{"@id":"https:\/\/portalcapixaba.com\/?p=14428"},"author":{"name":"jane boldt","@id":"https:\/\/portalcapixaba.com\/#\/schema\/person\/bcd337770ede8facc9d17a424328bf4b"},"headline":"Festival Pra\u00e7a Viva leva quatro dias de m\u00fasica, comida e cultura para Jardim Camburi","datePublished":"2026-09-02T20:40:46+00:00","mainEntityOfPage":{"@id":"https:\/\/portalcapixaba.com\/?p=14428"},"wordCount":324,"commentCount":0,"image":{"@id":"https:\/\/portalcapixaba.com\/?p=14428#primaryimage"},"thumbnailUrl":"https:\/\/portalcapixaba.com\/wp-content\/uploads\/2026\/09\/027.jpeg","articleSection":["Cultura e Sa\u00fade"],"inLanguage":"pt-BR","potentialAction":[{"@type":"CommentAction","name":"Comment","target":["https:\/\/portalcapixaba.com\/?p=14428#respond"]}],"copyrightYear":"2026","copyrightHolder":{"@id":"https:\/\/portalcapixaba.com\/#organization"}},{"@type":"WebPage","@id":"https:\/\/portalcapixaba.com\/?p=14428","url":"https:\/\/portalcapixaba.com\/?p=14428","name":"Festival Pra\u00e7a Viva leva quatro dias de m\u00fasica, comida e cultura para Jardim Camburi - Portal Capixaba","isPartOf":{"@id":"https:\/\/portalcapixaba.com\/#website"},"primaryImageOfPage":{"@id":"https:\/\/portalcapixaba.com\/?p=14428#primaryimage"},"image":{"@id":"https:\/\/portalcapixaba.com\/?p=14428#primaryimage"},"thumbnailUrl":"https:\/\/portalcapixaba.com\/wp-content\/uploads\/2026\/09\/027.jpeg","datePublished":"2026-09-02T20:40:46+00:00","author":{"@id":"https:\/\/portalcapixaba.com\/#\/schema\/person\/bcd337770ede8facc9d17a424328bf4b"},"description":"De 24 a 27 de setembro, a Pra\u00e7a da Bocha, em Jardim Camburi, deixa de ser apenas passagem e vira endere\u00e7o de encontro. O Festival Pra\u00e7a Viva chega ao bairro com uma programa\u00e7\u00e3o que mistura m\u00fasica, gastronomia, moda, chopp artesanal, vinhos, drinks e iniciativas da economia criativa. A entrada \u00e9 gratuita.","breadcrumb":{"@id":"https:\/\/portalcapixaba.com\/?p=14428#breadcrumb"},"inLanguage":"pt-BR","potentialAction":[{"@type":"ReadAction","target":["https:\/\/portalcapixaba.com\/?p=14428"]}]},{"@type":"ImageObject","inLanguage":"pt-BR","@id":"https:\/\/portalcapixaba.com\/?p=14428#primaryimage","url":"https:\/\/portalcapixaba.com\/wp-content\/uploads\/2026\/09\/027.jpeg","contentUrl":"https:\/\/portalcapixaba.com\/wp-content\/uploads\/2026\/09\/027.jpeg","width":1280,"height":853},{"@type":"BreadcrumbList","@id":"https:\/\/portalcapixaba.com\/?p=14428#breadcrumb","itemListElement":[{"@type":"ListItem","position":1,"name":"Home","item":"https:\/\/portalcapixaba.com\/"},{"@type":"ListItem","position":2,"name":"Festival Pra\u00e7a Viva leva quatro dias de m\u00fasica, comida e cultura para Jardim Camburi"}]},{"@type":"WebSite","@id":"https:\/\/portalcapixaba.com\/#website","url":"https:\/\/portalcapixaba.com\/","name":"Portal Capixaba","description":"","potentialAction":[{"@type":"SearchAction","target":{"@type":"EntryPoint","urlTemplate":"https:\/\/portalcapixaba.com\/?s={search_term_string}"},"query-input":{"@type":"PropertyValueSpecification","valueRequired":true,"valueName":"search_term_string"}}],"inLanguage":"pt-BR"},{"@type":"Person","@id":"https:\/\/portalcapixaba.com\/#\/schema\/person\/bcd337770ede8facc9d17a424328bf4b","name":"jane boldt","image":{"@type":"ImageObject","inLanguage":"pt-BR","@id":"https:\/\/secure.gravatar.com\/avatar\/0c30036a196ee4fe42305219849d553f713d275a5d9eddafc5bc93dc51582d78?s=96&d=mm&r=g","url":"https:\/\/secure.gravatar.com\/avatar\/0c30036a196ee4fe42305219849d553f713d275a5d9eddafc5bc93dc51582d78?s=96&d=mm&r=g","contentUrl":"https:\/\/secure.gravatar.com\/avatar\/0c30036a196ee4fe42305219849d553f713d275a5d9eddafc5bc93dc51582d78?s=96&d=mm&r=g","caption":"jane boldt"},"sameAs":["http:\/\/portalcapixaba.com.br"],"url":"https:\/\/portalcapixaba.com\/?author=3"}]}},"_links":{"self":[{"href":"https:\/\/portalcapixaba.com\/index.php?rest_route=\/wp\/v2\/posts\/14428","targetHints":{"allow":["GET"]}}],"collection":[{"href":"https:\/\/portalcapixaba.com\/index.php?rest_route=\/wp\/v2\/posts"}],"about":[{"href":"https:\/\/portalcapixaba.com\/index.php?rest_route=\/wp\/v2\/types\/post"}],"author":[{"embeddable":true,"href":"https:\/\/portalcapixaba.com\/index.php?rest_route=\/wp\/v2\/users\/3"}],"replies":[{"embeddable":true,"href":"https:\/\/portalcapixaba.com\/index.php?rest_route=%2Fwp%2Fv2%2Fcomments&post=14428"}],"version-history":[{"count":1,"href":"https:\/\/portalcapixaba.com\/index.php?rest_route=\/wp\/v2\/posts\/14428\/revisions"}],"predecessor-version":[{"id":14430,"href":"https:\/\/portalcapixaba.com\/index.php?rest_route=\/wp\/v2\/posts\/14428\/revisions\/14430"}],"wp:featuredmedia":[{"embeddable":true,"href":"https:\/\/portalcapixaba.com\/index.php?rest_route=\/wp\/v2\/media\/14429"}],"wp:attachment":[{"href":"https:\/\/portalcapixaba.com\/index.php?rest_route=%2Fwp%2Fv2%2Fmedia&parent=14428"}],"wp:term":[{"taxonomy":"category","embeddable":true,"href":"https:\/\/portalcapixaba.com\/index.php?rest_route=%2Fwp%2Fv2%2Fcategories&post=14428"},{"taxonomy":"post_tag","embeddable":true,"href":"https:\/\/portalcapixaba.com\/index.php?rest_route=%2Fwp%2Fv2%2Ftags&post=14428"}],"curies":[{"name":"wp","href":"https:\/\/api.w.org\/{rel}","templated":true}]}}