{"id":14431,"date":"2026-09-02T17:49:45","date_gmt":"2026-09-02T20:49:45","guid":{"rendered":"https:\/\/portalcapixaba.com\/?p=14431"},"modified":"2026-09-02T17:49:45","modified_gmt":"2026-09-02T20:49:45","slug":"operacao-mare-baixa-policia-penal-policia-civil-e-guarda-municipal-de-viana-prendem-fugitivo-do-sistema-prisional-em-apartamento-de-luxo-na-praia-da-costa","status":"publish","type":"post","link":"https:\/\/portalcapixaba.com\/?p=14431","title":{"rendered":"Opera\u00e7\u00e3o Mar\u00e9 Baixa: Pol\u00edcia Penal, Pol\u00edcia Civil e Guarda Municipal de Viana prendem fugitivo do sistema prisional em apartamento de luxo na Praia da Costa"},"content":{"rendered":"<p>A Pol\u00edcia Penal do Esp\u00edrito Santo, em a\u00e7\u00e3o integrada com a Pol\u00edcia Civil (DENARC) e a Guarda Municipal de Viana, deflagrou, na manh\u00e3 desta quarta-feira (2), a Opera\u00e7\u00e3o Mar\u00e9 Baixa, que resultou na pris\u00e3o de Ant\u00f4nio Eduardo Almeida Lube, fugitivo do sistema prisional e condenado judicialmente por homic\u00eddio.<\/p>\n<p>A opera\u00e7\u00e3o teve como objetivo localizar e recapturar o indiv\u00edduo, que se encontrava foragido do sistema prisional. Durante a a\u00e7\u00e3o, foram cumpridos um mandado de pris\u00e3o e dois mandados de busca e apreens\u00e3o, sendo um em Vila Velha e outro em Viana, expedidos pela Justi\u00e7a.<\/p>\n<p>O alvo principal foi localizado em um apartamento de alto padr\u00e3o situado na Praia da Costa, em Vila Velha, onde foi encontrado pelas equipes envolvidas na opera\u00e7\u00e3o.<\/p>\n<p>\u201cEssa opera\u00e7\u00e3o mostra a import\u00e2ncia da integra\u00e7\u00e3o entre as for\u00e7as de seguran\u00e7a. A Guarda Municipal de Viana participou ativamente das a\u00e7\u00f5es, colocando seus agentes em campo e contribuindo para que o trabalho de intelig\u00eancia e investiga\u00e7\u00e3o resultasse na localiza\u00e7\u00e3o e pris\u00e3o do fugitivo. \u00c9 esse trabalho conjunto, com planejamento, troca de informa\u00e7\u00f5es e atua\u00e7\u00e3o operacional, que fortalece a seguran\u00e7a e permite respostas cada vez mais eficientes \u00e0 popula\u00e7\u00e3o.\u201d<\/p>\n<figure class=\"captionjs default\"><img decoding=\"async\" src=\"https:\/\/viana.es.gov.br\/uploads\/files\/SEMDEST\/Factual\/WhatsApp_Image_2026-09-02_at_07.30.05.jpg?1788356381657\" alt=\"\" \/><\/figure>\n<p>A localiza\u00e7\u00e3o do fugitivo foi poss\u00edvel a partir do trabalho integrado de intelig\u00eancia, levantamento de informa\u00e7\u00f5es e atua\u00e7\u00e3o operacional das for\u00e7as de seguran\u00e7a envolvidas, demonstrando a import\u00e2ncia da coopera\u00e7\u00e3o entre as institui\u00e7\u00f5es no enfrentamento \u00e0 criminalidade e na recaptura de indiv\u00edduos procurados pela Justi\u00e7a.<\/p>\n<p>A Opera\u00e7\u00e3o Mar\u00e9 Baixa refor\u00e7a a atua\u00e7\u00e3o da Pol\u00edcia Penal na miss\u00e3o de recaptura de foragidos e manuten\u00e7\u00e3o da seguran\u00e7a p\u00fablica, bem como a import\u00e2ncia da integra\u00e7\u00e3o entre as for\u00e7as policiais e de seguran\u00e7a municipais para o cumprimento de determina\u00e7\u00f5es judiciais.\u00a0Ap\u00f3s a pris\u00e3o, o detido foi encaminhado para os procedimentos legais cab\u00edveis e ficar\u00e1 \u00e0 disposi\u00e7\u00e3o da Justi\u00e7a.<\/p>\n<p><strong>Atendimento \u00e0 imprensa<\/strong><br \/>\nM\u00e1rcia Brito \u2014 Secret\u00e1ria de Comunica\u00e7\u00e3o<br \/>\nYgor Amorim &#8211; Subsecret\u00e1rio de Comunica\u00e7\u00e3o<br \/>\nKaio Torres &#8211; Gerente\u00a0de Jornalismo<br \/>\nVitor Matias &#8211; Coordenador de Jornalismo<br \/>\nE-mail:\u00a0<a href=\"mailto:comunicacao@viana.es.gov.br\">comunicacao@viana.es.gov.br<\/a><br \/>\nCanal de informa\u00e7\u00f5es:\u00a0<a href=\"https:\/\/whatsapp.com\/channel\/0029Vb6feUVGzzKOkUeGnQ1j\" target=\"_blank\" rel=\"noopener\">whatsapp.com\/prefeituraviana<\/a><\/p>\n<p><strong>Informa\u00e7\u00f5es \u00e0 popula\u00e7\u00e3o<\/strong><br \/>\nOuvidoria de Viana<br \/>\nTels.: 0800 707 0001 \/ 27 2124 \u2013 6706<br \/>\nE-mail:\u00a0ouvidoria@viana.es.gov.br<\/p>\n<p><strong>Viana nas redes sociais<\/strong><br \/>\nInstagram:\u00a0<a href=\"https:\/\/www.instagram.com\/prefeituraviana\/\" target=\"_blank\" rel=\"noopener\">@prefeituraviana<\/a><br \/>\nTikTok:\u00a0<a href=\"https:\/\/www.tiktok.com\/@prefeituraviana\" target=\"_blank\" rel=\"noopener\">@prefeituraviana<\/a><br \/>\nFacebook:\u00a0<a href=\"https:\/\/www.facebook.com\/prefeituradeviana\" target=\"_blank\" rel=\"noopener\">\/prefeituradeviana<\/a><br \/>\nX:\u00a0<a href=\"https:\/\/x.com\/VianaPrefeitura\" target=\"_blank\" rel=\"noopener\">@VianaPrefeitura<\/a><\/p>\n<p>&nbsp;<\/p>\n<p><strong><i>Texto: M\u00e1rcia Brito<\/i><\/strong><\/p>\n","protected":false},"excerpt":{"rendered":"<p>A Pol\u00edcia Penal do Esp\u00edrito Santo, em a\u00e7\u00e3o integrada com a Pol\u00edcia Civil (DENARC) e a Guarda Municipal de Viana, deflagrou, na manh\u00e3 desta quarta-feira (2), a Opera\u00e7\u00e3o Mar\u00e9 Baixa, que resultou na pris\u00e3o de Ant\u00f4nio Eduardo Almeida Lube, fugitivo do sistema prisional e condenado judicialmente por homic\u00eddio. A opera\u00e7\u00e3o teve como objetivo localizar e [&hellip;]<\/p>\n","protected":false},"author":3,"featured_media":14432,"comment_status":"open","ping_status":"open","sticky":false,"template":"","format":"standard","meta":{"om_disable_all_campaigns":false,"_monsterinsights_skip_tracking":false,"_monsterinsights_sitenote_active":false,"_monsterinsights_sitenote_note":"","_monsterinsights_sitenote_category":0,"footnotes":""},"categories":[49],"tags":[],"class_list":["post-14431","post","type-post","status-publish","format-standard","has-post-thumbnail","hentry","category-seguranca-publica"],"yoast_head":"<!-- This site is optimized with the Yoast SEO Premium plugin v21.9 (Yoast SEO v27.8) - https:\/\/yoast.com\/product\/yoast-seo-premium-wordpress\/ -->\n<title>Opera\u00e7\u00e3o Mar\u00e9 Baixa: Pol\u00edcia Penal, Pol\u00edcia Civil e Guarda Municipal de Viana prendem fugitivo do sistema prisional em apartamento de luxo na Praia da Costa - Portal Capixaba<\/title>\n<meta name=\"description\" content=\"A Pol\u00edcia Penal do Esp\u00edrito Santo, em a\u00e7\u00e3o integrada com a Pol\u00edcia Civil (DENARC) e a Guarda Municipal de Viana, deflagrou, na manh\u00e3 desta quarta-feira (2), a Opera\u00e7\u00e3o Mar\u00e9 Baixa, que resultou na pris\u00e3o de Ant\u00f4nio Eduardo Almeida Lube, fugitivo do sistema prisional e condenado judicialmente por homic\u00eddio.\" \/>\n<meta name=\"robots\" content=\"index, follow, max-snippet:-1, max-image-preview:large, max-video-preview:-1\" \/>\n<link rel=\"canonical\" href=\"https:\/\/portalcapixaba.com\/?p=14431\" \/>\n<meta property=\"og:locale\" content=\"pt_BR\" \/>\n<meta property=\"og:type\" content=\"article\" \/>\n<meta property=\"og:title\" content=\"Opera\u00e7\u00e3o Mar\u00e9 Baixa: Pol\u00edcia Penal, Pol\u00edcia Civil e Guarda Municipal de Viana prendem fugitivo do sistema prisional em apartamento de luxo na Praia da Costa\" \/>\n<meta property=\"og:description\" content=\"A Pol\u00edcia Penal do Esp\u00edrito Santo, em a\u00e7\u00e3o integrada com a Pol\u00edcia Civil (DENARC) e a Guarda Municipal de Viana, deflagrou, na manh\u00e3 desta quarta-feira (2), a Opera\u00e7\u00e3o Mar\u00e9 Baixa, que resultou na pris\u00e3o de Ant\u00f4nio Eduardo Almeida Lube, fugitivo do sistema prisional e condenado judicialmente por homic\u00eddio.\" \/>\n<meta property=\"og:url\" content=\"https:\/\/portalcapixaba.com\/?p=14431\" \/>\n<meta property=\"og:site_name\" content=\"Portal Capixaba\" \/>\n<meta property=\"article:published_time\" content=\"2026-09-02T20:49:45+00:00\" \/>\n<meta property=\"og:image\" content=\"https:\/\/portalcapixaba.com\/wp-content\/uploads\/2026\/09\/WhatsApp_Image_2026-09-02_at_10.38.07.jpg\" \/>\n\t<meta property=\"og:image:width\" content=\"1599\" \/>\n\t<meta property=\"og:image:height\" content=\"899\" \/>\n\t<meta property=\"og:image:type\" content=\"image\/jpeg\" \/>\n<meta name=\"author\" content=\"jane boldt\" \/>\n<meta name=\"twitter:card\" content=\"summary_large_image\" \/>\n<meta name=\"twitter:label1\" content=\"Escrito por\" \/>\n\t<meta name=\"twitter:data1\" content=\"jane boldt\" \/>\n\t<meta name=\"twitter:label2\" content=\"Est. tempo de leitura\" \/>\n\t<meta name=\"twitter:data2\" content=\"3 minutos\" \/>\n<script type=\"application\/ld+json\" class=\"yoast-schema-graph\">{\"@context\":\"https:\\\/\\\/schema.org\",\"@graph\":[{\"@type\":[\"Article\",\"NewsArticle\"],\"@id\":\"https:\\\/\\\/portalcapixaba.com\\\/?p=14431#article\",\"isPartOf\":{\"@id\":\"https:\\\/\\\/portalcapixaba.com\\\/?p=14431\"},\"author\":{\"name\":\"jane boldt\",\"@id\":\"https:\\\/\\\/portalcapixaba.com\\\/#\\\/schema\\\/person\\\/bcd337770ede8facc9d17a424328bf4b\"},\"headline\":\"Opera\u00e7\u00e3o Mar\u00e9 Baixa: Pol\u00edcia Penal, Pol\u00edcia Civil e Guarda Municipal de Viana prendem fugitivo do sistema prisional em apartamento de luxo na Praia da Costa\",\"datePublished\":\"2026-09-02T20:49:45+00:00\",\"mainEntityOfPage\":{\"@id\":\"https:\\\/\\\/portalcapixaba.com\\\/?p=14431\"},\"wordCount\":448,\"commentCount\":0,\"image\":{\"@id\":\"https:\\\/\\\/portalcapixaba.com\\\/?p=14431#primaryimage\"},\"thumbnailUrl\":\"https:\\\/\\\/portalcapixaba.com\\\/wp-content\\\/uploads\\\/2026\\\/09\\\/WhatsApp_Image_2026-09-02_at_10.38.07.jpg\",\"articleSection\":[\"Seguran\u00e7a Publica\"],\"inLanguage\":\"pt-BR\",\"potentialAction\":[{\"@type\":\"CommentAction\",\"name\":\"Comment\",\"target\":[\"https:\\\/\\\/portalcapixaba.com\\\/?p=14431#respond\"]}],\"copyrightYear\":\"2026\",\"copyrightHolder\":{\"@id\":\"https:\\\/\\\/portalcapixaba.com\\\/#organization\"}},{\"@type\":\"WebPage\",\"@id\":\"https:\\\/\\\/portalcapixaba.com\\\/?p=14431\",\"url\":\"https:\\\/\\\/portalcapixaba.com\\\/?p=14431\",\"name\":\"Opera\u00e7\u00e3o Mar\u00e9 Baixa: Pol\u00edcia Penal, Pol\u00edcia Civil e Guarda Municipal de Viana prendem fugitivo do sistema prisional em apartamento de luxo na Praia da Costa - Portal Capixaba\",\"isPartOf\":{\"@id\":\"https:\\\/\\\/portalcapixaba.com\\\/#website\"},\"primaryImageOfPage\":{\"@id\":\"https:\\\/\\\/portalcapixaba.com\\\/?p=14431#primaryimage\"},\"image\":{\"@id\":\"https:\\\/\\\/portalcapixaba.com\\\/?p=14431#primaryimage\"},\"thumbnailUrl\":\"https:\\\/\\\/portalcapixaba.com\\\/wp-content\\\/uploads\\\/2026\\\/09\\\/WhatsApp_Image_2026-09-02_at_10.38.07.jpg\",\"datePublished\":\"2026-09-02T20:49:45+00:00\",\"author\":{\"@id\":\"https:\\\/\\\/portalcapixaba.com\\\/#\\\/schema\\\/person\\\/bcd337770ede8facc9d17a424328bf4b\"},\"description\":\"A Pol\u00edcia Penal do Esp\u00edrito Santo, em a\u00e7\u00e3o integrada com a Pol\u00edcia Civil (DENARC) e a Guarda Municipal de Viana, deflagrou, na manh\u00e3 desta quarta-feira (2), a Opera\u00e7\u00e3o Mar\u00e9 Baixa, que resultou na pris\u00e3o de Ant\u00f4nio Eduardo Almeida Lube, fugitivo do sistema prisional e condenado judicialmente por homic\u00eddio.\",\"breadcrumb\":{\"@id\":\"https:\\\/\\\/portalcapixaba.com\\\/?p=14431#breadcrumb\"},\"inLanguage\":\"pt-BR\",\"potentialAction\":[{\"@type\":\"ReadAction\",\"target\":[\"https:\\\/\\\/portalcapixaba.com\\\/?p=14431\"]}]},{\"@type\":\"ImageObject\",\"inLanguage\":\"pt-BR\",\"@id\":\"https:\\\/\\\/portalcapixaba.com\\\/?p=14431#primaryimage\",\"url\":\"https:\\\/\\\/portalcapixaba.com\\\/wp-content\\\/uploads\\\/2026\\\/09\\\/WhatsApp_Image_2026-09-02_at_10.38.07.jpg\",\"contentUrl\":\"https:\\\/\\\/portalcapixaba.com\\\/wp-content\\\/uploads\\\/2026\\\/09\\\/WhatsApp_Image_2026-09-02_at_10.38.07.jpg\",\"width\":1599,\"height\":899},{\"@type\":\"BreadcrumbList\",\"@id\":\"https:\\\/\\\/portalcapixaba.com\\\/?p=14431#breadcrumb\",\"itemListElement\":[{\"@type\":\"ListItem\",\"position\":1,\"name\":\"Home\",\"item\":\"https:\\\/\\\/portalcapixaba.com\\\/\"},{\"@type\":\"ListItem\",\"position\":2,\"name\":\"Opera\u00e7\u00e3o Mar\u00e9 Baixa: Pol\u00edcia Penal, Pol\u00edcia Civil e Guarda Municipal de Viana prendem fugitivo do sistema prisional em apartamento de luxo na Praia da Costa\"}]},{\"@type\":\"WebSite\",\"@id\":\"https:\\\/\\\/portalcapixaba.com\\\/#website\",\"url\":\"https:\\\/\\\/portalcapixaba.com\\\/\",\"name\":\"Portal Capixaba\",\"description\":\"\",\"potentialAction\":[{\"@type\":\"SearchAction\",\"target\":{\"@type\":\"EntryPoint\",\"urlTemplate\":\"https:\\\/\\\/portalcapixaba.com\\\/?s={search_term_string}\"},\"query-input\":{\"@type\":\"PropertyValueSpecification\",\"valueRequired\":true,\"valueName\":\"search_term_string\"}}],\"inLanguage\":\"pt-BR\"},{\"@type\":\"Person\",\"@id\":\"https:\\\/\\\/portalcapixaba.com\\\/#\\\/schema\\\/person\\\/bcd337770ede8facc9d17a424328bf4b\",\"name\":\"jane boldt\",\"image\":{\"@type\":\"ImageObject\",\"inLanguage\":\"pt-BR\",\"@id\":\"https:\\\/\\\/secure.gravatar.com\\\/avatar\\\/0c30036a196ee4fe42305219849d553f713d275a5d9eddafc5bc93dc51582d78?s=96&d=mm&r=g\",\"url\":\"https:\\\/\\\/secure.gravatar.com\\\/avatar\\\/0c30036a196ee4fe42305219849d553f713d275a5d9eddafc5bc93dc51582d78?s=96&d=mm&r=g\",\"contentUrl\":\"https:\\\/\\\/secure.gravatar.com\\\/avatar\\\/0c30036a196ee4fe42305219849d553f713d275a5d9eddafc5bc93dc51582d78?s=96&d=mm&r=g\",\"caption\":\"jane boldt\"},\"sameAs\":[\"http:\\\/\\\/portalcapixaba.com.br\"],\"url\":\"https:\\\/\\\/portalcapixaba.com\\\/?author=3\"}]}<\/script>\n<!-- \/ Yoast SEO Premium plugin. -->","yoast_head_json":{"title":"Opera\u00e7\u00e3o Mar\u00e9 Baixa: Pol\u00edcia Penal, Pol\u00edcia Civil e Guarda Municipal de Viana prendem fugitivo do sistema prisional em apartamento de luxo na Praia da Costa - Portal Capixaba","description":"A Pol\u00edcia Penal do Esp\u00edrito Santo, em a\u00e7\u00e3o integrada com a Pol\u00edcia Civil (DENARC) e a Guarda Municipal de Viana, deflagrou, na manh\u00e3 desta quarta-feira (2), a Opera\u00e7\u00e3o Mar\u00e9 Baixa, que resultou na pris\u00e3o de Ant\u00f4nio Eduardo Almeida Lube, fugitivo do sistema prisional e condenado judicialmente por homic\u00eddio.","robots":{"index":"index","follow":"follow","max-snippet":"max-snippet:-1","max-image-preview":"max-image-preview:large","max-video-preview":"max-video-preview:-1"},"canonical":"https:\/\/portalcapixaba.com\/?p=14431","og_locale":"pt_BR","og_type":"article","og_title":"Opera\u00e7\u00e3o Mar\u00e9 Baixa: Pol\u00edcia Penal, Pol\u00edcia Civil e Guarda Municipal de Viana prendem fugitivo do sistema prisional em apartamento de luxo na Praia da Costa","og_description":"A Pol\u00edcia Penal do Esp\u00edrito Santo, em a\u00e7\u00e3o integrada com a Pol\u00edcia Civil (DENARC) e a Guarda Municipal de Viana, deflagrou, na manh\u00e3 desta quarta-feira (2), a Opera\u00e7\u00e3o Mar\u00e9 Baixa, que resultou na pris\u00e3o de Ant\u00f4nio Eduardo Almeida Lube, fugitivo do sistema prisional e condenado judicialmente por homic\u00eddio.","og_url":"https:\/\/portalcapixaba.com\/?p=14431","og_site_name":"Portal Capixaba","article_published_time":"2026-09-02T20:49:45+00:00","og_image":[{"width":1599,"height":899,"url":"https:\/\/portalcapixaba.com\/wp-content\/uploads\/2026\/09\/WhatsApp_Image_2026-09-02_at_10.38.07.jpg","type":"image\/jpeg"}],"author":"jane boldt","twitter_card":"summary_large_image","twitter_misc":{"Escrito por":"jane boldt","Est. tempo de leitura":"3 minutos"},"schema":{"@context":"https:\/\/schema.org","@graph":[{"@type":["Article","NewsArticle"],"@id":"https:\/\/portalcapixaba.com\/?p=14431#article","isPartOf":{"@id":"https:\/\/portalcapixaba.com\/?p=14431"},"author":{"name":"jane boldt","@id":"https:\/\/portalcapixaba.com\/#\/schema\/person\/bcd337770ede8facc9d17a424328bf4b"},"headline":"Opera\u00e7\u00e3o Mar\u00e9 Baixa: Pol\u00edcia Penal, Pol\u00edcia Civil e Guarda Municipal de Viana prendem fugitivo do sistema prisional em apartamento de luxo na Praia da Costa","datePublished":"2026-09-02T20:49:45+00:00","mainEntityOfPage":{"@id":"https:\/\/portalcapixaba.com\/?p=14431"},"wordCount":448,"commentCount":0,"image":{"@id":"https:\/\/portalcapixaba.com\/?p=14431#primaryimage"},"thumbnailUrl":"https:\/\/portalcapixaba.com\/wp-content\/uploads\/2026\/09\/WhatsApp_Image_2026-09-02_at_10.38.07.jpg","articleSection":["Seguran\u00e7a Publica"],"inLanguage":"pt-BR","potentialAction":[{"@type":"CommentAction","name":"Comment","target":["https:\/\/portalcapixaba.com\/?p=14431#respond"]}],"copyrightYear":"2026","copyrightHolder":{"@id":"https:\/\/portalcapixaba.com\/#organization"}},{"@type":"WebPage","@id":"https:\/\/portalcapixaba.com\/?p=14431","url":"https:\/\/portalcapixaba.com\/?p=14431","name":"Opera\u00e7\u00e3o Mar\u00e9 Baixa: Pol\u00edcia Penal, Pol\u00edcia Civil e Guarda Municipal de Viana prendem fugitivo do sistema prisional em apartamento de luxo na Praia da Costa - Portal Capixaba","isPartOf":{"@id":"https:\/\/portalcapixaba.com\/#website"},"primaryImageOfPage":{"@id":"https:\/\/portalcapixaba.com\/?p=14431#primaryimage"},"image":{"@id":"https:\/\/portalcapixaba.com\/?p=14431#primaryimage"},"thumbnailUrl":"https:\/\/portalcapixaba.com\/wp-content\/uploads\/2026\/09\/WhatsApp_Image_2026-09-02_at_10.38.07.jpg","datePublished":"2026-09-02T20:49:45+00:00","author":{"@id":"https:\/\/portalcapixaba.com\/#\/schema\/person\/bcd337770ede8facc9d17a424328bf4b"},"description":"A Pol\u00edcia Penal do Esp\u00edrito Santo, em a\u00e7\u00e3o integrada com a Pol\u00edcia Civil (DENARC) e a Guarda Municipal de Viana, deflagrou, na manh\u00e3 desta quarta-feira (2), a Opera\u00e7\u00e3o Mar\u00e9 Baixa, que resultou na pris\u00e3o de Ant\u00f4nio Eduardo Almeida Lube, fugitivo do sistema prisional e condenado judicialmente por homic\u00eddio.","breadcrumb":{"@id":"https:\/\/portalcapixaba.com\/?p=14431#breadcrumb"},"inLanguage":"pt-BR","potentialAction":[{"@type":"ReadAction","target":["https:\/\/portalcapixaba.com\/?p=14431"]}]},{"@type":"ImageObject","inLanguage":"pt-BR","@id":"https:\/\/portalcapixaba.com\/?p=14431#primaryimage","url":"https:\/\/portalcapixaba.com\/wp-content\/uploads\/2026\/09\/WhatsApp_Image_2026-09-02_at_10.38.07.jpg","contentUrl":"https:\/\/portalcapixaba.com\/wp-content\/uploads\/2026\/09\/WhatsApp_Image_2026-09-02_at_10.38.07.jpg","width":1599,"height":899},{"@type":"BreadcrumbList","@id":"https:\/\/portalcapixaba.com\/?p=14431#breadcrumb","itemListElement":[{"@type":"ListItem","position":1,"name":"Home","item":"https:\/\/portalcapixaba.com\/"},{"@type":"ListItem","position":2,"name":"Opera\u00e7\u00e3o Mar\u00e9 Baixa: Pol\u00edcia Penal, Pol\u00edcia Civil e Guarda Municipal de Viana prendem fugitivo do sistema prisional em apartamento de luxo na Praia da Costa"}]},{"@type":"WebSite","@id":"https:\/\/portalcapixaba.com\/#website","url":"https:\/\/portalcapixaba.com\/","name":"Portal Capixaba","description":"","potentialAction":[{"@type":"SearchAction","target":{"@type":"EntryPoint","urlTemplate":"https:\/\/portalcapixaba.com\/?s={search_term_string}"},"query-input":{"@type":"PropertyValueSpecification","valueRequired":true,"valueName":"search_term_string"}}],"inLanguage":"pt-BR"},{"@type":"Person","@id":"https:\/\/portalcapixaba.com\/#\/schema\/person\/bcd337770ede8facc9d17a424328bf4b","name":"jane boldt","image":{"@type":"ImageObject","inLanguage":"pt-BR","@id":"https:\/\/secure.gravatar.com\/avatar\/0c30036a196ee4fe42305219849d553f713d275a5d9eddafc5bc93dc51582d78?s=96&d=mm&r=g","url":"https:\/\/secure.gravatar.com\/avatar\/0c30036a196ee4fe42305219849d553f713d275a5d9eddafc5bc93dc51582d78?s=96&d=mm&r=g","contentUrl":"https:\/\/secure.gravatar.com\/avatar\/0c30036a196ee4fe42305219849d553f713d275a5d9eddafc5bc93dc51582d78?s=96&d=mm&r=g","caption":"jane boldt"},"sameAs":["http:\/\/portalcapixaba.com.br"],"url":"https:\/\/portalcapixaba.com\/?author=3"}]}},"_links":{"self":[{"href":"https:\/\/portalcapixaba.com\/index.php?rest_route=\/wp\/v2\/posts\/14431","targetHints":{"allow":["GET"]}}],"collection":[{"href":"https:\/\/portalcapixaba.com\/index.php?rest_route=\/wp\/v2\/posts"}],"about":[{"href":"https:\/\/portalcapixaba.com\/index.php?rest_route=\/wp\/v2\/types\/post"}],"author":[{"embeddable":true,"href":"https:\/\/portalcapixaba.com\/index.php?rest_route=\/wp\/v2\/users\/3"}],"replies":[{"embeddable":true,"href":"https:\/\/portalcapixaba.com\/index.php?rest_route=%2Fwp%2Fv2%2Fcomments&post=14431"}],"version-history":[{"count":1,"href":"https:\/\/portalcapixaba.com\/index.php?rest_route=\/wp\/v2\/posts\/14431\/revisions"}],"predecessor-version":[{"id":14433,"href":"https:\/\/portalcapixaba.com\/index.php?rest_route=\/wp\/v2\/posts\/14431\/revisions\/14433"}],"wp:featuredmedia":[{"embeddable":true,"href":"https:\/\/portalcapixaba.com\/index.php?rest_route=\/wp\/v2\/media\/14432"}],"wp:attachment":[{"href":"https:\/\/portalcapixaba.com\/index.php?rest_route=%2Fwp%2Fv2%2Fmedia&parent=14431"}],"wp:term":[{"taxonomy":"category","embeddable":true,"href":"https:\/\/portalcapixaba.com\/index.php?rest_route=%2Fwp%2Fv2%2Fcategories&post=14431"},{"taxonomy":"post_tag","embeddable":true,"href":"https:\/\/portalcapixaba.com\/index.php?rest_route=%2Fwp%2Fv2%2Ftags&post=14431"}],"curies":[{"name":"wp","href":"https:\/\/api.w.org\/{rel}","templated":true}]}}