{"id":14434,"date":"2026-09-02T17:57:08","date_gmt":"2026-09-02T20:57:08","guid":{"rendered":"https:\/\/portalcapixaba.com\/?p=14434"},"modified":"2026-09-02T17:57:08","modified_gmt":"2026-09-02T20:57:08","slug":"desfile-de-7-de-setembro-confira-as-mudancas-no-transito-na-capital-para-o-evento","status":"publish","type":"post","link":"https:\/\/portalcapixaba.com\/?p=14434","title":{"rendered":"Desfile de 7 de Setembro: confira as mudan\u00e7as no tr\u00e2nsito na capital para o evento"},"content":{"rendered":"<p>Na pr\u00f3xima segunda-feira (7), Vit\u00f3ria vai sediar o tradicional Desfile C\u00edvico-Militar do Esp\u00edrito Santo. Para que o evento aconte\u00e7a em seguran\u00e7a e a mobilidade seja mantida, a Secretaria Municipal de Seguran\u00e7a de Urbana (<abbr>Semsu<\/abbr>) organizou as interven\u00e7\u00f5es nas ruas e avenidas da capital capixaba.<\/p>\n<h4>Interven\u00e7\u00f5es noturnas<\/h4>\n<p>As altera\u00e7\u00f5es no tr\u00e2nsito come\u00e7am dias antes do evento e afetar\u00e3o os motoristas que seguem da Vila Rubim para Camburi. Durante a semana, os condutores que passarem pelo Centro encontrar\u00e3o um bloqueio no Porto de Vit\u00f3ria, a partir das 22h, n\u00e3o sendo poss\u00edvel acessar a Avenida Marechal Mascarenhas de Moraes (Avenida Beira-Mar).<\/p>\n<p>No per\u00edodo entre 21h e 5h, o trecho entre o Porto de Vit\u00f3ria e o estacionamento do pr\u00e9dio do Minist\u00e9rio da Economia ser\u00e1 totalmente bloqueado.<\/p>\n<p>O tr\u00e2nsito do sentido Cariacica-Camburi ser\u00e1 desviado para a Avenida Governador Bley, na altura da Pra\u00e7a Oito. J\u00e1 o fluxo contr\u00e1rio, Camburi-Cariacica, ser\u00e1 desviado na altura da Curva do Saldanha, no Forte S\u00e3o Jo\u00e3o, para a Rua Alda Maria Lyra Vicentini (rua do Condom\u00ednio Ultramar). O fluxo retorna \u00e0 normalidade \u00e0s 5h.<\/p>\n<h4>Dia do desfile<\/h4>\n<p>Na segunda-feira (7), a partir das 5h, os condutores que seguem no sentido Camburi-Centro encontrar\u00e3o a Avenida Marechal Mascarenhas de Moraes (Avenida Beira-Mar) bloqueada na altura do antigo terminal Dom Bosco. Os ve\u00edculos dever\u00e3o seguir pela Rua do Dom Bosco, que fica na lateral da Arena Dom Bosco, logo depois da Receita Federal.<\/p>\n<p>Quem sair de Camburi, Goiabeiras e Serra para ir ao Centro de Vit\u00f3ria ou Cariacica dever\u00e1 seguir pela Avenida Vit\u00f3ria e Avenida Jer\u00f4nimo Monteiro. N\u00e3o haver\u00e1 a op\u00e7\u00e3o de acessar a Avenida Princesa Isabel, no Centro, pois ela estar\u00e1 bloqueada a partir da Curva do Saldanha.<\/p>\n<p>No sentido contr\u00e1rio, Cariacica-Camburi, haver\u00e1 interdi\u00e7\u00e3o da Avenida Marechal Mascarenhas de Moraes (Avenida Beira-Mar) do Porto de Vit\u00f3ria, no Centro, at\u00e9 a Curva do Saldanha, no Forte S\u00e3o Jo\u00e3o, entre 5h e 23h. O hor\u00e1rio estendido deve-se ao desmonte das estruturas do desfile. N\u00e3o haver\u00e1 Rua de Lazer.<\/p>\n<p>Dentro deste hor\u00e1rio, a via alternativa ser\u00e1 a Avenida Governador Bley (na altura da Pra\u00e7a Oito) e Avenida Princesa Isabel para os condutores que precisam seguir de Cariacica ou do Centro pelo sentido Camburi.<\/p>\n<p>A primeira dica \u00e9 para quem pretende assistir ao desfile: prefira ir de bicicleta, carro por aplicativo ou coletivo. &#8220;\u00c9 um evento bonito e muita gente gosta de prestigiar. No entanto, ele acontece em uma \u00e1rea com pouqu\u00edssimas vagas de estacionamento. Por isso, orientamos o p\u00fablico a evitar ir de carro pr\u00f3prio&#8221;, destaca o coordenador Brandino, da Ger\u00eancia de Opera\u00e7\u00f5es de Tr\u00e2nsito da Guarda de Vit\u00f3ria.<\/p>\n<h4>Rotas alternativas<\/h4>\n<p>No dia do desfile, para escapar dessas mudan\u00e7as e do aglomerado de estudantes e for\u00e7as de seguran\u00e7a que participam do evento, a Guarda Civil Municipal de Vit\u00f3ria (GCMV) orienta os condutores a evitarem a regi\u00e3o do Centro.<\/p>\n<p>Um trajeto alternativo \u00e9 a Rodovia Serafim Derenzi, que liga Maru\u00edpe, na altura do Quartel da Pol\u00edcia Militar, a Santo Ant\u00f4nio, j\u00e1 desembocando no Samb\u00e3o do Povo. Para os motoristas que precisam sair de Cariacica ou Vila Velha, a sugest\u00e3o \u00e9 passar pela Terceira Ponte.<\/p>\n<p class=\"data-publicacao\"><em>Publicada em\u00a0<time datetime=\"2026-09-02 12:10:00\">02\/09\/2026, \u00e0s 12h10<\/time>\u00a0| Atualizada em\u00a0<time datetime=\"2026-09-02 12:10:55\">02\/09\/2026, \u00e0s 12h10 em PMV<\/time><\/em><\/p>\n<p class=\"autoria\">Por Glacieri Carraretto (<a href=\"mailto:gcpereira@vitoria.es.gov.br\">gcpereira@vitoria.es.gov.br<\/a>), com edi\u00e7\u00e3o de Andreza Lopes<br \/>\nFoto: <span style=\"font-size: 16px;\">Marcos Salles<\/span><\/p>\n","protected":false},"excerpt":{"rendered":"<p>Na pr\u00f3xima segunda-feira (7), Vit\u00f3ria vai sediar o tradicional Desfile C\u00edvico-Militar do Esp\u00edrito Santo. Para que o evento aconte\u00e7a em seguran\u00e7a e a mobilidade seja mantida, a Secretaria Municipal de Seguran\u00e7a de Urbana (Semsu) organizou as interven\u00e7\u00f5es nas ruas e avenidas da capital capixaba. Interven\u00e7\u00f5es noturnas As altera\u00e7\u00f5es no tr\u00e2nsito come\u00e7am dias antes do evento [&hellip;]<\/p>\n","protected":false},"author":3,"featured_media":14435,"comment_status":"open","ping_status":"open","sticky":false,"template":"","format":"standard","meta":{"om_disable_all_campaigns":false,"_monsterinsights_skip_tracking":false,"_monsterinsights_sitenote_active":false,"_monsterinsights_sitenote_note":"","_monsterinsights_sitenote_category":0,"footnotes":""},"categories":[50],"tags":[],"class_list":["post-14434","post","type-post","status-publish","format-standard","has-post-thumbnail","hentry","category-politica"],"yoast_head":"<!-- This site is optimized with the Yoast SEO Premium plugin v21.9 (Yoast SEO v27.8) - https:\/\/yoast.com\/product\/yoast-seo-premium-wordpress\/ -->\n<title>Desfile de 7 de Setembro: confira as mudan\u00e7as no tr\u00e2nsito na capital para o evento - Portal Capixaba<\/title>\n<meta name=\"robots\" content=\"index, follow, max-snippet:-1, max-image-preview:large, max-video-preview:-1\" \/>\n<link rel=\"canonical\" href=\"https:\/\/portalcapixaba.com\/?p=14434\" \/>\n<meta property=\"og:locale\" content=\"pt_BR\" \/>\n<meta property=\"og:type\" content=\"article\" \/>\n<meta property=\"og:title\" content=\"Desfile de 7 de Setembro: confira as mudan\u00e7as no tr\u00e2nsito na capital para o evento\" \/>\n<meta property=\"og:description\" content=\"Na pr\u00f3xima segunda-feira (7), Vit\u00f3ria vai sediar o tradicional Desfile C\u00edvico-Militar do Esp\u00edrito Santo. Para que o evento aconte\u00e7a em seguran\u00e7a e a mobilidade seja mantida, a Secretaria Municipal de Seguran\u00e7a de Urbana (Semsu) organizou as interven\u00e7\u00f5es nas ruas e avenidas da capital capixaba. Interven\u00e7\u00f5es noturnas As altera\u00e7\u00f5es no tr\u00e2nsito come\u00e7am dias antes do evento [&hellip;]\" \/>\n<meta property=\"og:url\" content=\"https:\/\/portalcapixaba.com\/?p=14434\" \/>\n<meta property=\"og:site_name\" content=\"Portal Capixaba\" \/>\n<meta property=\"article:published_time\" content=\"2026-09-02T20:57:08+00:00\" \/>\n<meta property=\"og:image\" content=\"https:\/\/portalcapixaba.com\/wp-content\/uploads\/2026\/09\/normal@2x-10.jpg\" \/>\n\t<meta property=\"og:image:width\" content=\"700\" \/>\n\t<meta property=\"og:image:height\" content=\"466\" \/>\n\t<meta property=\"og:image:type\" content=\"image\/jpeg\" \/>\n<meta name=\"author\" content=\"jane boldt\" \/>\n<meta name=\"twitter:card\" content=\"summary_large_image\" \/>\n<meta name=\"twitter:label1\" content=\"Escrito por\" \/>\n\t<meta name=\"twitter:data1\" content=\"jane boldt\" \/>\n\t<meta name=\"twitter:label2\" content=\"Est. tempo de leitura\" \/>\n\t<meta name=\"twitter:data2\" content=\"4 minutos\" \/>\n<script type=\"application\/ld+json\" class=\"yoast-schema-graph\">{\"@context\":\"https:\\\/\\\/schema.org\",\"@graph\":[{\"@type\":[\"Article\",\"NewsArticle\"],\"@id\":\"https:\\\/\\\/portalcapixaba.com\\\/?p=14434#article\",\"isPartOf\":{\"@id\":\"https:\\\/\\\/portalcapixaba.com\\\/?p=14434\"},\"author\":{\"name\":\"jane boldt\",\"@id\":\"https:\\\/\\\/portalcapixaba.com\\\/#\\\/schema\\\/person\\\/bcd337770ede8facc9d17a424328bf4b\"},\"headline\":\"Desfile de 7 de Setembro: confira as mudan\u00e7as no tr\u00e2nsito na capital para o evento\",\"datePublished\":\"2026-09-02T20:57:08+00:00\",\"mainEntityOfPage\":{\"@id\":\"https:\\\/\\\/portalcapixaba.com\\\/?p=14434\"},\"wordCount\":606,\"commentCount\":0,\"image\":{\"@id\":\"https:\\\/\\\/portalcapixaba.com\\\/?p=14434#primaryimage\"},\"thumbnailUrl\":\"https:\\\/\\\/portalcapixaba.com\\\/wp-content\\\/uploads\\\/2026\\\/09\\\/normal@2x-10.jpg\",\"articleSection\":[\"Pol\u00edtica\"],\"inLanguage\":\"pt-BR\",\"potentialAction\":[{\"@type\":\"CommentAction\",\"name\":\"Comment\",\"target\":[\"https:\\\/\\\/portalcapixaba.com\\\/?p=14434#respond\"]}],\"copyrightYear\":\"2026\",\"copyrightHolder\":{\"@id\":\"https:\\\/\\\/portalcapixaba.com\\\/#organization\"}},{\"@type\":\"WebPage\",\"@id\":\"https:\\\/\\\/portalcapixaba.com\\\/?p=14434\",\"url\":\"https:\\\/\\\/portalcapixaba.com\\\/?p=14434\",\"name\":\"Desfile de 7 de Setembro: confira as mudan\u00e7as no tr\u00e2nsito na capital para o evento - Portal Capixaba\",\"isPartOf\":{\"@id\":\"https:\\\/\\\/portalcapixaba.com\\\/#website\"},\"primaryImageOfPage\":{\"@id\":\"https:\\\/\\\/portalcapixaba.com\\\/?p=14434#primaryimage\"},\"image\":{\"@id\":\"https:\\\/\\\/portalcapixaba.com\\\/?p=14434#primaryimage\"},\"thumbnailUrl\":\"https:\\\/\\\/portalcapixaba.com\\\/wp-content\\\/uploads\\\/2026\\\/09\\\/normal@2x-10.jpg\",\"datePublished\":\"2026-09-02T20:57:08+00:00\",\"author\":{\"@id\":\"https:\\\/\\\/portalcapixaba.com\\\/#\\\/schema\\\/person\\\/bcd337770ede8facc9d17a424328bf4b\"},\"breadcrumb\":{\"@id\":\"https:\\\/\\\/portalcapixaba.com\\\/?p=14434#breadcrumb\"},\"inLanguage\":\"pt-BR\",\"potentialAction\":[{\"@type\":\"ReadAction\",\"target\":[\"https:\\\/\\\/portalcapixaba.com\\\/?p=14434\"]}]},{\"@type\":\"ImageObject\",\"inLanguage\":\"pt-BR\",\"@id\":\"https:\\\/\\\/portalcapixaba.com\\\/?p=14434#primaryimage\",\"url\":\"https:\\\/\\\/portalcapixaba.com\\\/wp-content\\\/uploads\\\/2026\\\/09\\\/normal@2x-10.jpg\",\"contentUrl\":\"https:\\\/\\\/portalcapixaba.com\\\/wp-content\\\/uploads\\\/2026\\\/09\\\/normal@2x-10.jpg\",\"width\":700,\"height\":466,\"caption\":\"DESFILE CIVICO 07 SETEMBRO\"},{\"@type\":\"BreadcrumbList\",\"@id\":\"https:\\\/\\\/portalcapixaba.com\\\/?p=14434#breadcrumb\",\"itemListElement\":[{\"@type\":\"ListItem\",\"position\":1,\"name\":\"Home\",\"item\":\"https:\\\/\\\/portalcapixaba.com\\\/\"},{\"@type\":\"ListItem\",\"position\":2,\"name\":\"Desfile de 7 de Setembro: confira as mudan\u00e7as no tr\u00e2nsito na capital para o evento\"}]},{\"@type\":\"WebSite\",\"@id\":\"https:\\\/\\\/portalcapixaba.com\\\/#website\",\"url\":\"https:\\\/\\\/portalcapixaba.com\\\/\",\"name\":\"Portal Capixaba\",\"description\":\"\",\"potentialAction\":[{\"@type\":\"SearchAction\",\"target\":{\"@type\":\"EntryPoint\",\"urlTemplate\":\"https:\\\/\\\/portalcapixaba.com\\\/?s={search_term_string}\"},\"query-input\":{\"@type\":\"PropertyValueSpecification\",\"valueRequired\":true,\"valueName\":\"search_term_string\"}}],\"inLanguage\":\"pt-BR\"},{\"@type\":\"Person\",\"@id\":\"https:\\\/\\\/portalcapixaba.com\\\/#\\\/schema\\\/person\\\/bcd337770ede8facc9d17a424328bf4b\",\"name\":\"jane boldt\",\"image\":{\"@type\":\"ImageObject\",\"inLanguage\":\"pt-BR\",\"@id\":\"https:\\\/\\\/secure.gravatar.com\\\/avatar\\\/0c30036a196ee4fe42305219849d553f713d275a5d9eddafc5bc93dc51582d78?s=96&d=mm&r=g\",\"url\":\"https:\\\/\\\/secure.gravatar.com\\\/avatar\\\/0c30036a196ee4fe42305219849d553f713d275a5d9eddafc5bc93dc51582d78?s=96&d=mm&r=g\",\"contentUrl\":\"https:\\\/\\\/secure.gravatar.com\\\/avatar\\\/0c30036a196ee4fe42305219849d553f713d275a5d9eddafc5bc93dc51582d78?s=96&d=mm&r=g\",\"caption\":\"jane boldt\"},\"sameAs\":[\"http:\\\/\\\/portalcapixaba.com.br\"],\"url\":\"https:\\\/\\\/portalcapixaba.com\\\/?author=3\"}]}<\/script>\n<!-- \/ Yoast SEO Premium plugin. -->","yoast_head_json":{"title":"Desfile de 7 de Setembro: confira as mudan\u00e7as no tr\u00e2nsito na capital para o evento - Portal Capixaba","robots":{"index":"index","follow":"follow","max-snippet":"max-snippet:-1","max-image-preview":"max-image-preview:large","max-video-preview":"max-video-preview:-1"},"canonical":"https:\/\/portalcapixaba.com\/?p=14434","og_locale":"pt_BR","og_type":"article","og_title":"Desfile de 7 de Setembro: confira as mudan\u00e7as no tr\u00e2nsito na capital para o evento","og_description":"Na pr\u00f3xima segunda-feira (7), Vit\u00f3ria vai sediar o tradicional Desfile C\u00edvico-Militar do Esp\u00edrito Santo. Para que o evento aconte\u00e7a em seguran\u00e7a e a mobilidade seja mantida, a Secretaria Municipal de Seguran\u00e7a de Urbana (Semsu) organizou as interven\u00e7\u00f5es nas ruas e avenidas da capital capixaba. Interven\u00e7\u00f5es noturnas As altera\u00e7\u00f5es no tr\u00e2nsito come\u00e7am dias antes do evento [&hellip;]","og_url":"https:\/\/portalcapixaba.com\/?p=14434","og_site_name":"Portal Capixaba","article_published_time":"2026-09-02T20:57:08+00:00","og_image":[{"width":700,"height":466,"url":"https:\/\/portalcapixaba.com\/wp-content\/uploads\/2026\/09\/normal@2x-10.jpg","type":"image\/jpeg"}],"author":"jane boldt","twitter_card":"summary_large_image","twitter_misc":{"Escrito por":"jane boldt","Est. tempo de leitura":"4 minutos"},"schema":{"@context":"https:\/\/schema.org","@graph":[{"@type":["Article","NewsArticle"],"@id":"https:\/\/portalcapixaba.com\/?p=14434#article","isPartOf":{"@id":"https:\/\/portalcapixaba.com\/?p=14434"},"author":{"name":"jane boldt","@id":"https:\/\/portalcapixaba.com\/#\/schema\/person\/bcd337770ede8facc9d17a424328bf4b"},"headline":"Desfile de 7 de Setembro: confira as mudan\u00e7as no tr\u00e2nsito na capital para o evento","datePublished":"2026-09-02T20:57:08+00:00","mainEntityOfPage":{"@id":"https:\/\/portalcapixaba.com\/?p=14434"},"wordCount":606,"commentCount":0,"image":{"@id":"https:\/\/portalcapixaba.com\/?p=14434#primaryimage"},"thumbnailUrl":"https:\/\/portalcapixaba.com\/wp-content\/uploads\/2026\/09\/normal@2x-10.jpg","articleSection":["Pol\u00edtica"],"inLanguage":"pt-BR","potentialAction":[{"@type":"CommentAction","name":"Comment","target":["https:\/\/portalcapixaba.com\/?p=14434#respond"]}],"copyrightYear":"2026","copyrightHolder":{"@id":"https:\/\/portalcapixaba.com\/#organization"}},{"@type":"WebPage","@id":"https:\/\/portalcapixaba.com\/?p=14434","url":"https:\/\/portalcapixaba.com\/?p=14434","name":"Desfile de 7 de Setembro: confira as mudan\u00e7as no tr\u00e2nsito na capital para o evento - Portal Capixaba","isPartOf":{"@id":"https:\/\/portalcapixaba.com\/#website"},"primaryImageOfPage":{"@id":"https:\/\/portalcapixaba.com\/?p=14434#primaryimage"},"image":{"@id":"https:\/\/portalcapixaba.com\/?p=14434#primaryimage"},"thumbnailUrl":"https:\/\/portalcapixaba.com\/wp-content\/uploads\/2026\/09\/normal@2x-10.jpg","datePublished":"2026-09-02T20:57:08+00:00","author":{"@id":"https:\/\/portalcapixaba.com\/#\/schema\/person\/bcd337770ede8facc9d17a424328bf4b"},"breadcrumb":{"@id":"https:\/\/portalcapixaba.com\/?p=14434#breadcrumb"},"inLanguage":"pt-BR","potentialAction":[{"@type":"ReadAction","target":["https:\/\/portalcapixaba.com\/?p=14434"]}]},{"@type":"ImageObject","inLanguage":"pt-BR","@id":"https:\/\/portalcapixaba.com\/?p=14434#primaryimage","url":"https:\/\/portalcapixaba.com\/wp-content\/uploads\/2026\/09\/normal@2x-10.jpg","contentUrl":"https:\/\/portalcapixaba.com\/wp-content\/uploads\/2026\/09\/normal@2x-10.jpg","width":700,"height":466,"caption":"DESFILE CIVICO 07 SETEMBRO"},{"@type":"BreadcrumbList","@id":"https:\/\/portalcapixaba.com\/?p=14434#breadcrumb","itemListElement":[{"@type":"ListItem","position":1,"name":"Home","item":"https:\/\/portalcapixaba.com\/"},{"@type":"ListItem","position":2,"name":"Desfile de 7 de Setembro: confira as mudan\u00e7as no tr\u00e2nsito na capital para o evento"}]},{"@type":"WebSite","@id":"https:\/\/portalcapixaba.com\/#website","url":"https:\/\/portalcapixaba.com\/","name":"Portal Capixaba","description":"","potentialAction":[{"@type":"SearchAction","target":{"@type":"EntryPoint","urlTemplate":"https:\/\/portalcapixaba.com\/?s={search_term_string}"},"query-input":{"@type":"PropertyValueSpecification","valueRequired":true,"valueName":"search_term_string"}}],"inLanguage":"pt-BR"},{"@type":"Person","@id":"https:\/\/portalcapixaba.com\/#\/schema\/person\/bcd337770ede8facc9d17a424328bf4b","name":"jane boldt","image":{"@type":"ImageObject","inLanguage":"pt-BR","@id":"https:\/\/secure.gravatar.com\/avatar\/0c30036a196ee4fe42305219849d553f713d275a5d9eddafc5bc93dc51582d78?s=96&d=mm&r=g","url":"https:\/\/secure.gravatar.com\/avatar\/0c30036a196ee4fe42305219849d553f713d275a5d9eddafc5bc93dc51582d78?s=96&d=mm&r=g","contentUrl":"https:\/\/secure.gravatar.com\/avatar\/0c30036a196ee4fe42305219849d553f713d275a5d9eddafc5bc93dc51582d78?s=96&d=mm&r=g","caption":"jane boldt"},"sameAs":["http:\/\/portalcapixaba.com.br"],"url":"https:\/\/portalcapixaba.com\/?author=3"}]}},"_links":{"self":[{"href":"https:\/\/portalcapixaba.com\/index.php?rest_route=\/wp\/v2\/posts\/14434","targetHints":{"allow":["GET"]}}],"collection":[{"href":"https:\/\/portalcapixaba.com\/index.php?rest_route=\/wp\/v2\/posts"}],"about":[{"href":"https:\/\/portalcapixaba.com\/index.php?rest_route=\/wp\/v2\/types\/post"}],"author":[{"embeddable":true,"href":"https:\/\/portalcapixaba.com\/index.php?rest_route=\/wp\/v2\/users\/3"}],"replies":[{"embeddable":true,"href":"https:\/\/portalcapixaba.com\/index.php?rest_route=%2Fwp%2Fv2%2Fcomments&post=14434"}],"version-history":[{"count":1,"href":"https:\/\/portalcapixaba.com\/index.php?rest_route=\/wp\/v2\/posts\/14434\/revisions"}],"predecessor-version":[{"id":14436,"href":"https:\/\/portalcapixaba.com\/index.php?rest_route=\/wp\/v2\/posts\/14434\/revisions\/14436"}],"wp:featuredmedia":[{"embeddable":true,"href":"https:\/\/portalcapixaba.com\/index.php?rest_route=\/wp\/v2\/media\/14435"}],"wp:attachment":[{"href":"https:\/\/portalcapixaba.com\/index.php?rest_route=%2Fwp%2Fv2%2Fmedia&parent=14434"}],"wp:term":[{"taxonomy":"category","embeddable":true,"href":"https:\/\/portalcapixaba.com\/index.php?rest_route=%2Fwp%2Fv2%2Fcategories&post=14434"},{"taxonomy":"post_tag","embeddable":true,"href":"https:\/\/portalcapixaba.com\/index.php?rest_route=%2Fwp%2Fv2%2Ftags&post=14434"}],"curies":[{"name":"wp","href":"https:\/\/api.w.org\/{rel}","templated":true}]}}