{"id":14437,"date":"2026-09-03T20:39:33","date_gmt":"2026-09-03T23:39:33","guid":{"rendered":"https:\/\/portalcapixaba.com\/?p=14437"},"modified":"2026-09-03T20:39:33","modified_gmt":"2026-09-03T23:39:33","slug":"sao-jose-do-queimado-se-destaca-no-turismo-historico-da-serra","status":"publish","type":"post","link":"https:\/\/portalcapixaba.com\/?p=14437","title":{"rendered":"S\u00e3o Jos\u00e9 do Queimado se destaca no turismo hist\u00f3rico da Serra"},"content":{"rendered":"<p>Mais de 24 mil pessoas visitaram o S\u00edtio Hist\u00f3rico de S\u00e3o Jos\u00e9 do Queimado, na Serra, nos primeiros seis meses de 2026. O espa\u00e7o recebeu estudantes, escolas, pesquisadores, estudiosos e turistas interessados em conhecer um dos cap\u00edtulos mais marcantes da hist\u00f3ria do Esp\u00edrito Santo.<\/p>\n<p>O fluxo de visitantes refor\u00e7a o potencial do local como destino de turismo cultural e ocorre em um momento de reconhecimento nacional. Recentemente, Queimado foi tombado pelo Instituto do Patrim\u00f4nio Hist\u00f3rico e Art\u00edstico Nacional (Iphan) como Patrim\u00f4nio Cultural Brasileiro, ampliando a relev\u00e2ncia do s\u00edtio para a preserva\u00e7\u00e3o da mem\u00f3ria e da identidade capixaba e brasileira.<\/p>\n<p>O levantamento \u00e9 da Prefeitura da Serra, por meio da Secretaria de Turismo, Cultura, Esporte e Lazer (Setur), e re\u00fane diferentes perfis de pessoas que chegam ao local em busca de conhecimento, pesquisa, cultura e experi\u00eancias relacionadas \u00e0 forma\u00e7\u00e3o hist\u00f3rica do munic\u00edpio.<\/p>\n<p>Para o prefeito da Serra, Weverson Meireles, o aumento da visita\u00e7\u00e3o e o reconhecimento nacional refor\u00e7am a import\u00e2ncia de preservar esse legado e, ao mesmo tempo, ampliar seu potencial tur\u00edstico. \u00a0\u201cS\u00e3o Jos\u00e9 do Queimado \u00e9 um patrim\u00f4nio que conta uma parte fundamental da nossa hist\u00f3ria e da forma\u00e7\u00e3o da Serra. Ver esse espa\u00e7o sendo cada vez mais visitado e reconhecido mostra a import\u00e2ncia de preservar a nossa mem\u00f3ria e, ao mesmo tempo, transformar esse patrim\u00f4nio em uma oportunidade para fortalecer o turismo, movimentar a economia e valorizar a identidade da nossa cidade\u201d, destacou o prefeito.<\/p>\n<p>A secret\u00e1ria de Turismo, Cultura, Esporte e Lazer, Wanessa Bruno, ressalta que o crescimento da visita\u00e7\u00e3o demonstra o interesse pelo local e integra as estrat\u00e9gias do munic\u00edpio para fortalecer a Serra como destino tur\u00edstico. \u201cO crescimento do n\u00famero de visitantes demonstra que existe um grande interesse em conhecer essa hist\u00f3ria e refor\u00e7a o potencial tur\u00edstico da regi\u00e3o. Nosso trabalho \u00e9 ampliar a divulga\u00e7\u00e3o, incentivar a visita\u00e7\u00e3o e criar cada vez mais condi\u00e7\u00f5es para que esse patrim\u00f4nio seja valorizado e integrado ao roteiro tur\u00edstico da Serra\u201d, afirmou.<\/p>\n<p><strong>Saiba mais sobre o S\u00edtio Hist\u00f3rico<\/strong><\/p>\n<p>S\u00e3o Jos\u00e9 do Queimado foi palco da Insurrei\u00e7\u00e3o de Queimado, em 1849, considerada a maior revolta de pessoas escravizadas do Esp\u00edrito Santo e uma das mais emblem\u00e1ticas do Brasil. O epis\u00f3dio faz do local um importante espa\u00e7o para compreender parte da hist\u00f3ria da escravid\u00e3o e das lutas por liberdade no pa\u00eds.<\/p>\n<p>Al\u00e9m da import\u00e2ncia hist\u00f3rica e cultural, o s\u00edtio oferece aos visitantes uma experi\u00eancia que combina mem\u00f3ria e natureza. Cercado por \u00e1reas verdes, o local preserva as ru\u00ednas da antiga igreja, que permanecem como testemunhas do passado e ajudam a contar a hist\u00f3ria de Queimado. O cen\u00e1rio proporciona uma experi\u00eancia de conhecimento e contato com a paisagem da regi\u00e3o.<\/p>\n<p>A visita ao S\u00edtio Hist\u00f3rico de S\u00e3o Jos\u00e9 do Queimado \u00e9 gratuita e pode ser agendada pela popula\u00e7\u00e3o pelo aplicativo Colab (<a href=\"https:\/\/serra.colab.re\/\">https:\/\/serra.colab.re\/<\/a>) ou pelo WhatsApp (27) 99854-5914.<\/p>\n","protected":false},"excerpt":{"rendered":"<p>Mais de 24 mil pessoas visitaram o S\u00edtio Hist\u00f3rico de S\u00e3o Jos\u00e9 do Queimado, na Serra, nos primeiros seis meses de 2026. O espa\u00e7o recebeu estudantes, escolas, pesquisadores, estudiosos e turistas interessados em conhecer um dos cap\u00edtulos mais marcantes da hist\u00f3ria do Esp\u00edrito Santo. O fluxo de visitantes refor\u00e7a o potencial do local como destino [&hellip;]<\/p>\n","protected":false},"author":3,"featured_media":14438,"comment_status":"open","ping_status":"open","sticky":false,"template":"","format":"standard","meta":{"om_disable_all_campaigns":false,"_monsterinsights_skip_tracking":false,"_monsterinsights_sitenote_active":false,"_monsterinsights_sitenote_note":"","_monsterinsights_sitenote_category":0,"footnotes":""},"categories":[51],"tags":[],"class_list":["post-14437","post","type-post","status-publish","format-standard","has-post-thumbnail","hentry","category-cultura-e-saude"],"yoast_head":"<!-- This site is optimized with the Yoast SEO Premium plugin v21.9 (Yoast SEO v27.8) - https:\/\/yoast.com\/product\/yoast-seo-premium-wordpress\/ -->\n<title>S\u00e3o Jos\u00e9 do Queimado se destaca no turismo hist\u00f3rico da Serra - Portal Capixaba<\/title>\n<meta name=\"robots\" content=\"index, follow, max-snippet:-1, max-image-preview:large, max-video-preview:-1\" \/>\n<link rel=\"canonical\" href=\"https:\/\/portalcapixaba.com\/?p=14437\" \/>\n<meta property=\"og:locale\" content=\"pt_BR\" \/>\n<meta property=\"og:type\" content=\"article\" \/>\n<meta property=\"og:title\" content=\"S\u00e3o Jos\u00e9 do Queimado se destaca no turismo hist\u00f3rico da Serra\" \/>\n<meta property=\"og:description\" content=\"Mais de 24 mil pessoas visitaram o S\u00edtio Hist\u00f3rico de S\u00e3o Jos\u00e9 do Queimado, na Serra, nos primeiros seis meses de 2026. O espa\u00e7o recebeu estudantes, escolas, pesquisadores, estudiosos e turistas interessados em conhecer um dos cap\u00edtulos mais marcantes da hist\u00f3ria do Esp\u00edrito Santo. O fluxo de visitantes refor\u00e7a o potencial do local como destino [&hellip;]\" \/>\n<meta property=\"og:url\" content=\"https:\/\/portalcapixaba.com\/?p=14437\" \/>\n<meta property=\"og:site_name\" content=\"Portal Capixaba\" \/>\n<meta property=\"article:published_time\" content=\"2026-09-03T23:39:33+00:00\" \/>\n<meta property=\"og:image\" content=\"https:\/\/portalcapixaba.com\/wp-content\/uploads\/2026\/09\/1731939499537-sdfsdfsdf.jpg\" \/>\n\t<meta property=\"og:image:width\" content=\"815\" \/>\n\t<meta property=\"og:image:height\" content=\"540\" \/>\n\t<meta property=\"og:image:type\" content=\"image\/jpeg\" \/>\n<meta name=\"author\" content=\"jane boldt\" \/>\n<meta name=\"twitter:card\" content=\"summary_large_image\" \/>\n<meta name=\"twitter:label1\" content=\"Escrito por\" \/>\n\t<meta name=\"twitter:data1\" content=\"jane boldt\" \/>\n\t<meta name=\"twitter:label2\" content=\"Est. tempo de leitura\" \/>\n\t<meta name=\"twitter:data2\" content=\"3 minutos\" \/>\n<script type=\"application\/ld+json\" class=\"yoast-schema-graph\">{\"@context\":\"https:\\\/\\\/schema.org\",\"@graph\":[{\"@type\":[\"Article\",\"NewsArticle\"],\"@id\":\"https:\\\/\\\/portalcapixaba.com\\\/?p=14437#article\",\"isPartOf\":{\"@id\":\"https:\\\/\\\/portalcapixaba.com\\\/?p=14437\"},\"author\":{\"name\":\"jane boldt\",\"@id\":\"https:\\\/\\\/portalcapixaba.com\\\/#\\\/schema\\\/person\\\/bcd337770ede8facc9d17a424328bf4b\"},\"headline\":\"S\u00e3o Jos\u00e9 do Queimado se destaca no turismo hist\u00f3rico da Serra\",\"datePublished\":\"2026-09-03T23:39:33+00:00\",\"mainEntityOfPage\":{\"@id\":\"https:\\\/\\\/portalcapixaba.com\\\/?p=14437\"},\"wordCount\":545,\"commentCount\":0,\"image\":{\"@id\":\"https:\\\/\\\/portalcapixaba.com\\\/?p=14437#primaryimage\"},\"thumbnailUrl\":\"https:\\\/\\\/portalcapixaba.com\\\/wp-content\\\/uploads\\\/2026\\\/09\\\/1731939499537-sdfsdfsdf.jpg\",\"articleSection\":[\"Cultura e Sa\u00fade\"],\"inLanguage\":\"pt-BR\",\"potentialAction\":[{\"@type\":\"CommentAction\",\"name\":\"Comment\",\"target\":[\"https:\\\/\\\/portalcapixaba.com\\\/?p=14437#respond\"]}],\"copyrightYear\":\"2026\",\"copyrightHolder\":{\"@id\":\"https:\\\/\\\/portalcapixaba.com\\\/#organization\"}},{\"@type\":\"WebPage\",\"@id\":\"https:\\\/\\\/portalcapixaba.com\\\/?p=14437\",\"url\":\"https:\\\/\\\/portalcapixaba.com\\\/?p=14437\",\"name\":\"S\u00e3o Jos\u00e9 do Queimado se destaca no turismo hist\u00f3rico da Serra - Portal Capixaba\",\"isPartOf\":{\"@id\":\"https:\\\/\\\/portalcapixaba.com\\\/#website\"},\"primaryImageOfPage\":{\"@id\":\"https:\\\/\\\/portalcapixaba.com\\\/?p=14437#primaryimage\"},\"image\":{\"@id\":\"https:\\\/\\\/portalcapixaba.com\\\/?p=14437#primaryimage\"},\"thumbnailUrl\":\"https:\\\/\\\/portalcapixaba.com\\\/wp-content\\\/uploads\\\/2026\\\/09\\\/1731939499537-sdfsdfsdf.jpg\",\"datePublished\":\"2026-09-03T23:39:33+00:00\",\"author\":{\"@id\":\"https:\\\/\\\/portalcapixaba.com\\\/#\\\/schema\\\/person\\\/bcd337770ede8facc9d17a424328bf4b\"},\"breadcrumb\":{\"@id\":\"https:\\\/\\\/portalcapixaba.com\\\/?p=14437#breadcrumb\"},\"inLanguage\":\"pt-BR\",\"potentialAction\":[{\"@type\":\"ReadAction\",\"target\":[\"https:\\\/\\\/portalcapixaba.com\\\/?p=14437\"]}]},{\"@type\":\"ImageObject\",\"inLanguage\":\"pt-BR\",\"@id\":\"https:\\\/\\\/portalcapixaba.com\\\/?p=14437#primaryimage\",\"url\":\"https:\\\/\\\/portalcapixaba.com\\\/wp-content\\\/uploads\\\/2026\\\/09\\\/1731939499537-sdfsdfsdf.jpg\",\"contentUrl\":\"https:\\\/\\\/portalcapixaba.com\\\/wp-content\\\/uploads\\\/2026\\\/09\\\/1731939499537-sdfsdfsdf.jpg\",\"width\":815,\"height\":540},{\"@type\":\"BreadcrumbList\",\"@id\":\"https:\\\/\\\/portalcapixaba.com\\\/?p=14437#breadcrumb\",\"itemListElement\":[{\"@type\":\"ListItem\",\"position\":1,\"name\":\"Home\",\"item\":\"https:\\\/\\\/portalcapixaba.com\\\/\"},{\"@type\":\"ListItem\",\"position\":2,\"name\":\"S\u00e3o Jos\u00e9 do Queimado se destaca no turismo hist\u00f3rico da Serra\"}]},{\"@type\":\"WebSite\",\"@id\":\"https:\\\/\\\/portalcapixaba.com\\\/#website\",\"url\":\"https:\\\/\\\/portalcapixaba.com\\\/\",\"name\":\"Portal Capixaba\",\"description\":\"\",\"potentialAction\":[{\"@type\":\"SearchAction\",\"target\":{\"@type\":\"EntryPoint\",\"urlTemplate\":\"https:\\\/\\\/portalcapixaba.com\\\/?s={search_term_string}\"},\"query-input\":{\"@type\":\"PropertyValueSpecification\",\"valueRequired\":true,\"valueName\":\"search_term_string\"}}],\"inLanguage\":\"pt-BR\"},{\"@type\":\"Person\",\"@id\":\"https:\\\/\\\/portalcapixaba.com\\\/#\\\/schema\\\/person\\\/bcd337770ede8facc9d17a424328bf4b\",\"name\":\"jane boldt\",\"image\":{\"@type\":\"ImageObject\",\"inLanguage\":\"pt-BR\",\"@id\":\"https:\\\/\\\/secure.gravatar.com\\\/avatar\\\/0c30036a196ee4fe42305219849d553f713d275a5d9eddafc5bc93dc51582d78?s=96&d=mm&r=g\",\"url\":\"https:\\\/\\\/secure.gravatar.com\\\/avatar\\\/0c30036a196ee4fe42305219849d553f713d275a5d9eddafc5bc93dc51582d78?s=96&d=mm&r=g\",\"contentUrl\":\"https:\\\/\\\/secure.gravatar.com\\\/avatar\\\/0c30036a196ee4fe42305219849d553f713d275a5d9eddafc5bc93dc51582d78?s=96&d=mm&r=g\",\"caption\":\"jane boldt\"},\"sameAs\":[\"http:\\\/\\\/portalcapixaba.com.br\"],\"url\":\"https:\\\/\\\/portalcapixaba.com\\\/?author=3\"}]}<\/script>\n<!-- \/ Yoast SEO Premium plugin. -->","yoast_head_json":{"title":"S\u00e3o Jos\u00e9 do Queimado se destaca no turismo hist\u00f3rico da Serra - Portal Capixaba","robots":{"index":"index","follow":"follow","max-snippet":"max-snippet:-1","max-image-preview":"max-image-preview:large","max-video-preview":"max-video-preview:-1"},"canonical":"https:\/\/portalcapixaba.com\/?p=14437","og_locale":"pt_BR","og_type":"article","og_title":"S\u00e3o Jos\u00e9 do Queimado se destaca no turismo hist\u00f3rico da Serra","og_description":"Mais de 24 mil pessoas visitaram o S\u00edtio Hist\u00f3rico de S\u00e3o Jos\u00e9 do Queimado, na Serra, nos primeiros seis meses de 2026. O espa\u00e7o recebeu estudantes, escolas, pesquisadores, estudiosos e turistas interessados em conhecer um dos cap\u00edtulos mais marcantes da hist\u00f3ria do Esp\u00edrito Santo. O fluxo de visitantes refor\u00e7a o potencial do local como destino [&hellip;]","og_url":"https:\/\/portalcapixaba.com\/?p=14437","og_site_name":"Portal Capixaba","article_published_time":"2026-09-03T23:39:33+00:00","og_image":[{"width":815,"height":540,"url":"https:\/\/portalcapixaba.com\/wp-content\/uploads\/2026\/09\/1731939499537-sdfsdfsdf.jpg","type":"image\/jpeg"}],"author":"jane boldt","twitter_card":"summary_large_image","twitter_misc":{"Escrito por":"jane boldt","Est. tempo de leitura":"3 minutos"},"schema":{"@context":"https:\/\/schema.org","@graph":[{"@type":["Article","NewsArticle"],"@id":"https:\/\/portalcapixaba.com\/?p=14437#article","isPartOf":{"@id":"https:\/\/portalcapixaba.com\/?p=14437"},"author":{"name":"jane boldt","@id":"https:\/\/portalcapixaba.com\/#\/schema\/person\/bcd337770ede8facc9d17a424328bf4b"},"headline":"S\u00e3o Jos\u00e9 do Queimado se destaca no turismo hist\u00f3rico da Serra","datePublished":"2026-09-03T23:39:33+00:00","mainEntityOfPage":{"@id":"https:\/\/portalcapixaba.com\/?p=14437"},"wordCount":545,"commentCount":0,"image":{"@id":"https:\/\/portalcapixaba.com\/?p=14437#primaryimage"},"thumbnailUrl":"https:\/\/portalcapixaba.com\/wp-content\/uploads\/2026\/09\/1731939499537-sdfsdfsdf.jpg","articleSection":["Cultura e Sa\u00fade"],"inLanguage":"pt-BR","potentialAction":[{"@type":"CommentAction","name":"Comment","target":["https:\/\/portalcapixaba.com\/?p=14437#respond"]}],"copyrightYear":"2026","copyrightHolder":{"@id":"https:\/\/portalcapixaba.com\/#organization"}},{"@type":"WebPage","@id":"https:\/\/portalcapixaba.com\/?p=14437","url":"https:\/\/portalcapixaba.com\/?p=14437","name":"S\u00e3o Jos\u00e9 do Queimado se destaca no turismo hist\u00f3rico da Serra - Portal Capixaba","isPartOf":{"@id":"https:\/\/portalcapixaba.com\/#website"},"primaryImageOfPage":{"@id":"https:\/\/portalcapixaba.com\/?p=14437#primaryimage"},"image":{"@id":"https:\/\/portalcapixaba.com\/?p=14437#primaryimage"},"thumbnailUrl":"https:\/\/portalcapixaba.com\/wp-content\/uploads\/2026\/09\/1731939499537-sdfsdfsdf.jpg","datePublished":"2026-09-03T23:39:33+00:00","author":{"@id":"https:\/\/portalcapixaba.com\/#\/schema\/person\/bcd337770ede8facc9d17a424328bf4b"},"breadcrumb":{"@id":"https:\/\/portalcapixaba.com\/?p=14437#breadcrumb"},"inLanguage":"pt-BR","potentialAction":[{"@type":"ReadAction","target":["https:\/\/portalcapixaba.com\/?p=14437"]}]},{"@type":"ImageObject","inLanguage":"pt-BR","@id":"https:\/\/portalcapixaba.com\/?p=14437#primaryimage","url":"https:\/\/portalcapixaba.com\/wp-content\/uploads\/2026\/09\/1731939499537-sdfsdfsdf.jpg","contentUrl":"https:\/\/portalcapixaba.com\/wp-content\/uploads\/2026\/09\/1731939499537-sdfsdfsdf.jpg","width":815,"height":540},{"@type":"BreadcrumbList","@id":"https:\/\/portalcapixaba.com\/?p=14437#breadcrumb","itemListElement":[{"@type":"ListItem","position":1,"name":"Home","item":"https:\/\/portalcapixaba.com\/"},{"@type":"ListItem","position":2,"name":"S\u00e3o Jos\u00e9 do Queimado se destaca no turismo hist\u00f3rico da Serra"}]},{"@type":"WebSite","@id":"https:\/\/portalcapixaba.com\/#website","url":"https:\/\/portalcapixaba.com\/","name":"Portal Capixaba","description":"","potentialAction":[{"@type":"SearchAction","target":{"@type":"EntryPoint","urlTemplate":"https:\/\/portalcapixaba.com\/?s={search_term_string}"},"query-input":{"@type":"PropertyValueSpecification","valueRequired":true,"valueName":"search_term_string"}}],"inLanguage":"pt-BR"},{"@type":"Person","@id":"https:\/\/portalcapixaba.com\/#\/schema\/person\/bcd337770ede8facc9d17a424328bf4b","name":"jane boldt","image":{"@type":"ImageObject","inLanguage":"pt-BR","@id":"https:\/\/secure.gravatar.com\/avatar\/0c30036a196ee4fe42305219849d553f713d275a5d9eddafc5bc93dc51582d78?s=96&d=mm&r=g","url":"https:\/\/secure.gravatar.com\/avatar\/0c30036a196ee4fe42305219849d553f713d275a5d9eddafc5bc93dc51582d78?s=96&d=mm&r=g","contentUrl":"https:\/\/secure.gravatar.com\/avatar\/0c30036a196ee4fe42305219849d553f713d275a5d9eddafc5bc93dc51582d78?s=96&d=mm&r=g","caption":"jane boldt"},"sameAs":["http:\/\/portalcapixaba.com.br"],"url":"https:\/\/portalcapixaba.com\/?author=3"}]}},"_links":{"self":[{"href":"https:\/\/portalcapixaba.com\/index.php?rest_route=\/wp\/v2\/posts\/14437","targetHints":{"allow":["GET"]}}],"collection":[{"href":"https:\/\/portalcapixaba.com\/index.php?rest_route=\/wp\/v2\/posts"}],"about":[{"href":"https:\/\/portalcapixaba.com\/index.php?rest_route=\/wp\/v2\/types\/post"}],"author":[{"embeddable":true,"href":"https:\/\/portalcapixaba.com\/index.php?rest_route=\/wp\/v2\/users\/3"}],"replies":[{"embeddable":true,"href":"https:\/\/portalcapixaba.com\/index.php?rest_route=%2Fwp%2Fv2%2Fcomments&post=14437"}],"version-history":[{"count":1,"href":"https:\/\/portalcapixaba.com\/index.php?rest_route=\/wp\/v2\/posts\/14437\/revisions"}],"predecessor-version":[{"id":14439,"href":"https:\/\/portalcapixaba.com\/index.php?rest_route=\/wp\/v2\/posts\/14437\/revisions\/14439"}],"wp:featuredmedia":[{"embeddable":true,"href":"https:\/\/portalcapixaba.com\/index.php?rest_route=\/wp\/v2\/media\/14438"}],"wp:attachment":[{"href":"https:\/\/portalcapixaba.com\/index.php?rest_route=%2Fwp%2Fv2%2Fmedia&parent=14437"}],"wp:term":[{"taxonomy":"category","embeddable":true,"href":"https:\/\/portalcapixaba.com\/index.php?rest_route=%2Fwp%2Fv2%2Fcategories&post=14437"},{"taxonomy":"post_tag","embeddable":true,"href":"https:\/\/portalcapixaba.com\/index.php?rest_route=%2Fwp%2Fv2%2Ftags&post=14437"}],"curies":[{"name":"wp","href":"https:\/\/api.w.org\/{rel}","templated":true}]}}