{"id":14440,"date":"2026-09-04T15:57:01","date_gmt":"2026-09-04T18:57:01","guid":{"rendered":"https:\/\/portalcapixaba.com\/?p=14440"},"modified":"2026-09-04T15:57:01","modified_gmt":"2026-09-04T18:57:01","slug":"serraia-adia-segunda-etapa-classificatoria-em-feu-rosa-para-12-e-13-de-setembro","status":"publish","type":"post","link":"https:\/\/portalcapixaba.com\/?p=14440","title":{"rendered":"Serrai\u00e1\u00a0adia segunda etapa classificat\u00f3ria, em\u00a0Feu\u00a0Rosa, para 12 e 13 de setembro\u00a0"},"content":{"rendered":"<div><\/div>\n<div><i>Com a mudan\u00e7a, a grande final do maior concurso de quadrilhas do ES tamb\u00e9m foi remarcada para\u00a018 e 19\u00a0de setembro, em Jacara\u00edpe<\/i><\/div>\n<div><\/div>\n<div>A segunda etapa classificat\u00f3ria do\u00a0Serrai\u00e1, que seria realizada\u00a0neste s\u00e1bado (5) e domingo (6), foi adiada para os dias 12 e 13 de setembro, devido \u00e0 necessidade de readequa\u00e7\u00f5es t\u00e9cnicas, log\u00edsticas e institucionais para a realiza\u00e7\u00e3o do evento.\u00a0A\u00a0fase\u00a0ser\u00e1 sediada\u00a0na Pra\u00e7a Central de\u00a0Feu\u00a0Rosa, na Serra, e a grande final tamb\u00e9m foi remarcada para os dias 18 e 19 de setembro.<\/div>\n<div>O\u00a0Serrai\u00e1\u00a0\u00e9 considerado o maior concurso de quadrilhas do Esp\u00edrito Santo\u00a0e est\u00e1 em sua segunda edi\u00e7\u00e3o. Ap\u00f3s a\u00a0primeira fase,\u00a0disputada\u00a0em Barcelona nos dias 29 e 30 de agosto, 11 equipes se apresentam na segunda etapa, em busca de uma das quatro vagas na grande final e de uma fatia da premia\u00e7\u00e3o, que soma R$ 61 mil. O evento \u00e9 gratuito e conta com shows de forr\u00f3, al\u00e9m de uma vila gastron\u00f4mica com\u00a0diversas\u00a0barracas de comidas e bebidas t\u00edpicas.<\/div>\n<div>As quadrilhas confirmadas para o\u00a0s\u00e1bado\u00a0(12)\u00a0s\u00e3o Arrai\u00e1 S\u00f3\u00a0Pela Metade, Vai Dar o\u00a0Que Falar, N\u00f3s\u00a0Enverga\u00a0Mas N\u00e3o Quebra,\u00a0Disse\u00a0me Disse e Matuta Moderna. No\u00a0domingo\u00a0(13), se apresentam Arrai\u00e1 MSJ, Junina Renascer, Juntos e Misturados, Arrai\u00e1 Raio de Sol, Imp\u00e9rio\u00a0Brasileiro\u00a0e Fam\u00edlia Buscap\u00e9.<\/div>\n<div>As quatro melhores\u00a0quadrilhas\u00a0do fim de semana\u00a0garantem vaga na grande final,\u00a0prevista para\u00a0os dias 18 e 19 de setembro, em Jacara\u00edpe, al\u00e9m de um pr\u00eamio de R$ 2 mil cada. J\u00e1 est\u00e3o classificados os grupos Imp\u00e9rio Junino, Junina\u00a0Abrashow, Flor de Lis e Estrela Cadente, que conquistaram as melhores notas na primeira etapa, em Barcelona.<\/div>\n<div>Na decis\u00e3o final, a campe\u00e3 levar\u00e1 R$ 19 mil, enquanto os grupos que ficarem do segundo ao quinto lugar\u00a0receber\u00e3o R$ 9 mil, R$ 4 mil, R$ 2 mil e R$ 1 mil, respectivamente. Os destaques individuais nas categorias Dama, Cavalheiro, Rainha, Rei, Noiva e Noivo tamb\u00e9m ser\u00e3o premiados com trof\u00e9us e medalhas.\n<\/div>\n<div><b>Serrai\u00e1\u00a02026 (novas datas)<\/b><\/div>\n<div><b>Segunda etapa classificat\u00f3ria<\/b><br \/>\nData: 12 e 13 de setembro (s\u00e1bado e domingo)<br \/>\nEndere\u00e7o: Pra\u00e7a Central de\u00a0Feu\u00a0Rosa.\u00a0<a href=\"https:\/\/www.google.com\/maps\/search\/Rua+das+Avencas,+172+%E2%80%93+Feu+Rosa,+Serra%2FES?entry=gmail&amp;source=g\" data-saferedirecturl=\"https:\/\/www.google.com\/url?q=https:\/\/www.google.com\/maps\/search\/Rua%2Bdas%2BAvencas,%2B172%2B%25E2%2580%2593%2BFeu%2BRosa,%2BSerra%252FES?entry%3Dgmail%26source%3Dg&amp;source=gmail&amp;ust=1788634445540000&amp;usg=AOvVaw2m3wjO86cqVisRAjEt1boQ\">Rua das Avencas, 172 \u2013<\/a>\u00a0Feu\u00a0<a href=\"https:\/\/www.google.com\/maps\/search\/Rua+das+Avencas,+172+%E2%80%93+Feu+Rosa,+Serra%2FES?entry=gmail&amp;source=g\" data-saferedirecturl=\"https:\/\/www.google.com\/url?q=https:\/\/www.google.com\/maps\/search\/Rua%2Bdas%2BAvencas,%2B172%2B%25E2%2580%2593%2BFeu%2BRosa,%2BSerra%252FES?entry%3Dgmail%26source%3Dg&amp;source=gmail&amp;ust=1788634445540000&amp;usg=AOvVaw2m3wjO86cqVisRAjEt1boQ\">Rosa, Serra\/ES<\/a><br \/>\nHor\u00e1rios: das 17h \u00e0s 22h30, nos dois dias<br \/>\nEntrada gratuita<\/div>\n<div><b>Grande final<\/b><\/div>\n<div>Datas: 18 e 19 de setembro (sexta-feira e s\u00e1bado)<br \/>\nEndere\u00e7o: Pra\u00e7a Encontro das \u00c1guas. Avenida\u00a0Abido\u00a0Saad, s\/n \u2013 Parque Jacara\u00edpe, Serra\/ES<br \/>\nHor\u00e1rios: sexta-feira, das 19h \u00e0s 23h; e s\u00e1bado, das 16h30 \u00e0s 23h30<br \/>\nEntrada gratuita<\/div>\n<div><\/div>\n","protected":false},"excerpt":{"rendered":"<p>Com a mudan\u00e7a, a grande final do maior concurso de quadrilhas do ES tamb\u00e9m foi remarcada para\u00a018 e 19\u00a0de setembro, em Jacara\u00edpe A segunda etapa classificat\u00f3ria do\u00a0Serrai\u00e1, que seria realizada\u00a0neste s\u00e1bado (5) e domingo (6), foi adiada para os dias 12 e 13 de setembro, devido \u00e0 necessidade de readequa\u00e7\u00f5es t\u00e9cnicas, log\u00edsticas e institucionais para [&hellip;]<\/p>\n","protected":false},"author":3,"featured_media":14441,"comment_status":"open","ping_status":"open","sticky":false,"template":"","format":"standard","meta":{"om_disable_all_campaigns":false,"_monsterinsights_skip_tracking":false,"_monsterinsights_sitenote_active":false,"_monsterinsights_sitenote_note":"","_monsterinsights_sitenote_category":0,"footnotes":""},"categories":[51],"tags":[],"class_list":["post-14440","post","type-post","status-publish","format-standard","has-post-thumbnail","hentry","category-cultura-e-saude"],"yoast_head":"<!-- This site is optimized with the Yoast SEO Premium plugin v21.9 (Yoast SEO v27.8) - https:\/\/yoast.com\/product\/yoast-seo-premium-wordpress\/ -->\n<title>Serrai\u00e1\u00a0adia segunda etapa classificat\u00f3ria, em\u00a0Feu\u00a0Rosa, para 12 e 13 de setembro\u00a0 - Portal Capixaba<\/title>\n<meta name=\"description\" content=\"Com a mudan\u00e7a, a grande final do maior concurso de quadrilhas do ES tamb\u00e9m foi remarcada para\u00a018 e 19\u00a0de setembro, em Jacara\u00edpe\u00a0\" \/>\n<meta name=\"robots\" content=\"index, follow, max-snippet:-1, max-image-preview:large, max-video-preview:-1\" \/>\n<link rel=\"canonical\" href=\"https:\/\/portalcapixaba.com\/?p=14440\" \/>\n<meta property=\"og:locale\" content=\"pt_BR\" \/>\n<meta property=\"og:type\" content=\"article\" \/>\n<meta property=\"og:title\" content=\"Serrai\u00e1\u00a0adia segunda etapa classificat\u00f3ria, em\u00a0Feu\u00a0Rosa, para 12 e 13 de setembro\u00a0\" \/>\n<meta property=\"og:description\" content=\"Com a mudan\u00e7a, a grande final do maior concurso de quadrilhas do ES tamb\u00e9m foi remarcada para\u00a018 e 19\u00a0de setembro, em Jacara\u00edpe\u00a0\" \/>\n<meta property=\"og:url\" content=\"https:\/\/portalcapixaba.com\/?p=14440\" \/>\n<meta property=\"og:site_name\" content=\"Portal Capixaba\" \/>\n<meta property=\"article:published_time\" content=\"2026-09-04T18:57:01+00:00\" \/>\n<meta property=\"og:image\" content=\"https:\/\/portalcapixaba.com\/wp-content\/uploads\/2026\/09\/Imperio-Junino-29ago-Serraia-2026-2-scaled.jpg\" \/>\n\t<meta property=\"og:image:width\" content=\"2560\" \/>\n\t<meta property=\"og:image:height\" content=\"1707\" \/>\n\t<meta property=\"og:image:type\" content=\"image\/jpeg\" \/>\n<meta name=\"author\" content=\"jane boldt\" \/>\n<meta name=\"twitter:card\" content=\"summary_large_image\" \/>\n<meta name=\"twitter:label1\" content=\"Escrito por\" \/>\n\t<meta name=\"twitter:data1\" content=\"jane boldt\" \/>\n\t<meta name=\"twitter:label2\" content=\"Est. tempo de leitura\" \/>\n\t<meta name=\"twitter:data2\" content=\"3 minutos\" \/>\n<script type=\"application\/ld+json\" class=\"yoast-schema-graph\">{\"@context\":\"https:\\\/\\\/schema.org\",\"@graph\":[{\"@type\":[\"Article\",\"NewsArticle\"],\"@id\":\"https:\\\/\\\/portalcapixaba.com\\\/?p=14440#article\",\"isPartOf\":{\"@id\":\"https:\\\/\\\/portalcapixaba.com\\\/?p=14440\"},\"author\":{\"name\":\"jane boldt\",\"@id\":\"https:\\\/\\\/portalcapixaba.com\\\/#\\\/schema\\\/person\\\/bcd337770ede8facc9d17a424328bf4b\"},\"headline\":\"Serrai\u00e1\u00a0adia segunda etapa classificat\u00f3ria, em\u00a0Feu\u00a0Rosa, para 12 e 13 de setembro\u00a0\",\"datePublished\":\"2026-09-04T18:57:01+00:00\",\"mainEntityOfPage\":{\"@id\":\"https:\\\/\\\/portalcapixaba.com\\\/?p=14440\"},\"wordCount\":439,\"commentCount\":0,\"image\":{\"@id\":\"https:\\\/\\\/portalcapixaba.com\\\/?p=14440#primaryimage\"},\"thumbnailUrl\":\"https:\\\/\\\/portalcapixaba.com\\\/wp-content\\\/uploads\\\/2026\\\/09\\\/Imperio-Junino-29ago-Serraia-2026-2-scaled.jpg\",\"articleSection\":[\"Cultura e Sa\u00fade\"],\"inLanguage\":\"pt-BR\",\"potentialAction\":[{\"@type\":\"CommentAction\",\"name\":\"Comment\",\"target\":[\"https:\\\/\\\/portalcapixaba.com\\\/?p=14440#respond\"]}],\"copyrightYear\":\"2026\",\"copyrightHolder\":{\"@id\":\"https:\\\/\\\/portalcapixaba.com\\\/#organization\"}},{\"@type\":\"WebPage\",\"@id\":\"https:\\\/\\\/portalcapixaba.com\\\/?p=14440\",\"url\":\"https:\\\/\\\/portalcapixaba.com\\\/?p=14440\",\"name\":\"Serrai\u00e1\u00a0adia segunda etapa classificat\u00f3ria, em\u00a0Feu\u00a0Rosa, para 12 e 13 de setembro\u00a0 - Portal Capixaba\",\"isPartOf\":{\"@id\":\"https:\\\/\\\/portalcapixaba.com\\\/#website\"},\"primaryImageOfPage\":{\"@id\":\"https:\\\/\\\/portalcapixaba.com\\\/?p=14440#primaryimage\"},\"image\":{\"@id\":\"https:\\\/\\\/portalcapixaba.com\\\/?p=14440#primaryimage\"},\"thumbnailUrl\":\"https:\\\/\\\/portalcapixaba.com\\\/wp-content\\\/uploads\\\/2026\\\/09\\\/Imperio-Junino-29ago-Serraia-2026-2-scaled.jpg\",\"datePublished\":\"2026-09-04T18:57:01+00:00\",\"author\":{\"@id\":\"https:\\\/\\\/portalcapixaba.com\\\/#\\\/schema\\\/person\\\/bcd337770ede8facc9d17a424328bf4b\"},\"description\":\"Com a mudan\u00e7a, a grande final do maior concurso de quadrilhas do ES tamb\u00e9m foi remarcada para\u00a018 e 19\u00a0de setembro, em Jacara\u00edpe\u00a0\",\"breadcrumb\":{\"@id\":\"https:\\\/\\\/portalcapixaba.com\\\/?p=14440#breadcrumb\"},\"inLanguage\":\"pt-BR\",\"potentialAction\":[{\"@type\":\"ReadAction\",\"target\":[\"https:\\\/\\\/portalcapixaba.com\\\/?p=14440\"]}]},{\"@type\":\"ImageObject\",\"inLanguage\":\"pt-BR\",\"@id\":\"https:\\\/\\\/portalcapixaba.com\\\/?p=14440#primaryimage\",\"url\":\"https:\\\/\\\/portalcapixaba.com\\\/wp-content\\\/uploads\\\/2026\\\/09\\\/Imperio-Junino-29ago-Serraia-2026-2-scaled.jpg\",\"contentUrl\":\"https:\\\/\\\/portalcapixaba.com\\\/wp-content\\\/uploads\\\/2026\\\/09\\\/Imperio-Junino-29ago-Serraia-2026-2-scaled.jpg\",\"width\":2560,\"height\":1707},{\"@type\":\"BreadcrumbList\",\"@id\":\"https:\\\/\\\/portalcapixaba.com\\\/?p=14440#breadcrumb\",\"itemListElement\":[{\"@type\":\"ListItem\",\"position\":1,\"name\":\"Home\",\"item\":\"https:\\\/\\\/portalcapixaba.com\\\/\"},{\"@type\":\"ListItem\",\"position\":2,\"name\":\"Serrai\u00e1\u00a0adia segunda etapa classificat\u00f3ria, em\u00a0Feu\u00a0Rosa, para 12 e 13 de setembro\u00a0\"}]},{\"@type\":\"WebSite\",\"@id\":\"https:\\\/\\\/portalcapixaba.com\\\/#website\",\"url\":\"https:\\\/\\\/portalcapixaba.com\\\/\",\"name\":\"Portal Capixaba\",\"description\":\"\",\"potentialAction\":[{\"@type\":\"SearchAction\",\"target\":{\"@type\":\"EntryPoint\",\"urlTemplate\":\"https:\\\/\\\/portalcapixaba.com\\\/?s={search_term_string}\"},\"query-input\":{\"@type\":\"PropertyValueSpecification\",\"valueRequired\":true,\"valueName\":\"search_term_string\"}}],\"inLanguage\":\"pt-BR\"},{\"@type\":\"Person\",\"@id\":\"https:\\\/\\\/portalcapixaba.com\\\/#\\\/schema\\\/person\\\/bcd337770ede8facc9d17a424328bf4b\",\"name\":\"jane boldt\",\"image\":{\"@type\":\"ImageObject\",\"inLanguage\":\"pt-BR\",\"@id\":\"https:\\\/\\\/secure.gravatar.com\\\/avatar\\\/0c30036a196ee4fe42305219849d553f713d275a5d9eddafc5bc93dc51582d78?s=96&d=mm&r=g\",\"url\":\"https:\\\/\\\/secure.gravatar.com\\\/avatar\\\/0c30036a196ee4fe42305219849d553f713d275a5d9eddafc5bc93dc51582d78?s=96&d=mm&r=g\",\"contentUrl\":\"https:\\\/\\\/secure.gravatar.com\\\/avatar\\\/0c30036a196ee4fe42305219849d553f713d275a5d9eddafc5bc93dc51582d78?s=96&d=mm&r=g\",\"caption\":\"jane boldt\"},\"sameAs\":[\"http:\\\/\\\/portalcapixaba.com.br\"],\"url\":\"https:\\\/\\\/portalcapixaba.com\\\/?author=3\"}]}<\/script>\n<!-- \/ Yoast SEO Premium plugin. -->","yoast_head_json":{"title":"Serrai\u00e1\u00a0adia segunda etapa classificat\u00f3ria, em\u00a0Feu\u00a0Rosa, para 12 e 13 de setembro\u00a0 - Portal Capixaba","description":"Com a mudan\u00e7a, a grande final do maior concurso de quadrilhas do ES tamb\u00e9m foi remarcada para\u00a018 e 19\u00a0de setembro, em Jacara\u00edpe\u00a0","robots":{"index":"index","follow":"follow","max-snippet":"max-snippet:-1","max-image-preview":"max-image-preview:large","max-video-preview":"max-video-preview:-1"},"canonical":"https:\/\/portalcapixaba.com\/?p=14440","og_locale":"pt_BR","og_type":"article","og_title":"Serrai\u00e1\u00a0adia segunda etapa classificat\u00f3ria, em\u00a0Feu\u00a0Rosa, para 12 e 13 de setembro\u00a0","og_description":"Com a mudan\u00e7a, a grande final do maior concurso de quadrilhas do ES tamb\u00e9m foi remarcada para\u00a018 e 19\u00a0de setembro, em Jacara\u00edpe\u00a0","og_url":"https:\/\/portalcapixaba.com\/?p=14440","og_site_name":"Portal Capixaba","article_published_time":"2026-09-04T18:57:01+00:00","og_image":[{"width":2560,"height":1707,"url":"https:\/\/portalcapixaba.com\/wp-content\/uploads\/2026\/09\/Imperio-Junino-29ago-Serraia-2026-2-scaled.jpg","type":"image\/jpeg"}],"author":"jane boldt","twitter_card":"summary_large_image","twitter_misc":{"Escrito por":"jane boldt","Est. tempo de leitura":"3 minutos"},"schema":{"@context":"https:\/\/schema.org","@graph":[{"@type":["Article","NewsArticle"],"@id":"https:\/\/portalcapixaba.com\/?p=14440#article","isPartOf":{"@id":"https:\/\/portalcapixaba.com\/?p=14440"},"author":{"name":"jane boldt","@id":"https:\/\/portalcapixaba.com\/#\/schema\/person\/bcd337770ede8facc9d17a424328bf4b"},"headline":"Serrai\u00e1\u00a0adia segunda etapa classificat\u00f3ria, em\u00a0Feu\u00a0Rosa, para 12 e 13 de setembro\u00a0","datePublished":"2026-09-04T18:57:01+00:00","mainEntityOfPage":{"@id":"https:\/\/portalcapixaba.com\/?p=14440"},"wordCount":439,"commentCount":0,"image":{"@id":"https:\/\/portalcapixaba.com\/?p=14440#primaryimage"},"thumbnailUrl":"https:\/\/portalcapixaba.com\/wp-content\/uploads\/2026\/09\/Imperio-Junino-29ago-Serraia-2026-2-scaled.jpg","articleSection":["Cultura e Sa\u00fade"],"inLanguage":"pt-BR","potentialAction":[{"@type":"CommentAction","name":"Comment","target":["https:\/\/portalcapixaba.com\/?p=14440#respond"]}],"copyrightYear":"2026","copyrightHolder":{"@id":"https:\/\/portalcapixaba.com\/#organization"}},{"@type":"WebPage","@id":"https:\/\/portalcapixaba.com\/?p=14440","url":"https:\/\/portalcapixaba.com\/?p=14440","name":"Serrai\u00e1\u00a0adia segunda etapa classificat\u00f3ria, em\u00a0Feu\u00a0Rosa, para 12 e 13 de setembro\u00a0 - Portal Capixaba","isPartOf":{"@id":"https:\/\/portalcapixaba.com\/#website"},"primaryImageOfPage":{"@id":"https:\/\/portalcapixaba.com\/?p=14440#primaryimage"},"image":{"@id":"https:\/\/portalcapixaba.com\/?p=14440#primaryimage"},"thumbnailUrl":"https:\/\/portalcapixaba.com\/wp-content\/uploads\/2026\/09\/Imperio-Junino-29ago-Serraia-2026-2-scaled.jpg","datePublished":"2026-09-04T18:57:01+00:00","author":{"@id":"https:\/\/portalcapixaba.com\/#\/schema\/person\/bcd337770ede8facc9d17a424328bf4b"},"description":"Com a mudan\u00e7a, a grande final do maior concurso de quadrilhas do ES tamb\u00e9m foi remarcada para\u00a018 e 19\u00a0de setembro, em Jacara\u00edpe\u00a0","breadcrumb":{"@id":"https:\/\/portalcapixaba.com\/?p=14440#breadcrumb"},"inLanguage":"pt-BR","potentialAction":[{"@type":"ReadAction","target":["https:\/\/portalcapixaba.com\/?p=14440"]}]},{"@type":"ImageObject","inLanguage":"pt-BR","@id":"https:\/\/portalcapixaba.com\/?p=14440#primaryimage","url":"https:\/\/portalcapixaba.com\/wp-content\/uploads\/2026\/09\/Imperio-Junino-29ago-Serraia-2026-2-scaled.jpg","contentUrl":"https:\/\/portalcapixaba.com\/wp-content\/uploads\/2026\/09\/Imperio-Junino-29ago-Serraia-2026-2-scaled.jpg","width":2560,"height":1707},{"@type":"BreadcrumbList","@id":"https:\/\/portalcapixaba.com\/?p=14440#breadcrumb","itemListElement":[{"@type":"ListItem","position":1,"name":"Home","item":"https:\/\/portalcapixaba.com\/"},{"@type":"ListItem","position":2,"name":"Serrai\u00e1\u00a0adia segunda etapa classificat\u00f3ria, em\u00a0Feu\u00a0Rosa, para 12 e 13 de setembro\u00a0"}]},{"@type":"WebSite","@id":"https:\/\/portalcapixaba.com\/#website","url":"https:\/\/portalcapixaba.com\/","name":"Portal Capixaba","description":"","potentialAction":[{"@type":"SearchAction","target":{"@type":"EntryPoint","urlTemplate":"https:\/\/portalcapixaba.com\/?s={search_term_string}"},"query-input":{"@type":"PropertyValueSpecification","valueRequired":true,"valueName":"search_term_string"}}],"inLanguage":"pt-BR"},{"@type":"Person","@id":"https:\/\/portalcapixaba.com\/#\/schema\/person\/bcd337770ede8facc9d17a424328bf4b","name":"jane boldt","image":{"@type":"ImageObject","inLanguage":"pt-BR","@id":"https:\/\/secure.gravatar.com\/avatar\/0c30036a196ee4fe42305219849d553f713d275a5d9eddafc5bc93dc51582d78?s=96&d=mm&r=g","url":"https:\/\/secure.gravatar.com\/avatar\/0c30036a196ee4fe42305219849d553f713d275a5d9eddafc5bc93dc51582d78?s=96&d=mm&r=g","contentUrl":"https:\/\/secure.gravatar.com\/avatar\/0c30036a196ee4fe42305219849d553f713d275a5d9eddafc5bc93dc51582d78?s=96&d=mm&r=g","caption":"jane boldt"},"sameAs":["http:\/\/portalcapixaba.com.br"],"url":"https:\/\/portalcapixaba.com\/?author=3"}]}},"_links":{"self":[{"href":"https:\/\/portalcapixaba.com\/index.php?rest_route=\/wp\/v2\/posts\/14440","targetHints":{"allow":["GET"]}}],"collection":[{"href":"https:\/\/portalcapixaba.com\/index.php?rest_route=\/wp\/v2\/posts"}],"about":[{"href":"https:\/\/portalcapixaba.com\/index.php?rest_route=\/wp\/v2\/types\/post"}],"author":[{"embeddable":true,"href":"https:\/\/portalcapixaba.com\/index.php?rest_route=\/wp\/v2\/users\/3"}],"replies":[{"embeddable":true,"href":"https:\/\/portalcapixaba.com\/index.php?rest_route=%2Fwp%2Fv2%2Fcomments&post=14440"}],"version-history":[{"count":1,"href":"https:\/\/portalcapixaba.com\/index.php?rest_route=\/wp\/v2\/posts\/14440\/revisions"}],"predecessor-version":[{"id":14442,"href":"https:\/\/portalcapixaba.com\/index.php?rest_route=\/wp\/v2\/posts\/14440\/revisions\/14442"}],"wp:featuredmedia":[{"embeddable":true,"href":"https:\/\/portalcapixaba.com\/index.php?rest_route=\/wp\/v2\/media\/14441"}],"wp:attachment":[{"href":"https:\/\/portalcapixaba.com\/index.php?rest_route=%2Fwp%2Fv2%2Fmedia&parent=14440"}],"wp:term":[{"taxonomy":"category","embeddable":true,"href":"https:\/\/portalcapixaba.com\/index.php?rest_route=%2Fwp%2Fv2%2Fcategories&post=14440"},{"taxonomy":"post_tag","embeddable":true,"href":"https:\/\/portalcapixaba.com\/index.php?rest_route=%2Fwp%2Fv2%2Ftags&post=14440"}],"curies":[{"name":"wp","href":"https:\/\/api.w.org\/{rel}","templated":true}]}}