{"id":14443,"date":"2026-09-04T16:01:38","date_gmt":"2026-09-04T19:01:38","guid":{"rendered":"https:\/\/portalcapixaba.com\/?p=14443"},"modified":"2026-09-04T16:01:38","modified_gmt":"2026-09-04T19:01:38","slug":"semana-de-arte-no-parque-cultural-casa-do-governador-vai-ter-oficinas-ciclo-de-formacao-shows-e-encontro-de-corais","status":"publish","type":"post","link":"https:\/\/portalcapixaba.com\/?p=14443","title":{"rendered":"Semana de Arte no Parque Cultural Casa do Governador vai ter oficinas, Ciclo de Forma\u00e7\u00e3o, shows e encontro de corais"},"content":{"rendered":"<div><\/div>\n<div><i>De 16 a 20 de setembro, evento gratuito e aberto ao p\u00fablico em geral re\u00fane dezenas de atividades em diferentes linguagens art\u00edsticas no Parque; inscri\u00e7\u00f5es abrem em 4 de setembro<\/i><\/div>\n<div><\/div>\n<div>O Parque Cultural Casa do Governador, em Vila Velha, recebe de 16 a 20 de setembro a Semana de Arte, organizada pelo Centro de Artes da Universidade Federal do Esp\u00edrito Santo (Ufes). Ap\u00f3s 22 anos de pausa, o evento retoma em cartaz pela primeira vez no Parque de forma gratuita, aberto ao p\u00fablico em geral, e re\u00fane uma programa\u00e7\u00e3o com dezenas de oficinas, Ciclo de Forma\u00e7\u00e3o, mesas e apresenta\u00e7\u00f5es musicais.<\/div>\n<div><\/div>\n<div>Com sua primeira edi\u00e7\u00e3o em 1974, a Semana de Arte se tornou uma grande oportunidade de reunir a comunidade civil e a academia em um s\u00f3 espa\u00e7o, por meio de uma grande troca de saberes. As inscri\u00e7\u00f5es s\u00e3o abertas para toda a comunidade e come\u00e7am nesta sexta-feira (4), no link\u00a0<a id=\"m_4275082618533064232OWA68c30f98-8394-fb6e-9a00-45e49cd23ff9\" href=\"http:\/\/www.even3.com.br\/semana-de-arte-da-ufes-2026-776995.\" target=\"_blank\" rel=\"noopener\" data-saferedirecturl=\"https:\/\/www.google.com\/url?q=http:\/\/www.even3.com.br\/semana-de-arte-da-ufes-2026-776995.&amp;source=gmail&amp;ust=1788634443779000&amp;usg=AOvVaw1UMgu1S6nrtAx2Yqfwy7OC\">www.even3.com.br\/semana-de-<wbr \/>arte-da-ufes-2026-776995.<\/a><\/div>\n<div><\/div>\n<div>A programa\u00e7\u00e3o inicia na quarta-feira, 16 de setembro, \u00e0s 16h, com a mesa de abertura que re\u00fane o artista Jos\u00e9 Carlos Vilar, um dos idealizadores da Semana de Arte nos anos 1970, e a artista e professora Rosana Paste. Vilar, inclusive, assina a obra \u201cOndas\u201d, exposta de forma permanente no Parque Cultural Casa do Governador.<\/div>\n<div><\/div>\n<div><b>Ciclo de Forma\u00e7\u00e3o<\/b><\/div>\n<div><b>\u00a0<\/b><\/div>\n<div>Todas as manh\u00e3s, das 9h \u00e0s 12h, o palco recebe o Ciclo de Forma\u00e7\u00e3o, programa desenvolvido pela Escola Viva de Artes (EVA) do Parque, que promove uma agenda cont\u00ednua de pr\u00e1ticas, pesquisas e a\u00e7\u00f5es voltadas \u00e0 interface entre arte, educa\u00e7\u00e3o e meio ambiente.<\/div>\n<div><\/div>\n<div>Cada dia do ciclo re\u00fane uma dupla de convidados: Thiago de Paula Souza e Beatriz Lemos na quarta (16), Gabriel Mascaro e F\u00e1bio Morais na quinta (17), Ana Raylander M\u00e1rtis dos Anjos e Victor Galdino na sexta (18), e Eleonora Batista Fabi\u00e3o e Marta Neves no s\u00e1bado (19).<\/div>\n<div><\/div>\n<div><b>M\u00fasica, meio ambiente e oficinas<\/b><\/div>\n<div><b>\u00a0<\/b><\/div>\n<div>Nas tendas distribu\u00eddas pelo Parque, a programa\u00e7\u00e3o de oficinas inclui produ\u00e7\u00e3o de pigmentos naturais e tingimento de tecidos, desenho de observa\u00e7\u00e3o bot\u00e2nica, cianotipia, gravura alternativa, modelagem escult\u00f3rica, encaderna\u00e7\u00e3o artesanal e livro de artista, Ableton Live para performance ao vivo e fabrica\u00e7\u00e3o artesanal de papel, entre outras atividades.<\/div>\n<div><\/div>\n<div>Na sexta-feira (18), \u00e0s 16h, o Parque tamb\u00e9m presta uma homenagem ao professor e artista Marcos Martins, que possui a obra \u201cNavegantes\u201d exposta no acervo do Parque Cultural.<\/div>\n<div><\/div>\n<div>Nas noites de quarta, quinta e sexta-feira, o palco recebe o CantarES, considerado o maior encontro de corais do estado, e, no domingo pela manh\u00e3, se apresentam corais infantis. No s\u00e1bado, o Grupo de Experimenta\u00e7\u00e3o Sonora se apresenta \u00e0 tarde, na instala\u00e7\u00e3o da obra Magic Square #3 e, das 16h \u00e0s 20h, uma programa\u00e7\u00e3o de shows e apresenta\u00e7\u00f5es musicais toma o palco com Jos\u00e9 Eduardo &amp; Banda, Andr\u00e9 Akira e Carlos Papel.<\/div>\n<div><\/div>\n<div>A grade de programa\u00e7\u00e3o tem ainda um eixo voltado \u00e0 sustentabilidade, com a oficina de reciclagem criativa do pl\u00e1stico, com Katia Broeto; a a\u00e7\u00e3o &#8220;Nomeando a Agrofloresta: placas bot\u00e2nicas artesanais&#8221;, com Barbara Colombo; e a palestra sobre gest\u00e3o de res\u00edduos, com Rian Soares.<\/div>\n<div><\/div>\n<div>Completam a programa\u00e7\u00e3o rodas de conversa sobre curadoria, media\u00e7\u00e3o cultural e performance, apresenta\u00e7\u00f5es de percuss\u00e3o e de ritmo afro-capixaba, e visitas mediadas di\u00e1rias pelo bosque de esculturas do Parque.<\/div>\n<div><\/div>\n<div><b>Inscri\u00e7\u00f5es<\/b><\/div>\n<div><\/div>\n<div>As inscri\u00e7\u00f5es para a Semana de Arte abrem nesta sexta-feira (4), pela plataforma Even3, no link\u00a0<a href=\"http:\/\/www.even3.com.br\/semana-de-arte-da-ufes-2026-776995\" target=\"_blank\" rel=\"noopener\" data-saferedirecturl=\"https:\/\/www.google.com\/url?q=http:\/\/www.even3.com.br\/semana-de-arte-da-ufes-2026-776995&amp;source=gmail&amp;ust=1788634443779000&amp;usg=AOvVaw0RyUnYFvvVP4rNLOnoBDeX\">www.even3.com.br\/semana-de-<wbr \/>arte-da-ufes-2026-776995<\/a>. \u00c9 importante destacar que o evento \u00e9 aberto ao p\u00fablico em geral, n\u00e3o apenas \u00e0 comunidade universit\u00e1ria.<\/div>\n<div><\/div>\n<div>Para participar, \u00e9 preciso primeiro se inscrever no evento e, em seguida, fazer a inscri\u00e7\u00e3o em cada atividade de interesse. Algumas oficinas t\u00eam dura\u00e7\u00e3o de v\u00e1rios dias, e essa informa\u00e7\u00e3o deve ser observada no momento da inscri\u00e7\u00e3o.<\/div>\n<div><\/div>\n<div>Como as vagas s\u00e3o limitadas, a organiza\u00e7\u00e3o orienta o p\u00fablico a se inscrever apenas nas atividades das quais tem certeza que vai participar. De acordo com a pol\u00edtica da plataforma Even3, os certificados ficam dispon\u00edveis gratuitamente por at\u00e9 90 dias ap\u00f3s o fim do evento; passado esse prazo, \u00e9 cobrada uma taxa para a emiss\u00e3o.<\/div>\n<div><\/div>\n<div><b>Servi\u00e7o<\/b><\/div>\n<div><i>Semana de Arte da Ufes<\/i><\/div>\n<div><i>\u00a0<\/i><\/div>\n<div><b>Local:\u00a0<\/b>Parque Cultural Casa do Governador, rua Santa Luzia, s\/n, Praia da Costa, Vila Velha (ES)<\/div>\n<div><b>Data:<\/b>\u00a016 a 20 de setembro (quarta a domingo)<\/div>\n<div><b>Inscri\u00e7\u00f5es:\u00a0<\/b>a partir de 4 de setembro, em\u00a0<a href=\"http:\/\/www.even3.com.br\/semana-de-arte-da-ufes-2026-776995\" target=\"_blank\" rel=\"noopener\" data-saferedirecturl=\"https:\/\/www.google.com\/url?q=http:\/\/www.even3.com.br\/semana-de-arte-da-ufes-2026-776995&amp;source=gmail&amp;ust=1788634443779000&amp;usg=AOvVaw0RyUnYFvvVP4rNLOnoBDeX\">www.even3.com.br\/semana-de-<wbr \/>arte-da-ufes-2026-776995<\/a><\/div>\n<div><b>D\u00favidas e mais informa\u00e7\u00f5es:\u00a0<\/b><a href=\"mailto:semanadeartecar@ufes.br\" target=\"_blank\" rel=\"noopener\">semanadeartecar@ufes.br<\/a><\/div>\n<div>Entrada gratuita<\/div>\n<div><\/div>\n<div><b>Programa\u00e7\u00e3o<\/b><\/div>\n<div><\/div>\n<div><b>Quarta-feira, 16\/09<\/b><\/div>\n<div><\/div>\n<div>9h-12h: Ciclo de Forma\u00e7\u00e3o | Local: Palco | Thiago de Paula Souza e Beatriz Lemos<\/div>\n<div>9h-12h: Realiza\u00e7\u00e3o em curta-metragem | Local: Sala do Educativo | Fabio Camarneiro<\/div>\n<div>9h-12h: Produ\u00e7\u00e3o de Pigmentos Naturais, Tintas Artesanais e Tingimento de Tecidos (Turma 1) | Local: Tenda 1 | Ta\u00eds Cabral Monteiro<\/div>\n<div>9h-12h: Oficina de Introdu\u00e7\u00e3o \u00e0 Ilustra\u00e7\u00e3o Naturalista Bot\u00e2nica (Turma 1) | Local: Tenda 2 | Fab\u00edola Veloso Menezes<\/div>\n<div>9h-12h: Aprecia\u00e7\u00e3o Musical e Leitura de Partitura | Local: Tenda 4 | Jean Molinari<\/div>\n<div>13h-17h: Realiza\u00e7\u00e3o em curta-metragem (continua\u00e7\u00e3o) | Local: Sala do Educativo | Fabio Camarneiro<\/div>\n<div>14h-17h: Cartografia Afetiva | Local: Tenda 2 | PET Cultura<\/div>\n<div>14h-17h: Consci\u00eancia Corporal e Pr\u00e1tica Coral | Local: Tenda 4 | Jean Molinari<\/div>\n<div>14h30-15h30: Visita Mediada | Local: Bosque | Educativo do Parque<\/div>\n<div>16h-17h30: Mesa de Abertura | Local: Palco | Jos\u00e9 Carlos Vilar e Rosana Paste<\/div>\n<div>18h-20h30: Cantares &#8211; Encontro de Corais do Esp\u00edrito Santo | Local: Palco<\/div>\n<div><\/div>\n<div><b>Quinta-feira, 17\/09<\/b><\/div>\n<div><\/div>\n<div>9h-12h: Ciclo de Forma\u00e7\u00e3o | Local: Palco | Gabriel Mascaro e F\u00e1bio Morais<\/div>\n<div>9h-12h: Realiza\u00e7\u00e3o em curta-metragem | Local: Sala do Educativo | Fabio Camarneiro<\/div>\n<div>9h-12h: Produ\u00e7\u00e3o de Pigmentos Naturais, Tintas Artesanais e Tingimento de Tecidos (Turma 2) | Local: Tenda 1 | Ta\u00eds Cabral Monteiro<\/div>\n<div>9h-12h: Oficina de Introdu\u00e7\u00e3o \u00e0 Ilustra\u00e7\u00e3o Naturalista Bot\u00e2nica (Turma 2) | Local: Tenda 2 | Fab\u00edola Veloso Menezes<\/div>\n<div>9h-12h: Da Forma ao M\u00faltiplo: Modelagem e Processos de Reprodu\u00e7\u00e3o Escult\u00f3rica | Local: Tenda 3 | Sandro S. Novaes<\/div>\n<div>9h-12h: Aprecia\u00e7\u00e3o Musical e Leitura de Partitura | Local: Tenda 4 | Jean Molinari<\/div>\n<div>9h-12h: Cianotipia | Local: Tenda 5 | Eric Scarpel<\/div>\n<div>9h-12h: Conversa sobre Performance e Participa\u00e7\u00e3o | Local: Magic Square #3 | Yiftah Peled<\/div>\n<div>13h-17h: Realiza\u00e7\u00e3o em curta-metragem (continua\u00e7\u00e3o) | Local: Sala do Educativo | Fabio Camarneiro<\/div>\n<div>13h-17h: Gravura Alternativa (Turma 1) | Local: Tenda 1 | Fernando G\u00f3mez Alvarez<\/div>\n<div>14h-17h: Encaderna\u00e7\u00e3o Artesanal, Livro de Artista e Autopublica\u00e7\u00e3o | Local: Tenda 2 | Cau\u00ea Maia<\/div>\n<div>13h-17h: Para quem se destina a arte contempor\u00e2nea? Pr\u00e1ticas de media\u00e7\u00e3o cultural | Local: Tenda 3 | J\u00falia Rocha Pinto<\/div>\n<div>14h-17h: Consci\u00eancia Corporal e Pr\u00e1tica Coral | Local: Tenda 4 | Jean Molinari<\/div>\n<div>14h-17h: Rodas, Repert\u00f3rio e Choro Capixaba (Turma 1) | Local: Tenda 5 | Jo\u00e3o Victor Chequetto<\/div>\n<div>14h30-15h30: Visita Mediada | Local: Bosque | Educativo do Parque<\/div>\n<div>18h-20h30: Cantares &#8211; Encontro de Corais do Esp\u00edrito Santo | Local: Palco<\/div>\n<div><\/div>\n<div><b>Sexta-feira, 18\/09<\/b><\/div>\n<div><\/div>\n<div>9h-12h: Ciclo de Forma\u00e7\u00e3o | Local: Palco | Ana Raylander M\u00e1rtis dos Anjos e Victor Galdino<\/div>\n<div>9h-12h: Realiza\u00e7\u00e3o em curta-metragem (continua\u00e7\u00e3o) | Local: Sala do Educativo | Fabio Camarneiro<\/div>\n<div>9h-12h: Produ\u00e7\u00e3o de Pigmentos Naturais, Tintas Artesanais e Tingimento de Tecidos (Turma 3) | Local: Tenda 1 | Ta\u00eds Cabral Monteiro<\/div>\n<div>9h-12h: Oficina de Introdu\u00e7\u00e3o \u00e0 Ilustra\u00e7\u00e3o Naturalista Bot\u00e2nica (Turma 3) | Local: Tenda 2 | Fab\u00edola Veloso Menezes<\/div>\n<div>9h-12h: Da Forma ao M\u00faltiplo: Modelagem e Processos de Reprodu\u00e7\u00e3o Escult\u00f3rica | Local: Tenda 3 | Sandro S. Novaes<\/div>\n<div>9h-12h: Aprecia\u00e7\u00e3o Musical e Leitura de Partitura | Local: Tenda 4 | Jean Molinari<\/div>\n<div>9h-12h: Conversa sobre Curadoria | Local: Magic Square #3 | Ananda Carvalho<\/div>\n<div>13h-17h: Realiza\u00e7\u00e3o em curta-metragem (continua\u00e7\u00e3o) | Local: Sala do Educativo | Fabio Camarneiro<\/div>\n<div>13h-17h: Gravura Alternativa (Turma 2) | Local: Tenda 1 | Fernando G\u00f3mez Alvarez<\/div>\n<div>14h-17h: Encaderna\u00e7\u00e3o Artesanal | Local: Tenda 2 | PET Cultura<\/div>\n<div>16h-17h: Homeagem a Marcos Martins | Local: Tenda 3<\/div>\n<div>14h-17h: Consci\u00eancia Corporal e Pr\u00e1tica Coral | Local: Tenda 4 | Jean Molinari<\/div>\n<div>14h-17h: Rodas, Repert\u00f3rio e Choro Capixaba (Turma 2) | Local: Tenda 5 | Jo\u00e3o Victor Chequetto<\/div>\n<div>14h30-15h30: Visita Mediada | Local: Bosque | Educativo do Parque<\/div>\n<div>18h-20h30: Cantares &#8211; Encontro de Corais do Esp\u00edrito Santo | Local: Palco<\/div>\n<div><\/div>\n<div><b>S\u00e1bado, 19\/09<\/b><\/div>\n<div><\/div>\n<div>9h-12h: Ciclo de Forma\u00e7\u00e3o | Local: Palco | Eleonora Batista Fabi\u00e3o e Marta Neves<\/div>\n<div>9h-12h: Realiza\u00e7\u00e3o em curta-metragem | Local: Sala do Educativo | Fabio Camarneiro<\/div>\n<div>9h-12h: Produ\u00e7\u00e3o de Pigmentos Naturais, Tintas Artesanais e Tingimento de Tecidos (Turma 4) | Local: Tenda 1 | Ta\u00eds Cabral Monteiro<\/div>\n<div>9h-12h: Oficina de Introdu\u00e7\u00e3o \u00e0 Ilustra\u00e7\u00e3o Naturalista Bot\u00e2nica (Turma 4) | Local: Tenda 2 | Fab\u00edola Veloso Menezes<\/div>\n<div>9h-12h: Da Forma ao M\u00faltiplo: Modelagem e Processos de Reprodu\u00e7\u00e3o Escult\u00f3rica | Local: Tenda 3 | Sandro S. Novaes<\/div>\n<div>9h-12h: Aprecia\u00e7\u00e3o Musical e Leitura de Partitura | Local: Tenda 4 | Jean Molinari<\/div>\n<div>9h-12h: Ableton Live para Performance ao Vivo | Local: Tenda 5 | Andr\u00e9 Akira<\/div>\n<div>10h-11h: Visita Mediada | Local: Bosque | Educativo do Parque<\/div>\n<div>13h-17h: Realiza\u00e7\u00e3o em curta-metragem (continua\u00e7\u00e3o) | Local: Sala do Educativo | Fabio Camarneiro<\/div>\n<div>13h-17h: Fabrica\u00e7\u00e3o artesanal de papel | Local: Tenda 1 | Eric Scarpel<\/div>\n<div>13h-17h: Desacelere, deixe sua marca | Local: Tenda 3 | Maria Ang\u00e9lica Vago Soares e Marilia Auxiliadora Silva Agn\u00ear<\/div>\n<div>14h-17h: Consci\u00eancia Corporal e Pr\u00e1tica Coral | Local: Tenda 4 | Jean Molinari<\/div>\n<div>14h-17h: Ritmo afro-capixaba Congo | Local: Tenda 5 | F\u00e1bio Carvalho<\/div>\n<div>15h-15h30: GEXS | Local: Magic Square #3<\/div>\n<div>16h-20h: Shows | Local: Palco | Jos\u00e9 Eduardo &amp; Banda, Andr\u00e9 Akira e Carlos Papel<\/div>\n<div><\/div>\n<div><b>Domingo, 20\/09<\/b><\/div>\n<div><\/div>\n<div>9h-12h: Realiza\u00e7\u00e3o em curta-metragem (continua\u00e7\u00e3o) | Local: Sala do Educativo | Fabio Camarneiro<\/div>\n<div>9h-12h: Reciclagem criativa do pl\u00e1stico | Local: Tenda 1 | Katia Broeto<\/div>\n<div>9h-12h: Da Forma ao M\u00faltiplo: Modelagem e Processos de Reprodu\u00e7\u00e3o Escult\u00f3rica | Local: Tenda 3 | Sandro S. Novaes<\/div>\n<div>10h-12h: Percuss\u00e3o e apresenta\u00e7\u00e3o | Local: Tenda 5 | Potiguara Menezes e L\u00e9o de Paula<\/div>\n<div>10h-12h: Cantares &#8211; Encontro de Corais do Esp\u00edrito Santo | Local: Palco<\/div>\n<div>10h-11h: Visita Mediada | Local: Bosque | Educativo do Parque<\/div>\n<div>10h30-12h: Nomeando a Agrofloresta: placas bot\u00e2nicas artesanais | Tenda 2 | Barbara Colombo<\/div>\n<div>13h-15h: Realiza\u00e7\u00e3o em curta-metragem (continua\u00e7\u00e3o) | Local: Sala do Educativo | Fabio Camarneiro<\/div>\n<div>13h30-15h: Palestra Gest\u00e3o de res\u00edduos | Local: Tenda 2 | Rian Soares<\/div>\n<div><b>\u00a0<\/b><\/div>\n<div><b>Sobre o Parque Cultural Casa do Governador<\/b><\/div>\n<div><\/div>\n<div>Inaugurado em maio de 2022, o Parque Cultural Casa do Governador est\u00e1 localizado na Resid\u00eancia Oficial do Governo do Estado e apresenta uma vasta programa\u00e7\u00e3o estruturada em tr\u00eas eixos complementares: arte, sustentabilidade e educa\u00e7\u00e3o.<\/div>\n<div><\/div>\n<div>Foi concebido como um espa\u00e7o dedicado \u00e0 valoriza\u00e7\u00e3o da produ\u00e7\u00e3o cultural local e reconhecido como a maior galeria de arte ao ar livre do Esp\u00edrito Santo, com um acervo de 30 obras, incluindo esculturas, instala\u00e7\u00f5es e projetos espec\u00edficos para o lugar.<\/div>\n<div><\/div>\n<div>Com uma \u00e1rea de 93 mil metros quadrados, o Parque \u00e9 gerido pelas Secretarias da Cultura (Secult) e do Governo (SEG), por meio do Instituto ArteCidadania (IAC).<\/div>\n<div><\/div>\n<div>Aberto gratuitamente ao p\u00fablico de ter\u00e7a a s\u00e1bado, das 8h \u00e0s 17h, e aos domingos, das 8h \u00e0s 15h, promove uma intera\u00e7\u00e3o \u00fanica entre arte contempor\u00e2nea, natureza e atividades educativas.<\/div>\n<div><\/div>\n<div>Conta com patroc\u00ednio da EDP, da Vale, da Shell, do Ita\u00fa e do Banestes, esses por meio da Lei Federal de Incentivo \u00e0 Cultura, e tamb\u00e9m da ArcelorMittal.<\/div>\n<div><\/div>\n","protected":false},"excerpt":{"rendered":"<p>De 16 a 20 de setembro, evento gratuito e aberto ao p\u00fablico em geral re\u00fane dezenas de atividades em diferentes linguagens art\u00edsticas no Parque; inscri\u00e7\u00f5es abrem em 4 de setembro O Parque Cultural Casa do Governador, em Vila Velha, recebe de 16 a 20 de setembro a Semana de Arte, organizada pelo Centro de Artes [&hellip;]<\/p>\n","protected":false},"author":3,"featured_media":14444,"comment_status":"open","ping_status":"open","sticky":false,"template":"","format":"standard","meta":{"om_disable_all_campaigns":false,"_monsterinsights_skip_tracking":false,"_monsterinsights_sitenote_active":false,"_monsterinsights_sitenote_note":"","_monsterinsights_sitenote_category":0,"footnotes":""},"categories":[51],"tags":[],"class_list":["post-14443","post","type-post","status-publish","format-standard","has-post-thumbnail","hentry","category-cultura-e-saude"],"yoast_head":"<!-- This site is optimized with the Yoast SEO Premium plugin v21.9 (Yoast SEO v27.8) - https:\/\/yoast.com\/product\/yoast-seo-premium-wordpress\/ -->\n<title>Semana de Arte no Parque Cultural Casa do Governador vai ter oficinas, Ciclo de Forma\u00e7\u00e3o, shows e encontro de corais - Portal Capixaba<\/title>\n<meta name=\"description\" content=\"De 16 a 20 de setembro, evento gratuito e aberto ao p\u00fablico em geral re\u00fane dezenas de atividades em diferentes linguagens art\u00edsticas no Parque; inscri\u00e7\u00f5es abrem em 4 de setembro\" \/>\n<meta name=\"robots\" content=\"index, follow, max-snippet:-1, max-image-preview:large, max-video-preview:-1\" \/>\n<link rel=\"canonical\" href=\"https:\/\/portalcapixaba.com\/?p=14443\" \/>\n<meta property=\"og:locale\" content=\"pt_BR\" \/>\n<meta property=\"og:type\" content=\"article\" \/>\n<meta property=\"og:title\" content=\"Semana de Arte no Parque Cultural Casa do Governador vai ter oficinas, Ciclo de Forma\u00e7\u00e3o, shows e encontro de corais\" \/>\n<meta property=\"og:description\" content=\"De 16 a 20 de setembro, evento gratuito e aberto ao p\u00fablico em geral re\u00fane dezenas de atividades em diferentes linguagens art\u00edsticas no Parque; inscri\u00e7\u00f5es abrem em 4 de setembro\" \/>\n<meta property=\"og:url\" content=\"https:\/\/portalcapixaba.com\/?p=14443\" \/>\n<meta property=\"og:site_name\" content=\"Portal Capixaba\" \/>\n<meta property=\"article:published_time\" content=\"2026-09-04T19:01:38+00:00\" \/>\n<meta property=\"og:image\" content=\"https:\/\/portalcapixaba.com\/wp-content\/uploads\/2026\/09\/Cartaz-Semana-de-Arte-2026-1-scaled.png\" \/>\n\t<meta property=\"og:image:width\" content=\"2048\" \/>\n\t<meta property=\"og:image:height\" content=\"2560\" \/>\n\t<meta property=\"og:image:type\" content=\"image\/png\" \/>\n<meta name=\"author\" content=\"jane boldt\" \/>\n<meta name=\"twitter:card\" content=\"summary_large_image\" \/>\n<meta name=\"twitter:label1\" content=\"Escrito por\" \/>\n\t<meta name=\"twitter:data1\" content=\"jane boldt\" \/>\n\t<meta name=\"twitter:label2\" content=\"Est. tempo de leitura\" \/>\n\t<meta name=\"twitter:data2\" content=\"11 minutos\" \/>\n<script type=\"application\/ld+json\" class=\"yoast-schema-graph\">{\"@context\":\"https:\\\/\\\/schema.org\",\"@graph\":[{\"@type\":[\"Article\",\"NewsArticle\"],\"@id\":\"https:\\\/\\\/portalcapixaba.com\\\/?p=14443#article\",\"isPartOf\":{\"@id\":\"https:\\\/\\\/portalcapixaba.com\\\/?p=14443\"},\"author\":{\"name\":\"jane boldt\",\"@id\":\"https:\\\/\\\/portalcapixaba.com\\\/#\\\/schema\\\/person\\\/bcd337770ede8facc9d17a424328bf4b\"},\"headline\":\"Semana de Arte no Parque Cultural Casa do Governador vai ter oficinas, Ciclo de Forma\u00e7\u00e3o, shows e encontro de corais\",\"datePublished\":\"2026-09-04T19:01:38+00:00\",\"mainEntityOfPage\":{\"@id\":\"https:\\\/\\\/portalcapixaba.com\\\/?p=14443\"},\"wordCount\":1885,\"commentCount\":0,\"image\":{\"@id\":\"https:\\\/\\\/portalcapixaba.com\\\/?p=14443#primaryimage\"},\"thumbnailUrl\":\"https:\\\/\\\/portalcapixaba.com\\\/wp-content\\\/uploads\\\/2026\\\/09\\\/Cartaz-Semana-de-Arte-2026-1-scaled.png\",\"articleSection\":[\"Cultura e Sa\u00fade\"],\"inLanguage\":\"pt-BR\",\"potentialAction\":[{\"@type\":\"CommentAction\",\"name\":\"Comment\",\"target\":[\"https:\\\/\\\/portalcapixaba.com\\\/?p=14443#respond\"]}],\"copyrightYear\":\"2026\",\"copyrightHolder\":{\"@id\":\"https:\\\/\\\/portalcapixaba.com\\\/#organization\"}},{\"@type\":\"WebPage\",\"@id\":\"https:\\\/\\\/portalcapixaba.com\\\/?p=14443\",\"url\":\"https:\\\/\\\/portalcapixaba.com\\\/?p=14443\",\"name\":\"Semana de Arte no Parque Cultural Casa do Governador vai ter oficinas, Ciclo de Forma\u00e7\u00e3o, shows e encontro de corais - Portal Capixaba\",\"isPartOf\":{\"@id\":\"https:\\\/\\\/portalcapixaba.com\\\/#website\"},\"primaryImageOfPage\":{\"@id\":\"https:\\\/\\\/portalcapixaba.com\\\/?p=14443#primaryimage\"},\"image\":{\"@id\":\"https:\\\/\\\/portalcapixaba.com\\\/?p=14443#primaryimage\"},\"thumbnailUrl\":\"https:\\\/\\\/portalcapixaba.com\\\/wp-content\\\/uploads\\\/2026\\\/09\\\/Cartaz-Semana-de-Arte-2026-1-scaled.png\",\"datePublished\":\"2026-09-04T19:01:38+00:00\",\"author\":{\"@id\":\"https:\\\/\\\/portalcapixaba.com\\\/#\\\/schema\\\/person\\\/bcd337770ede8facc9d17a424328bf4b\"},\"description\":\"De 16 a 20 de setembro, evento gratuito e aberto ao p\u00fablico em geral re\u00fane dezenas de atividades em diferentes linguagens art\u00edsticas no Parque; inscri\u00e7\u00f5es abrem em 4 de setembro\",\"breadcrumb\":{\"@id\":\"https:\\\/\\\/portalcapixaba.com\\\/?p=14443#breadcrumb\"},\"inLanguage\":\"pt-BR\",\"potentialAction\":[{\"@type\":\"ReadAction\",\"target\":[\"https:\\\/\\\/portalcapixaba.com\\\/?p=14443\"]}]},{\"@type\":\"ImageObject\",\"inLanguage\":\"pt-BR\",\"@id\":\"https:\\\/\\\/portalcapixaba.com\\\/?p=14443#primaryimage\",\"url\":\"https:\\\/\\\/portalcapixaba.com\\\/wp-content\\\/uploads\\\/2026\\\/09\\\/Cartaz-Semana-de-Arte-2026-1-scaled.png\",\"contentUrl\":\"https:\\\/\\\/portalcapixaba.com\\\/wp-content\\\/uploads\\\/2026\\\/09\\\/Cartaz-Semana-de-Arte-2026-1-scaled.png\",\"width\":2048,\"height\":2560},{\"@type\":\"BreadcrumbList\",\"@id\":\"https:\\\/\\\/portalcapixaba.com\\\/?p=14443#breadcrumb\",\"itemListElement\":[{\"@type\":\"ListItem\",\"position\":1,\"name\":\"Home\",\"item\":\"https:\\\/\\\/portalcapixaba.com\\\/\"},{\"@type\":\"ListItem\",\"position\":2,\"name\":\"Semana de Arte no Parque Cultural Casa do Governador vai ter oficinas, Ciclo de Forma\u00e7\u00e3o, shows e encontro de corais\"}]},{\"@type\":\"WebSite\",\"@id\":\"https:\\\/\\\/portalcapixaba.com\\\/#website\",\"url\":\"https:\\\/\\\/portalcapixaba.com\\\/\",\"name\":\"Portal Capixaba\",\"description\":\"\",\"potentialAction\":[{\"@type\":\"SearchAction\",\"target\":{\"@type\":\"EntryPoint\",\"urlTemplate\":\"https:\\\/\\\/portalcapixaba.com\\\/?s={search_term_string}\"},\"query-input\":{\"@type\":\"PropertyValueSpecification\",\"valueRequired\":true,\"valueName\":\"search_term_string\"}}],\"inLanguage\":\"pt-BR\"},{\"@type\":\"Person\",\"@id\":\"https:\\\/\\\/portalcapixaba.com\\\/#\\\/schema\\\/person\\\/bcd337770ede8facc9d17a424328bf4b\",\"name\":\"jane boldt\",\"image\":{\"@type\":\"ImageObject\",\"inLanguage\":\"pt-BR\",\"@id\":\"https:\\\/\\\/secure.gravatar.com\\\/avatar\\\/0c30036a196ee4fe42305219849d553f713d275a5d9eddafc5bc93dc51582d78?s=96&d=mm&r=g\",\"url\":\"https:\\\/\\\/secure.gravatar.com\\\/avatar\\\/0c30036a196ee4fe42305219849d553f713d275a5d9eddafc5bc93dc51582d78?s=96&d=mm&r=g\",\"contentUrl\":\"https:\\\/\\\/secure.gravatar.com\\\/avatar\\\/0c30036a196ee4fe42305219849d553f713d275a5d9eddafc5bc93dc51582d78?s=96&d=mm&r=g\",\"caption\":\"jane boldt\"},\"sameAs\":[\"http:\\\/\\\/portalcapixaba.com.br\"],\"url\":\"https:\\\/\\\/portalcapixaba.com\\\/?author=3\"}]}<\/script>\n<!-- \/ Yoast SEO Premium plugin. -->","yoast_head_json":{"title":"Semana de Arte no Parque Cultural Casa do Governador vai ter oficinas, Ciclo de Forma\u00e7\u00e3o, shows e encontro de corais - Portal Capixaba","description":"De 16 a 20 de setembro, evento gratuito e aberto ao p\u00fablico em geral re\u00fane dezenas de atividades em diferentes linguagens art\u00edsticas no Parque; inscri\u00e7\u00f5es abrem em 4 de setembro","robots":{"index":"index","follow":"follow","max-snippet":"max-snippet:-1","max-image-preview":"max-image-preview:large","max-video-preview":"max-video-preview:-1"},"canonical":"https:\/\/portalcapixaba.com\/?p=14443","og_locale":"pt_BR","og_type":"article","og_title":"Semana de Arte no Parque Cultural Casa do Governador vai ter oficinas, Ciclo de Forma\u00e7\u00e3o, shows e encontro de corais","og_description":"De 16 a 20 de setembro, evento gratuito e aberto ao p\u00fablico em geral re\u00fane dezenas de atividades em diferentes linguagens art\u00edsticas no Parque; inscri\u00e7\u00f5es abrem em 4 de setembro","og_url":"https:\/\/portalcapixaba.com\/?p=14443","og_site_name":"Portal Capixaba","article_published_time":"2026-09-04T19:01:38+00:00","og_image":[{"width":2048,"height":2560,"url":"https:\/\/portalcapixaba.com\/wp-content\/uploads\/2026\/09\/Cartaz-Semana-de-Arte-2026-1-scaled.png","type":"image\/png"}],"author":"jane boldt","twitter_card":"summary_large_image","twitter_misc":{"Escrito por":"jane boldt","Est. tempo de leitura":"11 minutos"},"schema":{"@context":"https:\/\/schema.org","@graph":[{"@type":["Article","NewsArticle"],"@id":"https:\/\/portalcapixaba.com\/?p=14443#article","isPartOf":{"@id":"https:\/\/portalcapixaba.com\/?p=14443"},"author":{"name":"jane boldt","@id":"https:\/\/portalcapixaba.com\/#\/schema\/person\/bcd337770ede8facc9d17a424328bf4b"},"headline":"Semana de Arte no Parque Cultural Casa do Governador vai ter oficinas, Ciclo de Forma\u00e7\u00e3o, shows e encontro de corais","datePublished":"2026-09-04T19:01:38+00:00","mainEntityOfPage":{"@id":"https:\/\/portalcapixaba.com\/?p=14443"},"wordCount":1885,"commentCount":0,"image":{"@id":"https:\/\/portalcapixaba.com\/?p=14443#primaryimage"},"thumbnailUrl":"https:\/\/portalcapixaba.com\/wp-content\/uploads\/2026\/09\/Cartaz-Semana-de-Arte-2026-1-scaled.png","articleSection":["Cultura e Sa\u00fade"],"inLanguage":"pt-BR","potentialAction":[{"@type":"CommentAction","name":"Comment","target":["https:\/\/portalcapixaba.com\/?p=14443#respond"]}],"copyrightYear":"2026","copyrightHolder":{"@id":"https:\/\/portalcapixaba.com\/#organization"}},{"@type":"WebPage","@id":"https:\/\/portalcapixaba.com\/?p=14443","url":"https:\/\/portalcapixaba.com\/?p=14443","name":"Semana de Arte no Parque Cultural Casa do Governador vai ter oficinas, Ciclo de Forma\u00e7\u00e3o, shows e encontro de corais - Portal Capixaba","isPartOf":{"@id":"https:\/\/portalcapixaba.com\/#website"},"primaryImageOfPage":{"@id":"https:\/\/portalcapixaba.com\/?p=14443#primaryimage"},"image":{"@id":"https:\/\/portalcapixaba.com\/?p=14443#primaryimage"},"thumbnailUrl":"https:\/\/portalcapixaba.com\/wp-content\/uploads\/2026\/09\/Cartaz-Semana-de-Arte-2026-1-scaled.png","datePublished":"2026-09-04T19:01:38+00:00","author":{"@id":"https:\/\/portalcapixaba.com\/#\/schema\/person\/bcd337770ede8facc9d17a424328bf4b"},"description":"De 16 a 20 de setembro, evento gratuito e aberto ao p\u00fablico em geral re\u00fane dezenas de atividades em diferentes linguagens art\u00edsticas no Parque; inscri\u00e7\u00f5es abrem em 4 de setembro","breadcrumb":{"@id":"https:\/\/portalcapixaba.com\/?p=14443#breadcrumb"},"inLanguage":"pt-BR","potentialAction":[{"@type":"ReadAction","target":["https:\/\/portalcapixaba.com\/?p=14443"]}]},{"@type":"ImageObject","inLanguage":"pt-BR","@id":"https:\/\/portalcapixaba.com\/?p=14443#primaryimage","url":"https:\/\/portalcapixaba.com\/wp-content\/uploads\/2026\/09\/Cartaz-Semana-de-Arte-2026-1-scaled.png","contentUrl":"https:\/\/portalcapixaba.com\/wp-content\/uploads\/2026\/09\/Cartaz-Semana-de-Arte-2026-1-scaled.png","width":2048,"height":2560},{"@type":"BreadcrumbList","@id":"https:\/\/portalcapixaba.com\/?p=14443#breadcrumb","itemListElement":[{"@type":"ListItem","position":1,"name":"Home","item":"https:\/\/portalcapixaba.com\/"},{"@type":"ListItem","position":2,"name":"Semana de Arte no Parque Cultural Casa do Governador vai ter oficinas, Ciclo de Forma\u00e7\u00e3o, shows e encontro de corais"}]},{"@type":"WebSite","@id":"https:\/\/portalcapixaba.com\/#website","url":"https:\/\/portalcapixaba.com\/","name":"Portal Capixaba","description":"","potentialAction":[{"@type":"SearchAction","target":{"@type":"EntryPoint","urlTemplate":"https:\/\/portalcapixaba.com\/?s={search_term_string}"},"query-input":{"@type":"PropertyValueSpecification","valueRequired":true,"valueName":"search_term_string"}}],"inLanguage":"pt-BR"},{"@type":"Person","@id":"https:\/\/portalcapixaba.com\/#\/schema\/person\/bcd337770ede8facc9d17a424328bf4b","name":"jane boldt","image":{"@type":"ImageObject","inLanguage":"pt-BR","@id":"https:\/\/secure.gravatar.com\/avatar\/0c30036a196ee4fe42305219849d553f713d275a5d9eddafc5bc93dc51582d78?s=96&d=mm&r=g","url":"https:\/\/secure.gravatar.com\/avatar\/0c30036a196ee4fe42305219849d553f713d275a5d9eddafc5bc93dc51582d78?s=96&d=mm&r=g","contentUrl":"https:\/\/secure.gravatar.com\/avatar\/0c30036a196ee4fe42305219849d553f713d275a5d9eddafc5bc93dc51582d78?s=96&d=mm&r=g","caption":"jane boldt"},"sameAs":["http:\/\/portalcapixaba.com.br"],"url":"https:\/\/portalcapixaba.com\/?author=3"}]}},"_links":{"self":[{"href":"https:\/\/portalcapixaba.com\/index.php?rest_route=\/wp\/v2\/posts\/14443","targetHints":{"allow":["GET"]}}],"collection":[{"href":"https:\/\/portalcapixaba.com\/index.php?rest_route=\/wp\/v2\/posts"}],"about":[{"href":"https:\/\/portalcapixaba.com\/index.php?rest_route=\/wp\/v2\/types\/post"}],"author":[{"embeddable":true,"href":"https:\/\/portalcapixaba.com\/index.php?rest_route=\/wp\/v2\/users\/3"}],"replies":[{"embeddable":true,"href":"https:\/\/portalcapixaba.com\/index.php?rest_route=%2Fwp%2Fv2%2Fcomments&post=14443"}],"version-history":[{"count":1,"href":"https:\/\/portalcapixaba.com\/index.php?rest_route=\/wp\/v2\/posts\/14443\/revisions"}],"predecessor-version":[{"id":14445,"href":"https:\/\/portalcapixaba.com\/index.php?rest_route=\/wp\/v2\/posts\/14443\/revisions\/14445"}],"wp:featuredmedia":[{"embeddable":true,"href":"https:\/\/portalcapixaba.com\/index.php?rest_route=\/wp\/v2\/media\/14444"}],"wp:attachment":[{"href":"https:\/\/portalcapixaba.com\/index.php?rest_route=%2Fwp%2Fv2%2Fmedia&parent=14443"}],"wp:term":[{"taxonomy":"category","embeddable":true,"href":"https:\/\/portalcapixaba.com\/index.php?rest_route=%2Fwp%2Fv2%2Fcategories&post=14443"},{"taxonomy":"post_tag","embeddable":true,"href":"https:\/\/portalcapixaba.com\/index.php?rest_route=%2Fwp%2Fv2%2Ftags&post=14443"}],"curies":[{"name":"wp","href":"https:\/\/api.w.org\/{rel}","templated":true}]}}