{"id":14446,"date":"2026-09-04T16:03:35","date_gmt":"2026-09-04T19:03:35","guid":{"rendered":"https:\/\/portalcapixaba.com\/?p=14446"},"modified":"2026-09-04T16:03:35","modified_gmt":"2026-09-04T19:03:35","slug":"manifesto-pela-etica-transparencia-e-responsabilizacao-es-em-acao","status":"publish","type":"post","link":"https:\/\/portalcapixaba.com\/?p=14446","title":{"rendered":"MANIFESTO PELA \u00c9TICA, TRANSPAR\u00caNCIA E RESPONSABILIZA\u00c7\u00c3O \u2013 ES em A\u00e7\u00e3o"},"content":{"rendered":"<p style=\"font-weight: 400;\">O Esp\u00edrito Santo em A\u00e7\u00e3o manifesta grave preocupa\u00e7\u00e3o diante das recentes not\u00edcias envolvendo ministros do Supremo Tribunal Federal e outras autoridades da Rep\u00fablica em rela\u00e7\u00e3o ao Caso Master.<\/p>\n<p style=\"font-weight: 400;\">\n<p style=\"font-weight: 400;\">O exerc\u00edcio da magistratura, em particular, exige conduta \u00e9tica ilibada, imparcialidade, independ\u00eancia e rigorosa responsabilidade institucional. A confian\u00e7a da sociedade no Judici\u00e1rio pressup\u00f5e n\u00e3o apenas decis\u00f5es juridicamente fundamentadas, mas tamb\u00e9m a preserva\u00e7\u00e3o do necess\u00e1rio distanciamento e independ\u00eancia do magistrado.<\/p>\n<p style=\"font-weight: 400;\">\n<p style=\"font-weight: 400;\">Defendemos apura\u00e7\u00e3o rigorosa, transpar\u00eancia e pleno funcionamento dos mecanismos constitucionais de fiscaliza\u00e7\u00e3o e controle.<\/p>\n<p style=\"font-weight: 400;\">\n<p style=\"font-weight: 400;\">Nenhuma autoridade est\u00e1 acima da lei. Desvios de conduta, abusos ou irregularidades devem ser rigorosamente apurados e, se comprovados, devem resultar na puni\u00e7\u00e3o dos respons\u00e1veis, sem privil\u00e9gios ou exce\u00e7\u00f5es, independentemente do cargo que ocupem.<\/p>\n<p style=\"font-weight: 400;\">\n<p style=\"font-weight: 400;\">Esse tema precisa ser urgentemente sanado, para que n\u00e3o contamine os debates do per\u00edodo eleitoral que estamos vivendo, em que temas como educa\u00e7\u00e3o, seguran\u00e7a, sa\u00fade, retomada do crescimento econ\u00f4mico, reforma administrativa, equil\u00edbrio fiscal e o aumento da competitividade precisam ser amplamente debatidos, sem deixar de enfrentar o necess\u00e1rio debate sobre a reforma do Poder Judici\u00e1rio, de forma a contribuir para a constru\u00e7\u00e3o de um futuro melhor para o Brasil.<\/p>\n<p style=\"font-weight: 400;\">\n<p style=\"font-weight: 400;\">N\u00e3o defendemos pessoas ou grupos. Defendemos a \u00e9tica p\u00fablica, a Constitui\u00e7\u00e3o, a independ\u00eancia dos Poderes e a credibilidade das institui\u00e7\u00f5es.<\/p>\n<p style=\"font-weight: 400;\">\n<p style=\"font-weight: 400;\">A magistratura exige imparcialidade.<\/p>\n<p style=\"font-weight: 400;\">A Rep\u00fablica exige transpar\u00eancia.<\/p>\n<p style=\"font-weight: 400;\">A sociedade exige respostas.<\/p>\n<p style=\"font-weight: 400;\">E a responsabilidade exige consequ\u00eancias.<\/p>\n","protected":false},"excerpt":{"rendered":"<p>O Esp\u00edrito Santo em A\u00e7\u00e3o manifesta grave preocupa\u00e7\u00e3o diante das recentes not\u00edcias envolvendo ministros do Supremo Tribunal Federal e outras autoridades da Rep\u00fablica em rela\u00e7\u00e3o ao Caso Master. O exerc\u00edcio da magistratura, em particular, exige conduta \u00e9tica ilibada, imparcialidade, independ\u00eancia e rigorosa responsabilidade institucional. A confian\u00e7a da sociedade no Judici\u00e1rio pressup\u00f5e n\u00e3o apenas decis\u00f5es juridicamente [&hellip;]<\/p>\n","protected":false},"author":3,"featured_media":14447,"comment_status":"open","ping_status":"open","sticky":false,"template":"","format":"standard","meta":{"om_disable_all_campaigns":false,"_monsterinsights_skip_tracking":false,"_monsterinsights_sitenote_active":false,"_monsterinsights_sitenote_note":"","_monsterinsights_sitenote_category":0,"footnotes":""},"categories":[52],"tags":[],"class_list":["post-14446","post","type-post","status-publish","format-standard","has-post-thumbnail","hentry","category-economia"],"yoast_head":"<!-- This site is optimized with the Yoast SEO Premium plugin v21.9 (Yoast SEO v27.8) - https:\/\/yoast.com\/product\/yoast-seo-premium-wordpress\/ -->\n<title>MANIFESTO PELA \u00c9TICA, TRANSPAR\u00caNCIA E RESPONSABILIZA\u00c7\u00c3O \u2013 ES em A\u00e7\u00e3o - Portal Capixaba<\/title>\n<meta name=\"description\" content=\"O Esp\u00edrito Santo em A\u00e7\u00e3o manifesta grave preocupa\u00e7\u00e3o diante das recentes not\u00edcias envolvendo ministros do Supremo Tribunal Federal e outras autoridades da Rep\u00fablica em rela\u00e7\u00e3o ao Caso Master\" \/>\n<meta name=\"robots\" content=\"index, follow, max-snippet:-1, max-image-preview:large, max-video-preview:-1\" \/>\n<link rel=\"canonical\" href=\"https:\/\/portalcapixaba.com\/?p=14446\" \/>\n<meta property=\"og:locale\" content=\"pt_BR\" \/>\n<meta property=\"og:type\" content=\"article\" \/>\n<meta property=\"og:title\" content=\"MANIFESTO PELA \u00c9TICA, TRANSPAR\u00caNCIA E RESPONSABILIZA\u00c7\u00c3O \u2013 ES em A\u00e7\u00e3o\" \/>\n<meta property=\"og:description\" content=\"O Esp\u00edrito Santo em A\u00e7\u00e3o manifesta grave preocupa\u00e7\u00e3o diante das recentes not\u00edcias envolvendo ministros do Supremo Tribunal Federal e outras autoridades da Rep\u00fablica em rela\u00e7\u00e3o ao Caso Master\" \/>\n<meta property=\"og:url\" content=\"https:\/\/portalcapixaba.com\/?p=14446\" \/>\n<meta property=\"og:site_name\" content=\"Portal Capixaba\" \/>\n<meta property=\"article:published_time\" content=\"2026-09-04T19:03:35+00:00\" \/>\n<meta property=\"og:image\" content=\"https:\/\/portalcapixaba.com\/wp-content\/uploads\/2026\/09\/JDR_3207-scaled.jpg\" \/>\n\t<meta property=\"og:image:width\" content=\"1707\" \/>\n\t<meta property=\"og:image:height\" content=\"2560\" \/>\n\t<meta property=\"og:image:type\" content=\"image\/jpeg\" \/>\n<meta name=\"author\" content=\"jane boldt\" \/>\n<meta name=\"twitter:card\" content=\"summary_large_image\" \/>\n<meta name=\"twitter:label1\" content=\"Escrito por\" \/>\n\t<meta name=\"twitter:data1\" content=\"jane boldt\" \/>\n\t<meta name=\"twitter:label2\" content=\"Est. tempo de leitura\" \/>\n\t<meta name=\"twitter:data2\" content=\"2 minutos\" \/>\n<script type=\"application\/ld+json\" class=\"yoast-schema-graph\">{\"@context\":\"https:\\\/\\\/schema.org\",\"@graph\":[{\"@type\":[\"Article\",\"NewsArticle\"],\"@id\":\"https:\\\/\\\/portalcapixaba.com\\\/?p=14446#article\",\"isPartOf\":{\"@id\":\"https:\\\/\\\/portalcapixaba.com\\\/?p=14446\"},\"author\":{\"name\":\"jane boldt\",\"@id\":\"https:\\\/\\\/portalcapixaba.com\\\/#\\\/schema\\\/person\\\/bcd337770ede8facc9d17a424328bf4b\"},\"headline\":\"MANIFESTO PELA \u00c9TICA, TRANSPAR\u00caNCIA E RESPONSABILIZA\u00c7\u00c3O \u2013 ES em A\u00e7\u00e3o\",\"datePublished\":\"2026-09-04T19:03:35+00:00\",\"mainEntityOfPage\":{\"@id\":\"https:\\\/\\\/portalcapixaba.com\\\/?p=14446\"},\"wordCount\":275,\"commentCount\":0,\"image\":{\"@id\":\"https:\\\/\\\/portalcapixaba.com\\\/?p=14446#primaryimage\"},\"thumbnailUrl\":\"https:\\\/\\\/portalcapixaba.com\\\/wp-content\\\/uploads\\\/2026\\\/09\\\/JDR_3207-scaled.jpg\",\"articleSection\":[\"Economia e Direito\"],\"inLanguage\":\"pt-BR\",\"potentialAction\":[{\"@type\":\"CommentAction\",\"name\":\"Comment\",\"target\":[\"https:\\\/\\\/portalcapixaba.com\\\/?p=14446#respond\"]}],\"copyrightYear\":\"2026\",\"copyrightHolder\":{\"@id\":\"https:\\\/\\\/portalcapixaba.com\\\/#organization\"}},{\"@type\":\"WebPage\",\"@id\":\"https:\\\/\\\/portalcapixaba.com\\\/?p=14446\",\"url\":\"https:\\\/\\\/portalcapixaba.com\\\/?p=14446\",\"name\":\"MANIFESTO PELA \u00c9TICA, TRANSPAR\u00caNCIA E RESPONSABILIZA\u00c7\u00c3O \u2013 ES em A\u00e7\u00e3o - Portal Capixaba\",\"isPartOf\":{\"@id\":\"https:\\\/\\\/portalcapixaba.com\\\/#website\"},\"primaryImageOfPage\":{\"@id\":\"https:\\\/\\\/portalcapixaba.com\\\/?p=14446#primaryimage\"},\"image\":{\"@id\":\"https:\\\/\\\/portalcapixaba.com\\\/?p=14446#primaryimage\"},\"thumbnailUrl\":\"https:\\\/\\\/portalcapixaba.com\\\/wp-content\\\/uploads\\\/2026\\\/09\\\/JDR_3207-scaled.jpg\",\"datePublished\":\"2026-09-04T19:03:35+00:00\",\"author\":{\"@id\":\"https:\\\/\\\/portalcapixaba.com\\\/#\\\/schema\\\/person\\\/bcd337770ede8facc9d17a424328bf4b\"},\"description\":\"O Esp\u00edrito Santo em A\u00e7\u00e3o manifesta grave preocupa\u00e7\u00e3o diante das recentes not\u00edcias envolvendo ministros do Supremo Tribunal Federal e outras autoridades da Rep\u00fablica em rela\u00e7\u00e3o ao Caso Master\",\"breadcrumb\":{\"@id\":\"https:\\\/\\\/portalcapixaba.com\\\/?p=14446#breadcrumb\"},\"inLanguage\":\"pt-BR\",\"potentialAction\":[{\"@type\":\"ReadAction\",\"target\":[\"https:\\\/\\\/portalcapixaba.com\\\/?p=14446\"]}]},{\"@type\":\"ImageObject\",\"inLanguage\":\"pt-BR\",\"@id\":\"https:\\\/\\\/portalcapixaba.com\\\/?p=14446#primaryimage\",\"url\":\"https:\\\/\\\/portalcapixaba.com\\\/wp-content\\\/uploads\\\/2026\\\/09\\\/JDR_3207-scaled.jpg\",\"contentUrl\":\"https:\\\/\\\/portalcapixaba.com\\\/wp-content\\\/uploads\\\/2026\\\/09\\\/JDR_3207-scaled.jpg\",\"width\":1707,\"height\":2560},{\"@type\":\"BreadcrumbList\",\"@id\":\"https:\\\/\\\/portalcapixaba.com\\\/?p=14446#breadcrumb\",\"itemListElement\":[{\"@type\":\"ListItem\",\"position\":1,\"name\":\"Home\",\"item\":\"https:\\\/\\\/portalcapixaba.com\\\/\"},{\"@type\":\"ListItem\",\"position\":2,\"name\":\"MANIFESTO PELA \u00c9TICA, TRANSPAR\u00caNCIA E RESPONSABILIZA\u00c7\u00c3O \u2013 ES em A\u00e7\u00e3o\"}]},{\"@type\":\"WebSite\",\"@id\":\"https:\\\/\\\/portalcapixaba.com\\\/#website\",\"url\":\"https:\\\/\\\/portalcapixaba.com\\\/\",\"name\":\"Portal Capixaba\",\"description\":\"\",\"potentialAction\":[{\"@type\":\"SearchAction\",\"target\":{\"@type\":\"EntryPoint\",\"urlTemplate\":\"https:\\\/\\\/portalcapixaba.com\\\/?s={search_term_string}\"},\"query-input\":{\"@type\":\"PropertyValueSpecification\",\"valueRequired\":true,\"valueName\":\"search_term_string\"}}],\"inLanguage\":\"pt-BR\"},{\"@type\":\"Person\",\"@id\":\"https:\\\/\\\/portalcapixaba.com\\\/#\\\/schema\\\/person\\\/bcd337770ede8facc9d17a424328bf4b\",\"name\":\"jane boldt\",\"image\":{\"@type\":\"ImageObject\",\"inLanguage\":\"pt-BR\",\"@id\":\"https:\\\/\\\/secure.gravatar.com\\\/avatar\\\/0c30036a196ee4fe42305219849d553f713d275a5d9eddafc5bc93dc51582d78?s=96&d=mm&r=g\",\"url\":\"https:\\\/\\\/secure.gravatar.com\\\/avatar\\\/0c30036a196ee4fe42305219849d553f713d275a5d9eddafc5bc93dc51582d78?s=96&d=mm&r=g\",\"contentUrl\":\"https:\\\/\\\/secure.gravatar.com\\\/avatar\\\/0c30036a196ee4fe42305219849d553f713d275a5d9eddafc5bc93dc51582d78?s=96&d=mm&r=g\",\"caption\":\"jane boldt\"},\"sameAs\":[\"http:\\\/\\\/portalcapixaba.com.br\"],\"url\":\"https:\\\/\\\/portalcapixaba.com\\\/?author=3\"}]}<\/script>\n<!-- \/ Yoast SEO Premium plugin. -->","yoast_head_json":{"title":"MANIFESTO PELA \u00c9TICA, TRANSPAR\u00caNCIA E RESPONSABILIZA\u00c7\u00c3O \u2013 ES em A\u00e7\u00e3o - Portal Capixaba","description":"O Esp\u00edrito Santo em A\u00e7\u00e3o manifesta grave preocupa\u00e7\u00e3o diante das recentes not\u00edcias envolvendo ministros do Supremo Tribunal Federal e outras autoridades da Rep\u00fablica em rela\u00e7\u00e3o ao Caso Master","robots":{"index":"index","follow":"follow","max-snippet":"max-snippet:-1","max-image-preview":"max-image-preview:large","max-video-preview":"max-video-preview:-1"},"canonical":"https:\/\/portalcapixaba.com\/?p=14446","og_locale":"pt_BR","og_type":"article","og_title":"MANIFESTO PELA \u00c9TICA, TRANSPAR\u00caNCIA E RESPONSABILIZA\u00c7\u00c3O \u2013 ES em A\u00e7\u00e3o","og_description":"O Esp\u00edrito Santo em A\u00e7\u00e3o manifesta grave preocupa\u00e7\u00e3o diante das recentes not\u00edcias envolvendo ministros do Supremo Tribunal Federal e outras autoridades da Rep\u00fablica em rela\u00e7\u00e3o ao Caso Master","og_url":"https:\/\/portalcapixaba.com\/?p=14446","og_site_name":"Portal Capixaba","article_published_time":"2026-09-04T19:03:35+00:00","og_image":[{"width":1707,"height":2560,"url":"https:\/\/portalcapixaba.com\/wp-content\/uploads\/2026\/09\/JDR_3207-scaled.jpg","type":"image\/jpeg"}],"author":"jane boldt","twitter_card":"summary_large_image","twitter_misc":{"Escrito por":"jane boldt","Est. tempo de leitura":"2 minutos"},"schema":{"@context":"https:\/\/schema.org","@graph":[{"@type":["Article","NewsArticle"],"@id":"https:\/\/portalcapixaba.com\/?p=14446#article","isPartOf":{"@id":"https:\/\/portalcapixaba.com\/?p=14446"},"author":{"name":"jane boldt","@id":"https:\/\/portalcapixaba.com\/#\/schema\/person\/bcd337770ede8facc9d17a424328bf4b"},"headline":"MANIFESTO PELA \u00c9TICA, TRANSPAR\u00caNCIA E RESPONSABILIZA\u00c7\u00c3O \u2013 ES em A\u00e7\u00e3o","datePublished":"2026-09-04T19:03:35+00:00","mainEntityOfPage":{"@id":"https:\/\/portalcapixaba.com\/?p=14446"},"wordCount":275,"commentCount":0,"image":{"@id":"https:\/\/portalcapixaba.com\/?p=14446#primaryimage"},"thumbnailUrl":"https:\/\/portalcapixaba.com\/wp-content\/uploads\/2026\/09\/JDR_3207-scaled.jpg","articleSection":["Economia e Direito"],"inLanguage":"pt-BR","potentialAction":[{"@type":"CommentAction","name":"Comment","target":["https:\/\/portalcapixaba.com\/?p=14446#respond"]}],"copyrightYear":"2026","copyrightHolder":{"@id":"https:\/\/portalcapixaba.com\/#organization"}},{"@type":"WebPage","@id":"https:\/\/portalcapixaba.com\/?p=14446","url":"https:\/\/portalcapixaba.com\/?p=14446","name":"MANIFESTO PELA \u00c9TICA, TRANSPAR\u00caNCIA E RESPONSABILIZA\u00c7\u00c3O \u2013 ES em A\u00e7\u00e3o - Portal Capixaba","isPartOf":{"@id":"https:\/\/portalcapixaba.com\/#website"},"primaryImageOfPage":{"@id":"https:\/\/portalcapixaba.com\/?p=14446#primaryimage"},"image":{"@id":"https:\/\/portalcapixaba.com\/?p=14446#primaryimage"},"thumbnailUrl":"https:\/\/portalcapixaba.com\/wp-content\/uploads\/2026\/09\/JDR_3207-scaled.jpg","datePublished":"2026-09-04T19:03:35+00:00","author":{"@id":"https:\/\/portalcapixaba.com\/#\/schema\/person\/bcd337770ede8facc9d17a424328bf4b"},"description":"O Esp\u00edrito Santo em A\u00e7\u00e3o manifesta grave preocupa\u00e7\u00e3o diante das recentes not\u00edcias envolvendo ministros do Supremo Tribunal Federal e outras autoridades da Rep\u00fablica em rela\u00e7\u00e3o ao Caso Master","breadcrumb":{"@id":"https:\/\/portalcapixaba.com\/?p=14446#breadcrumb"},"inLanguage":"pt-BR","potentialAction":[{"@type":"ReadAction","target":["https:\/\/portalcapixaba.com\/?p=14446"]}]},{"@type":"ImageObject","inLanguage":"pt-BR","@id":"https:\/\/portalcapixaba.com\/?p=14446#primaryimage","url":"https:\/\/portalcapixaba.com\/wp-content\/uploads\/2026\/09\/JDR_3207-scaled.jpg","contentUrl":"https:\/\/portalcapixaba.com\/wp-content\/uploads\/2026\/09\/JDR_3207-scaled.jpg","width":1707,"height":2560},{"@type":"BreadcrumbList","@id":"https:\/\/portalcapixaba.com\/?p=14446#breadcrumb","itemListElement":[{"@type":"ListItem","position":1,"name":"Home","item":"https:\/\/portalcapixaba.com\/"},{"@type":"ListItem","position":2,"name":"MANIFESTO PELA \u00c9TICA, TRANSPAR\u00caNCIA E RESPONSABILIZA\u00c7\u00c3O \u2013 ES em A\u00e7\u00e3o"}]},{"@type":"WebSite","@id":"https:\/\/portalcapixaba.com\/#website","url":"https:\/\/portalcapixaba.com\/","name":"Portal Capixaba","description":"","potentialAction":[{"@type":"SearchAction","target":{"@type":"EntryPoint","urlTemplate":"https:\/\/portalcapixaba.com\/?s={search_term_string}"},"query-input":{"@type":"PropertyValueSpecification","valueRequired":true,"valueName":"search_term_string"}}],"inLanguage":"pt-BR"},{"@type":"Person","@id":"https:\/\/portalcapixaba.com\/#\/schema\/person\/bcd337770ede8facc9d17a424328bf4b","name":"jane boldt","image":{"@type":"ImageObject","inLanguage":"pt-BR","@id":"https:\/\/secure.gravatar.com\/avatar\/0c30036a196ee4fe42305219849d553f713d275a5d9eddafc5bc93dc51582d78?s=96&d=mm&r=g","url":"https:\/\/secure.gravatar.com\/avatar\/0c30036a196ee4fe42305219849d553f713d275a5d9eddafc5bc93dc51582d78?s=96&d=mm&r=g","contentUrl":"https:\/\/secure.gravatar.com\/avatar\/0c30036a196ee4fe42305219849d553f713d275a5d9eddafc5bc93dc51582d78?s=96&d=mm&r=g","caption":"jane boldt"},"sameAs":["http:\/\/portalcapixaba.com.br"],"url":"https:\/\/portalcapixaba.com\/?author=3"}]}},"_links":{"self":[{"href":"https:\/\/portalcapixaba.com\/index.php?rest_route=\/wp\/v2\/posts\/14446","targetHints":{"allow":["GET"]}}],"collection":[{"href":"https:\/\/portalcapixaba.com\/index.php?rest_route=\/wp\/v2\/posts"}],"about":[{"href":"https:\/\/portalcapixaba.com\/index.php?rest_route=\/wp\/v2\/types\/post"}],"author":[{"embeddable":true,"href":"https:\/\/portalcapixaba.com\/index.php?rest_route=\/wp\/v2\/users\/3"}],"replies":[{"embeddable":true,"href":"https:\/\/portalcapixaba.com\/index.php?rest_route=%2Fwp%2Fv2%2Fcomments&post=14446"}],"version-history":[{"count":1,"href":"https:\/\/portalcapixaba.com\/index.php?rest_route=\/wp\/v2\/posts\/14446\/revisions"}],"predecessor-version":[{"id":14448,"href":"https:\/\/portalcapixaba.com\/index.php?rest_route=\/wp\/v2\/posts\/14446\/revisions\/14448"}],"wp:featuredmedia":[{"embeddable":true,"href":"https:\/\/portalcapixaba.com\/index.php?rest_route=\/wp\/v2\/media\/14447"}],"wp:attachment":[{"href":"https:\/\/portalcapixaba.com\/index.php?rest_route=%2Fwp%2Fv2%2Fmedia&parent=14446"}],"wp:term":[{"taxonomy":"category","embeddable":true,"href":"https:\/\/portalcapixaba.com\/index.php?rest_route=%2Fwp%2Fv2%2Fcategories&post=14446"},{"taxonomy":"post_tag","embeddable":true,"href":"https:\/\/portalcapixaba.com\/index.php?rest_route=%2Fwp%2Fv2%2Ftags&post=14446"}],"curies":[{"name":"wp","href":"https:\/\/api.w.org\/{rel}","templated":true}]}}