{"id":14452,"date":"2026-09-04T17:18:32","date_gmt":"2026-09-04T20:18:32","guid":{"rendered":"https:\/\/portalcapixaba.com\/?p=14452"},"modified":"2026-09-04T17:18:52","modified_gmt":"2026-09-04T20:18:52","slug":"sesc-espirito-santo-comemora-80-anos-com-exposicao-picasso-a-construcao-de-um-genio-em-vitoria","status":"publish","type":"post","link":"https:\/\/portalcapixaba.com\/?p=14452","title":{"rendered":"Sesc Esp\u00edrito Santo comemora 80 anos com exposi\u00e7\u00e3o\u00a0&#8220;Picasso, a constru\u00e7\u00e3o de um g\u00eanio&#8221;\u00a0em Vit\u00f3ria"},"content":{"rendered":"<p><i><span style=\"font-weight: 400;\">80 obras de Pablo Picasso estabelecem um di\u00e1logo simb\u00f3lico entre as oito d\u00e9cadas de atua\u00e7\u00e3o do Sesc e o legado de um dos maiores nomes da arte mundial<\/span><\/i><\/p>\n<p><span style=\"font-weight: 400;\">Abertura da exposi\u00e7\u00e3o reuniu lideran\u00e7as do Departamento Nacional do Sesc, da Confedera\u00e7\u00e3o Nacional do Com\u00e9rcio (CNC), Fecom\u00e9rcio-ES, Sesc-ES, Senac-ES, e representantes do meio art\u00edstico e cultural. Cr\u00e9dito: <\/span><span style=\"font-weight: 400;\">Daniel Pimenta\/Sesc-ES<\/span><\/p>\n<p><span style=\"font-weight: 400;\">O Sesc Esp\u00edrito Santo celebra 80 anos de hist\u00f3ria e presenteia os capixabas com uma exposi\u00e7\u00e3o internacional com obras originais in\u00e9ditas no pa\u00eds: &#8220;Picasso, a constru\u00e7\u00e3o de um g\u00eanio \u2014 A arte de nunca ser o mesmo&#8221;. Com entrada gratuita, a mostra apresenta 80 obras de Pablo Picasso, estabelecendo um di\u00e1logo simb\u00f3lico entre as oito d\u00e9cadas de atua\u00e7\u00e3o da institui\u00e7\u00e3o e o legado de um dos maiores nomes da arte do s\u00e9culo XX.<\/span><\/p>\n<p><span style=\"font-weight: 400;\">A exposi\u00e7\u00e3o ocupa o Espa\u00e7o Cultural do Pal\u00e1cio Anchieta, no Centro de Vit\u00f3ria,\u00a0reunindo um conjunto de obras que percorre diferentes momentos da trajet\u00f3ria de Pablo Picasso. Parte do acervo \u00e9 in\u00e9dita no Brasil e chega ao pa\u00eds a partir de cole\u00e7\u00f5es particulares italianas, refor\u00e7ando a presen\u00e7a do Esp\u00edrito Santo no circuito das grandes exposi\u00e7\u00f5es internacionais.<\/span><\/p>\n<p><span style=\"font-weight: 400;\">Al\u00e9m das 80 obras de Picasso, a exposi\u00e7\u00e3o apresenta um conjunto de trabalhos que amplia o olhar sobre a trajet\u00f3ria e o universo art\u00edstico do mestre espanhol, incluindo\u00a0fotografias, gravuras, cer\u00e2micas e obras de artistas que fizeram parte de seu percurso e de seu c\u00edrculo de cria\u00e7\u00e3o. Ao todo, s\u00e3o\u00a0120 obras\u00a0que permitem ao p\u00fablico conhecer diferentes aspectos da\u00a0sua\u00a0produ\u00e7\u00e3o e\u00a0de\u00a0artistas que fizeram parte da sua trajet\u00f3ria, como\u00a0Dora\u00a0Maar\u00a0e Fran\u00e7oise Gilot.\u00a0<\/span><\/p>\n<p><span style=\"font-weight: 400;\">A exposi\u00e7\u00e3o\u00a0reafirma\u00a0o compromisso do Sesc-ES\u00a0com tr\u00eas princ\u00edpios que marcam a sua trajet\u00f3ria: o protagonismo na promo\u00e7\u00e3o de grandes iniciativas culturais, a experi\u00eancia em promover experi\u00eancias de qualidade em diversas regi\u00f5es do Brasil e a democratiza\u00e7\u00e3o do acesso \u00e0 cultura\u00a0aos trabalhadores do com\u00e9rcio de bens, servi\u00e7os e turismo.\u00a0<\/span><\/p>\n<p><span style=\"font-weight: 400;\">Para o presidente do Sistema Fecom\u00e9rcio-ES \u2013 Sesc e Senac,\u00a0Idalberto Moro, \u00e9 um marco\u00a0para a cultura capixaba e refor\u00e7a a atua\u00e7\u00e3o do Sesc na promo\u00e7\u00e3o da cultura.\u00a0\u00a0<\/span><\/p>\n<p><span style=\"font-weight: 400;\">&#8220;<\/span><i><span style=\"font-weight: 400;\">Trazer\u00a0ao Esp\u00edrito Santo a exposi\u00e7\u00e3o do artista Pablo Picasso representa um momento hist\u00f3rico para a cultura capixaba. \u00c9 uma honra para o nosso Estado abrir o Circuito Nacional\u00a0em celebra\u00e7\u00e3o aos\u00a080 anos\u00a0do Sesc-ES\u00a0com uma exposi\u00e7\u00e3o dessa relev\u00e2ncia, que projeta o Esp\u00edrito Santo no cen\u00e1rio cultural brasileiro\u00a0e reafirma\u00a0o compromisso do Sesc de promover a cultura como instrumento de desenvolvimento humano, educa\u00e7\u00e3o e qualidade de vida<\/span><\/i><span style=\"font-weight: 400;\">\u201d, diz Idalberto Moro.\u00a0\u00a0<\/span><\/p>\n<p><span style=\"font-weight: 400;\"><br \/>\n<\/span><span style=\"font-weight: 400;\">Idalberto Moro, presidente do Sistema Fecom\u00e9rcio-ES \u2013 Sesc e Senac, destaca a atua\u00e7\u00e3o do Sesc na promo\u00e7\u00e3o da cultura.\u00a0\u00a0Cr\u00e9dito: <\/span><span style=\"font-weight: 400;\">Daniel Pimenta\/Sesc-ES<\/span><\/p>\n<p><span style=\"font-weight: 400;\">O diretor regional do Sesc-ES,\u00a0Richardson\u00a0Schmittel, destaca os investimentos da institui\u00e7\u00e3o em cultura e a import\u00e2ncia de trazer ao Esp\u00edrito Santo uma exposi\u00e7\u00e3o de alcance nacional. \u00a0\u00a0<\/span><\/p>\n<p><span style=\"font-weight: 400;\">\u201c<\/span><i><span style=\"font-weight: 400;\">Estamos ampliando nossos investimentos em cultura e, promover uma exposi\u00e7\u00e3o desse porte no Esp\u00edrito Santo, de forma in\u00e9dita, refor\u00e7a o papel do Sesc-ES de democratizar a arte e colocar o nosso estado na rota dos grandes eventos do pa\u00eds. Queremos que os trabalhadores do com\u00e9rcio de bens, servi\u00e7os e turismo \u2014 que h\u00e1 80 anos contam com a nossa institui\u00e7\u00e3o \u2014 celebrem esse marco conosco e enxerguem a cultura tamb\u00e9m como uma forma essencial de lazer e qualidade de vida<\/span><\/i><span style=\"font-weight: 400;\">&#8220;, afirma\u00a0Schmittel.\u00a0<\/span><\/p>\n<p><span style=\"font-weight: 400;\">Para o\u00a0diretor-geral do Departamento Nacional do Sesc,\u00a0Jos\u00e9 Carlos Cirilo, a exposi\u00e7\u00e3o traduz o compromisso da institui\u00e7\u00e3o em ampliar\u00a0experi\u00eancias culturais\u00a0aos trabalhadores\u00a0do\u00a0com\u00e9rcio de bens, servi\u00e7os e turismo.\u00a0<\/span><\/p>\n<p><span style=\"font-weight: 400;\">&#8220;<\/span><i><span style=\"font-weight: 400;\">Celebrar os 80 anos do Sesc trazendo ao Brasil uma exposi\u00e7\u00e3o desta dimens\u00e3o simboliza aquilo que orienta nossa atua\u00e7\u00e3o h\u00e1 oito d\u00e9cadas: ampliar o acesso dos trabalhadores\u00a0a experi\u00eancias de excel\u00eancia. Tornar esse patrim\u00f4nio acess\u00edvel \u00e9 poss\u00edvel gra\u00e7as ao compromisso dos empres\u00e1rios do setor, que acreditam no investimento social como um caminho para promover qualidade de vida e cidadania<\/span><\/i><span style=\"font-weight: 400;\">&#8220;, explica\u00a0Cirilo.\u00a0\u00a0<\/span><\/p>\n<p>&nbsp;<\/p>\n<p><span style=\"font-weight: 400;\"><br \/>\n<\/span><span style=\"font-weight: 400;\">Obras de arte e uma linha do tempo narra a trajet\u00f3ria de 80 anos do Sesc-ES na exposi\u00e7\u00e3o<\/span><span style=\"font-weight: 400;\">\u00a0<\/span><\/p>\n<p><b>Obras\u00a0do\u00a0Mestre Espanhol<\/b><span style=\"font-weight: 400;\">\u00a0<\/span><\/p>\n<p><span style=\"font-weight: 400;\">O acervo veio de duas cole\u00e7\u00f5es privadas italianas administradas pela The\u00a0Art\u00a0Company. As gravuras, fotografias e obras de Dora\u00a0Maar\u00a0e Fran\u00e7oise Gilot pertencem a uma cole\u00e7\u00e3o particular, enquanto as cer\u00e2micas fazem parte de outro importante acervo, tamb\u00e9m sediado na It\u00e1lia. Grande parte dessas pe\u00e7as est\u00e1 depositada no MARV \u2013 Museo d&#8217;Arte\u00a0Rubini\u00a0Vesin, na cidade de Gradara. Mais do que reunir obras raras, a exposi\u00e7\u00e3o prop\u00f5e apresentar Picasso sob uma nova perspectiva: n\u00e3o apenas como um g\u00eanio da pintura, mas como o centro de um universo criativo que ajudou a transformar a arte do s\u00e9culo XX.\u00a0<\/span><\/p>\n<p><span style=\"font-weight: 400;\">A exposi\u00e7\u00e3o percorre diferentes fases da vida de Pablo Picasso. Nascido em M\u00e1laga, na Espanha, em 1881, ele demonstrou talento ainda crian\u00e7a e, ao longo de mais de sete d\u00e9cadas de carreira, produziu milhares de pinturas, esculturas, gravuras, desenhos e cer\u00e2micas. Ao lado do franc\u00eas Georges Braque, criou o Cubismo, movimento art\u00edstico que revolucionou a pintura ao apresentar diferentes\u00a0perspectivas de um mesmo objeto em uma \u00fanica imagem e influenciou gera\u00e7\u00f5es de artistas em todo o mundo.\u00a0<\/span><\/p>\n<p><span style=\"font-weight: 400;\"><br \/>\n<\/span><span style=\"font-weight: 400;\">Convidados prestigiam a abertura da exposi\u00e7\u00e3o em comemora\u00e7\u00e3o aos 80 anos do Sesc-ES<\/span><\/p>\n<p><span style=\"font-weight: 400;\">O\u00a0p\u00fablico\u00a0poder\u00e1 conhecer algumas das s\u00e9ries mais importantes produzidas por\u00a0Picasso. Entre elas est\u00e1 Le\u00a0Repas\u00a0Frugal (1904), considerada sua primeira grande gravura e uma das mais importantes do s\u00e9culo XX. Produzida quando o artista tinha apenas 22 anos e enfrentava dificuldades financeiras em Paris, a obra retrata um casal diante de uma mesa quase vazia e traduz a sensibilidade do jovem pintor diante da pobreza e da solid\u00e3o.\u00a0<\/span><\/p>\n<p><span style=\"font-weight: 400;\">A\u00a0exposi\u00e7\u00e3o\u00a0tamb\u00e9m re\u00fane gravuras da s\u00e9rie\u00a0Suite\u00a0des\u00a0Saltimbanques, inspiradas no universo dos artistas mambembes de circo, com quem Picasso se identificava no in\u00edcio da carreira; a cole\u00e7\u00e3o completa de Tauromaquia, produzida entre 1957 e 1959 e dedicada \u00e0s tradicionais touradas espanholas; e as gravuras de A Obra-Prima Ignorada, inspiradas no conto de Honor\u00e9 de Balzac sobre a busca incessante pela obra perfeita.\u00a0<\/span><\/p>\n<p><span style=\"font-weight: 400;\">Na exposi\u00e7\u00e3o, o p\u00fablico poder\u00e1 contemplar ainda, 12 cer\u00e2micas produzidas entre 1948 e 1959 no ateli\u00ea\u00a0Madoura, em\u00a0Vallauris, quando Picasso transformava pratos, vasos e travessas em obras de arte, demonstrando que a criatividade tamb\u00e9m podia nascer de objetos do cotidiano.\u00a0\u00a0<\/span><\/p>\n<p><b>A Constru\u00e7\u00e3o de um G\u00eanio<\/b><span style=\"font-weight: 400;\">\u00a0<\/span><\/p>\n<p><span style=\"font-weight: 400;\">Outro diferencial da exposi\u00e7\u00e3o \u00e9 apresentar Picasso al\u00e9m do mito. Em vez de retrat\u00e1-lo como um artista isolado, ser\u00e1 destacado o universo criativo que o cercava por meio de 31 obras de duas mulheres fundamentais em sua trajet\u00f3ria: Dora\u00a0Maar\u00a0e Fran\u00e7oise Gilot.\u00a0<\/span><\/p>\n<p><span style=\"font-weight: 400;\">De Dora\u00a0Maar\u00a0estar\u00e3o expostas 15 obras, entre pinturas, desenhos, aquarelas e dez fotografias da s\u00e9rie Le Temps\u00a0D\u00e9borde, al\u00e9m do hist\u00f3rico registro fotogr\u00e1fico da cria\u00e7\u00e3o de Guernica \u2014 documento produzido por ela enquanto Picasso pintava aquele que se tornaria seu trabalho mais famoso e um dos maiores s\u00edmbolos mundiais contra a guerra. O visitante poder\u00e1 acompanhar, por meio dessas imagens, como nasceu uma das obras mais importantes da hist\u00f3ria da arte.\u00a0<\/span><\/p>\n<p><span style=\"font-weight: 400;\">J\u00e1 Fran\u00e7oise Gilot participa da\u00a0exposi\u00e7\u00e3o\u00a0com as 16 litografias \u2013 um m\u00e9todo de impress\u00e3o criado em 1796 que usa uma pedra especial ou placa de metal \u2013 da s\u00e9rie Pages d&#8217;Amour (1951). Pintora e escritora reconhecida internacionalmente, ela construiu uma carreira pr\u00f3pria e tornou-se a \u00fanica companheira de Picasso a deix\u00e1-lo por decis\u00e3o pr\u00f3pria. Sua presen\u00e7a refor\u00e7a a proposta da exposi\u00e7\u00e3o de valorizar tamb\u00e9m os artistas que fizeram parte da vida do pintor espanhol.\u00a0<\/span><\/p>\n<p><span style=\"font-weight: 400;\">As fotografias de Robert Capa, um dos maiores fotojornalistas do s\u00e9culo XX, completam o percurso revelando um lado pouco conhecido de Picasso. Os registros\u00a0mostram momentos descontra\u00eddos do artista na Fran\u00e7a, j\u00e1 consagrado mundialmente, aproximando o visitante da pessoa por tr\u00e1s do g\u00eanio.\u00a0<\/span><\/p>\n<p><span style=\"font-weight: 400;\">Pensada para receber desde quem nunca entrou em um museu at\u00e9 especialistas em arte, a exposi\u00e7\u00e3o re\u00fane textos em linguagem acess\u00edvel, recursos digitais, materiais educativos e ferramentas de acessibilidade para pessoas com defici\u00eancia visual. Tamb\u00e9m ser\u00e3o oferecidas visitas mediadas para estudantes de escolas p\u00fablicas e privadas, mediante agendamento.\u00a0<\/span><\/p>\n<p><span style=\"font-weight: 400;\">Al\u00e9m de proporcionar contato com obras que normalmente circulam apenas por grandes museus e cole\u00e7\u00f5es europeias, a exposi\u00e7\u00e3o representa uma oportunidade de ampliar o repert\u00f3rio cultural, estimular a criatividade e compreender por que Picasso continua sendo, mais de cinquenta anos ap\u00f3s sua morte, um dos artistas mais influentes da hist\u00f3ria.\u00a0<\/span><\/p>\n<p><b>Sobre o Sesc<\/b><span style=\"font-weight: 400;\">\u00a0<\/span><\/p>\n<p><span style=\"font-weight: 400;\">Integrante do Sistema Com\u00e9rcio, ao lado da Confedera\u00e7\u00e3o Nacional do Com\u00e9rcio de Bens, Servi\u00e7os e Turismo (CNC), do Senac e das Federa\u00e7\u00f5es e sindicatos\u00a0empresariais, o Sesc \u00e9 uma institui\u00e7\u00e3o privada mantida pelos empres\u00e1rios do com\u00e9rcio de bens, servi\u00e7os e turismo. H\u00e1 80 anos, desenvolve a\u00e7\u00f5es de educa\u00e7\u00e3o, sa\u00fade, cultura, lazer e assist\u00eancia que promovem qualidade de vida e desenvolvimento para os trabalhadores do setor. Em 2026, a institui\u00e7\u00e3o celebra oito d\u00e9cadas de atua\u00e7\u00e3o com uma programa\u00e7\u00e3o especial em todos os estados do pa\u00eds.\u00a0<\/span><\/p>\n<p><b>Quem foi Pablo Picasso?<\/b><span style=\"font-weight: 400;\">\u00a0<\/span><\/p>\n<p><span style=\"font-weight: 400;\">Pablo Picasso (1881\u20131973) foi um dos artistas mais importantes e revolucion\u00e1rios da hist\u00f3ria. Produziu sua primeira pintura antes dos 10 anos e, ao longo de mais de 70 anos de carreira, criou cerca de 50 mil obras. Inquieto e inovador, nunca permaneceu preso a um \u00fanico estilo. Mesmo quem nunca entrou em um museu provavelmente j\u00e1 viu refer\u00eancias \u00e0s obras de Picasso em livros, filmes, publicidade, moda ou design e at\u00e9 memes. Seus rostos fragmentados, olhos em diferentes posi\u00e7\u00f5es e formas geom\u00e9tricas se tornaram uma linguagem reconhecida internacionalmente e ajudaram a redefinir os rumos\u00a0da arte moderna.\u00a0<\/span><\/p>\n<p><span style=\"font-weight: 400;\">Entre seus trabalhos mais famosos est\u00e3o Guernica (1937), um dos maiores manifestos art\u00edsticos contra a guerra;\u00a0LesDemoiselles\u00a0d&#8217;Avignon (1907), considerada um marco da arte moderna; A Mulher\u00a0que Chora\u00a0(1937), um retrato marcante do sofrimento humano; e O Velho Guitarrista (1903), uma das principais obras da Fase Azul. At\u00e9 hoje, Picasso \u00e9 um dos artistas mais conhecidos do mundo, com obras presentes nos principais museus e entre as mais valiosas da hist\u00f3ria da arte.\u00a0<\/span><\/p>\n<p><b>Voc\u00ea sabia?<\/b><span style=\"font-weight: 400;\">\u00a0<\/span><\/p>\n<p><span style=\"font-weight: 400;\">Muito do que hoje conhecemos\u00a0como arte moderna no Brasil tem influ\u00eancia de Pablo Picasso. O Cubismo, movimento criado pelo artista ao lado de Georges Braque, inspirou nomes como Tarsila do Amaral, Anita Malfatti e Di Cavalcanti, que ajudaram a construir o Modernismo brasileiro. Embora cada um tenha desenvolvido um estilo pr\u00f3prio, as ideias de Picasso sobre formas, perspectivas e liberdade criativa abriram caminho para uma gera\u00e7\u00e3o que transformou a hist\u00f3ria da arte no pa\u00eds.\u00a0<\/span><\/p>\n<p><b>Servi\u00e7o<\/b><span style=\"font-weight: 400;\">: <\/span><b>Exposi\u00e7\u00e3o: Picasso, a constru\u00e7\u00e3o de um g\u00eanio \u2014 A arte de nunca ser o mesmo<\/b><span style=\"font-weight: 400;\">\u00a0<\/span><\/p>\n<p><b>Visita\u00e7\u00e3o<\/b><span style=\"font-weight: 400;\">: 26 de agosto a 16 de outubro de 2026<\/span><span style=\"font-weight: 400;\"><br \/>\n<\/span><b>Local<\/b><span style=\"font-weight: 400;\">: Espa\u00e7o Cultural do Pal\u00e1cio Anchieta, Centro de Vit\u00f3ria\u00a0<\/span><span style=\"font-weight: 400;\"><br \/>\n<\/span><b>Endere\u00e7o:<\/b><span style=\"font-weight: 400;\">\u00a0Pra\u00e7a Jo\u00e3o Cl\u00edmaco, s\/n, Cidade Alta, no Centro de Vit\u00f3ria<\/span><span style=\"font-weight: 400;\"><br \/>\n<\/span><b>Entrada gratuita<\/b><span style=\"font-weight: 400;\">\u00a0<\/span><span style=\"font-weight: 400;\"><br \/>\n<\/span><b>Agendamento de grupos<\/b><span style=\"font-weight: 400;\">: (27) 3636-1031 \/ (27) 3636-1032 \/\u00a0agendamento.palacio@gmail.com<\/span><span style=\"font-weight: 400;\"><br \/>\n<\/span><b>Mais informa\u00e7\u00f5es<\/b><span style=\"font-weight: 400;\">: https:\/\/www.instagram.com\/picassonobrasil\/\u00a0<\/span><\/p>\n","protected":false},"excerpt":{"rendered":"<p>80 obras de Pablo Picasso estabelecem um di\u00e1logo simb\u00f3lico entre as oito d\u00e9cadas de atua\u00e7\u00e3o do Sesc e o legado de um dos maiores nomes da arte mundial Abertura da exposi\u00e7\u00e3o reuniu lideran\u00e7as do Departamento Nacional do Sesc, da Confedera\u00e7\u00e3o Nacional do Com\u00e9rcio (CNC), Fecom\u00e9rcio-ES, Sesc-ES, Senac-ES, e representantes do meio art\u00edstico e cultural. Cr\u00e9dito: [&hellip;]<\/p>\n","protected":false},"author":3,"featured_media":14453,"comment_status":"open","ping_status":"open","sticky":false,"template":"","format":"standard","meta":{"om_disable_all_campaigns":false,"_monsterinsights_skip_tracking":false,"_monsterinsights_sitenote_active":false,"_monsterinsights_sitenote_note":"","_monsterinsights_sitenote_category":0,"footnotes":""},"categories":[51],"tags":[],"class_list":["post-14452","post","type-post","status-publish","format-standard","has-post-thumbnail","hentry","category-cultura-e-saude"],"yoast_head":"<!-- This site is optimized with the Yoast SEO Premium plugin v21.9 (Yoast SEO v27.8) - https:\/\/yoast.com\/product\/yoast-seo-premium-wordpress\/ -->\n<title>Sesc Esp\u00edrito Santo comemora 80 anos com exposi\u00e7\u00e3o\u00a0&quot;Picasso, a constru\u00e7\u00e3o de um g\u00eanio&quot;\u00a0em Vit\u00f3ria - Portal Capixaba<\/title>\n<meta name=\"description\" content=\"80 obras de Pablo Picasso estabelecem um di\u00e1logo simb\u00f3lico entre as oito d\u00e9cadas de atua\u00e7\u00e3o do Sesc e o legado de um dos maiores nomes da arte mundial\" \/>\n<meta name=\"robots\" content=\"index, follow, max-snippet:-1, max-image-preview:large, max-video-preview:-1\" \/>\n<link rel=\"canonical\" href=\"https:\/\/portalcapixaba.com\/?p=14452\" \/>\n<meta property=\"og:locale\" content=\"pt_BR\" \/>\n<meta property=\"og:type\" content=\"article\" \/>\n<meta property=\"og:title\" content=\"Sesc Esp\u00edrito Santo comemora 80 anos com exposi\u00e7\u00e3o\u00a0&quot;Picasso, a constru\u00e7\u00e3o de um g\u00eanio&quot;\u00a0em Vit\u00f3ria\" \/>\n<meta property=\"og:description\" content=\"80 obras de Pablo Picasso estabelecem um di\u00e1logo simb\u00f3lico entre as oito d\u00e9cadas de atua\u00e7\u00e3o do Sesc e o legado de um dos maiores nomes da arte mundial\" \/>\n<meta property=\"og:url\" content=\"https:\/\/portalcapixaba.com\/?p=14452\" \/>\n<meta property=\"og:site_name\" content=\"Portal Capixaba\" \/>\n<meta property=\"article:published_time\" content=\"2026-09-04T20:18:32+00:00\" \/>\n<meta property=\"article:modified_time\" content=\"2026-09-04T20:18:52+00:00\" \/>\n<meta property=\"og:image\" content=\"https:\/\/portalcapixaba.com\/wp-content\/uploads\/2026\/09\/DAN_5542.jpg\" \/>\n\t<meta property=\"og:image:width\" content=\"2048\" \/>\n\t<meta property=\"og:image:height\" content=\"1363\" \/>\n\t<meta property=\"og:image:type\" content=\"image\/jpeg\" \/>\n<meta name=\"author\" content=\"jane boldt\" \/>\n<meta name=\"twitter:card\" content=\"summary_large_image\" \/>\n<meta name=\"twitter:label1\" content=\"Escrito por\" \/>\n\t<meta name=\"twitter:data1\" content=\"jane boldt\" \/>\n\t<meta name=\"twitter:label2\" content=\"Est. tempo de leitura\" \/>\n\t<meta name=\"twitter:data2\" content=\"10 minutos\" \/>\n<script type=\"application\/ld+json\" class=\"yoast-schema-graph\">{\"@context\":\"https:\\\/\\\/schema.org\",\"@graph\":[{\"@type\":[\"Article\",\"NewsArticle\"],\"@id\":\"https:\\\/\\\/portalcapixaba.com\\\/?p=14452#article\",\"isPartOf\":{\"@id\":\"https:\\\/\\\/portalcapixaba.com\\\/?p=14452\"},\"author\":{\"name\":\"jane boldt\",\"@id\":\"https:\\\/\\\/portalcapixaba.com\\\/#\\\/schema\\\/person\\\/bcd337770ede8facc9d17a424328bf4b\"},\"headline\":\"Sesc Esp\u00edrito Santo comemora 80 anos com exposi\u00e7\u00e3o\u00a0&#8220;Picasso, a constru\u00e7\u00e3o de um g\u00eanio&#8221;\u00a0em Vit\u00f3ria\",\"datePublished\":\"2026-09-04T20:18:32+00:00\",\"dateModified\":\"2026-09-04T20:18:52+00:00\",\"mainEntityOfPage\":{\"@id\":\"https:\\\/\\\/portalcapixaba.com\\\/?p=14452\"},\"wordCount\":1971,\"commentCount\":0,\"image\":{\"@id\":\"https:\\\/\\\/portalcapixaba.com\\\/?p=14452#primaryimage\"},\"thumbnailUrl\":\"https:\\\/\\\/portalcapixaba.com\\\/wp-content\\\/uploads\\\/2026\\\/09\\\/DAN_5542.jpg\",\"articleSection\":[\"Cultura e Sa\u00fade\"],\"inLanguage\":\"pt-BR\",\"potentialAction\":[{\"@type\":\"CommentAction\",\"name\":\"Comment\",\"target\":[\"https:\\\/\\\/portalcapixaba.com\\\/?p=14452#respond\"]}],\"copyrightYear\":\"2026\",\"copyrightHolder\":{\"@id\":\"https:\\\/\\\/portalcapixaba.com\\\/#organization\"}},{\"@type\":\"WebPage\",\"@id\":\"https:\\\/\\\/portalcapixaba.com\\\/?p=14452\",\"url\":\"https:\\\/\\\/portalcapixaba.com\\\/?p=14452\",\"name\":\"Sesc Esp\u00edrito Santo comemora 80 anos com exposi\u00e7\u00e3o\u00a0\\\"Picasso, a constru\u00e7\u00e3o de um g\u00eanio\\\"\u00a0em Vit\u00f3ria - Portal Capixaba\",\"isPartOf\":{\"@id\":\"https:\\\/\\\/portalcapixaba.com\\\/#website\"},\"primaryImageOfPage\":{\"@id\":\"https:\\\/\\\/portalcapixaba.com\\\/?p=14452#primaryimage\"},\"image\":{\"@id\":\"https:\\\/\\\/portalcapixaba.com\\\/?p=14452#primaryimage\"},\"thumbnailUrl\":\"https:\\\/\\\/portalcapixaba.com\\\/wp-content\\\/uploads\\\/2026\\\/09\\\/DAN_5542.jpg\",\"datePublished\":\"2026-09-04T20:18:32+00:00\",\"dateModified\":\"2026-09-04T20:18:52+00:00\",\"author\":{\"@id\":\"https:\\\/\\\/portalcapixaba.com\\\/#\\\/schema\\\/person\\\/bcd337770ede8facc9d17a424328bf4b\"},\"description\":\"80 obras de Pablo Picasso estabelecem um di\u00e1logo simb\u00f3lico entre as oito d\u00e9cadas de atua\u00e7\u00e3o do Sesc e o legado de um dos maiores nomes da arte mundial\",\"breadcrumb\":{\"@id\":\"https:\\\/\\\/portalcapixaba.com\\\/?p=14452#breadcrumb\"},\"inLanguage\":\"pt-BR\",\"potentialAction\":[{\"@type\":\"ReadAction\",\"target\":[\"https:\\\/\\\/portalcapixaba.com\\\/?p=14452\"]}]},{\"@type\":\"ImageObject\",\"inLanguage\":\"pt-BR\",\"@id\":\"https:\\\/\\\/portalcapixaba.com\\\/?p=14452#primaryimage\",\"url\":\"https:\\\/\\\/portalcapixaba.com\\\/wp-content\\\/uploads\\\/2026\\\/09\\\/DAN_5542.jpg\",\"contentUrl\":\"https:\\\/\\\/portalcapixaba.com\\\/wp-content\\\/uploads\\\/2026\\\/09\\\/DAN_5542.jpg\",\"width\":2048,\"height\":1363},{\"@type\":\"BreadcrumbList\",\"@id\":\"https:\\\/\\\/portalcapixaba.com\\\/?p=14452#breadcrumb\",\"itemListElement\":[{\"@type\":\"ListItem\",\"position\":1,\"name\":\"Home\",\"item\":\"https:\\\/\\\/portalcapixaba.com\\\/\"},{\"@type\":\"ListItem\",\"position\":2,\"name\":\"Sesc Esp\u00edrito Santo comemora 80 anos com exposi\u00e7\u00e3o\u00a0&#8220;Picasso, a constru\u00e7\u00e3o de um g\u00eanio&#8221;\u00a0em Vit\u00f3ria\"}]},{\"@type\":\"WebSite\",\"@id\":\"https:\\\/\\\/portalcapixaba.com\\\/#website\",\"url\":\"https:\\\/\\\/portalcapixaba.com\\\/\",\"name\":\"Portal Capixaba\",\"description\":\"\",\"potentialAction\":[{\"@type\":\"SearchAction\",\"target\":{\"@type\":\"EntryPoint\",\"urlTemplate\":\"https:\\\/\\\/portalcapixaba.com\\\/?s={search_term_string}\"},\"query-input\":{\"@type\":\"PropertyValueSpecification\",\"valueRequired\":true,\"valueName\":\"search_term_string\"}}],\"inLanguage\":\"pt-BR\"},{\"@type\":\"Person\",\"@id\":\"https:\\\/\\\/portalcapixaba.com\\\/#\\\/schema\\\/person\\\/bcd337770ede8facc9d17a424328bf4b\",\"name\":\"jane boldt\",\"image\":{\"@type\":\"ImageObject\",\"inLanguage\":\"pt-BR\",\"@id\":\"https:\\\/\\\/secure.gravatar.com\\\/avatar\\\/0c30036a196ee4fe42305219849d553f713d275a5d9eddafc5bc93dc51582d78?s=96&d=mm&r=g\",\"url\":\"https:\\\/\\\/secure.gravatar.com\\\/avatar\\\/0c30036a196ee4fe42305219849d553f713d275a5d9eddafc5bc93dc51582d78?s=96&d=mm&r=g\",\"contentUrl\":\"https:\\\/\\\/secure.gravatar.com\\\/avatar\\\/0c30036a196ee4fe42305219849d553f713d275a5d9eddafc5bc93dc51582d78?s=96&d=mm&r=g\",\"caption\":\"jane boldt\"},\"sameAs\":[\"http:\\\/\\\/portalcapixaba.com.br\"],\"url\":\"https:\\\/\\\/portalcapixaba.com\\\/?author=3\"}]}<\/script>\n<!-- \/ Yoast SEO Premium plugin. -->","yoast_head_json":{"title":"Sesc Esp\u00edrito Santo comemora 80 anos com exposi\u00e7\u00e3o\u00a0\"Picasso, a constru\u00e7\u00e3o de um g\u00eanio\"\u00a0em Vit\u00f3ria - Portal Capixaba","description":"80 obras de Pablo Picasso estabelecem um di\u00e1logo simb\u00f3lico entre as oito d\u00e9cadas de atua\u00e7\u00e3o do Sesc e o legado de um dos maiores nomes da arte mundial","robots":{"index":"index","follow":"follow","max-snippet":"max-snippet:-1","max-image-preview":"max-image-preview:large","max-video-preview":"max-video-preview:-1"},"canonical":"https:\/\/portalcapixaba.com\/?p=14452","og_locale":"pt_BR","og_type":"article","og_title":"Sesc Esp\u00edrito Santo comemora 80 anos com exposi\u00e7\u00e3o\u00a0\"Picasso, a constru\u00e7\u00e3o de um g\u00eanio\"\u00a0em Vit\u00f3ria","og_description":"80 obras de Pablo Picasso estabelecem um di\u00e1logo simb\u00f3lico entre as oito d\u00e9cadas de atua\u00e7\u00e3o do Sesc e o legado de um dos maiores nomes da arte mundial","og_url":"https:\/\/portalcapixaba.com\/?p=14452","og_site_name":"Portal Capixaba","article_published_time":"2026-09-04T20:18:32+00:00","article_modified_time":"2026-09-04T20:18:52+00:00","og_image":[{"width":2048,"height":1363,"url":"https:\/\/portalcapixaba.com\/wp-content\/uploads\/2026\/09\/DAN_5542.jpg","type":"image\/jpeg"}],"author":"jane boldt","twitter_card":"summary_large_image","twitter_misc":{"Escrito por":"jane boldt","Est. tempo de leitura":"10 minutos"},"schema":{"@context":"https:\/\/schema.org","@graph":[{"@type":["Article","NewsArticle"],"@id":"https:\/\/portalcapixaba.com\/?p=14452#article","isPartOf":{"@id":"https:\/\/portalcapixaba.com\/?p=14452"},"author":{"name":"jane boldt","@id":"https:\/\/portalcapixaba.com\/#\/schema\/person\/bcd337770ede8facc9d17a424328bf4b"},"headline":"Sesc Esp\u00edrito Santo comemora 80 anos com exposi\u00e7\u00e3o\u00a0&#8220;Picasso, a constru\u00e7\u00e3o de um g\u00eanio&#8221;\u00a0em Vit\u00f3ria","datePublished":"2026-09-04T20:18:32+00:00","dateModified":"2026-09-04T20:18:52+00:00","mainEntityOfPage":{"@id":"https:\/\/portalcapixaba.com\/?p=14452"},"wordCount":1971,"commentCount":0,"image":{"@id":"https:\/\/portalcapixaba.com\/?p=14452#primaryimage"},"thumbnailUrl":"https:\/\/portalcapixaba.com\/wp-content\/uploads\/2026\/09\/DAN_5542.jpg","articleSection":["Cultura e Sa\u00fade"],"inLanguage":"pt-BR","potentialAction":[{"@type":"CommentAction","name":"Comment","target":["https:\/\/portalcapixaba.com\/?p=14452#respond"]}],"copyrightYear":"2026","copyrightHolder":{"@id":"https:\/\/portalcapixaba.com\/#organization"}},{"@type":"WebPage","@id":"https:\/\/portalcapixaba.com\/?p=14452","url":"https:\/\/portalcapixaba.com\/?p=14452","name":"Sesc Esp\u00edrito Santo comemora 80 anos com exposi\u00e7\u00e3o\u00a0\"Picasso, a constru\u00e7\u00e3o de um g\u00eanio\"\u00a0em Vit\u00f3ria - Portal Capixaba","isPartOf":{"@id":"https:\/\/portalcapixaba.com\/#website"},"primaryImageOfPage":{"@id":"https:\/\/portalcapixaba.com\/?p=14452#primaryimage"},"image":{"@id":"https:\/\/portalcapixaba.com\/?p=14452#primaryimage"},"thumbnailUrl":"https:\/\/portalcapixaba.com\/wp-content\/uploads\/2026\/09\/DAN_5542.jpg","datePublished":"2026-09-04T20:18:32+00:00","dateModified":"2026-09-04T20:18:52+00:00","author":{"@id":"https:\/\/portalcapixaba.com\/#\/schema\/person\/bcd337770ede8facc9d17a424328bf4b"},"description":"80 obras de Pablo Picasso estabelecem um di\u00e1logo simb\u00f3lico entre as oito d\u00e9cadas de atua\u00e7\u00e3o do Sesc e o legado de um dos maiores nomes da arte mundial","breadcrumb":{"@id":"https:\/\/portalcapixaba.com\/?p=14452#breadcrumb"},"inLanguage":"pt-BR","potentialAction":[{"@type":"ReadAction","target":["https:\/\/portalcapixaba.com\/?p=14452"]}]},{"@type":"ImageObject","inLanguage":"pt-BR","@id":"https:\/\/portalcapixaba.com\/?p=14452#primaryimage","url":"https:\/\/portalcapixaba.com\/wp-content\/uploads\/2026\/09\/DAN_5542.jpg","contentUrl":"https:\/\/portalcapixaba.com\/wp-content\/uploads\/2026\/09\/DAN_5542.jpg","width":2048,"height":1363},{"@type":"BreadcrumbList","@id":"https:\/\/portalcapixaba.com\/?p=14452#breadcrumb","itemListElement":[{"@type":"ListItem","position":1,"name":"Home","item":"https:\/\/portalcapixaba.com\/"},{"@type":"ListItem","position":2,"name":"Sesc Esp\u00edrito Santo comemora 80 anos com exposi\u00e7\u00e3o\u00a0&#8220;Picasso, a constru\u00e7\u00e3o de um g\u00eanio&#8221;\u00a0em Vit\u00f3ria"}]},{"@type":"WebSite","@id":"https:\/\/portalcapixaba.com\/#website","url":"https:\/\/portalcapixaba.com\/","name":"Portal Capixaba","description":"","potentialAction":[{"@type":"SearchAction","target":{"@type":"EntryPoint","urlTemplate":"https:\/\/portalcapixaba.com\/?s={search_term_string}"},"query-input":{"@type":"PropertyValueSpecification","valueRequired":true,"valueName":"search_term_string"}}],"inLanguage":"pt-BR"},{"@type":"Person","@id":"https:\/\/portalcapixaba.com\/#\/schema\/person\/bcd337770ede8facc9d17a424328bf4b","name":"jane boldt","image":{"@type":"ImageObject","inLanguage":"pt-BR","@id":"https:\/\/secure.gravatar.com\/avatar\/0c30036a196ee4fe42305219849d553f713d275a5d9eddafc5bc93dc51582d78?s=96&d=mm&r=g","url":"https:\/\/secure.gravatar.com\/avatar\/0c30036a196ee4fe42305219849d553f713d275a5d9eddafc5bc93dc51582d78?s=96&d=mm&r=g","contentUrl":"https:\/\/secure.gravatar.com\/avatar\/0c30036a196ee4fe42305219849d553f713d275a5d9eddafc5bc93dc51582d78?s=96&d=mm&r=g","caption":"jane boldt"},"sameAs":["http:\/\/portalcapixaba.com.br"],"url":"https:\/\/portalcapixaba.com\/?author=3"}]}},"_links":{"self":[{"href":"https:\/\/portalcapixaba.com\/index.php?rest_route=\/wp\/v2\/posts\/14452","targetHints":{"allow":["GET"]}}],"collection":[{"href":"https:\/\/portalcapixaba.com\/index.php?rest_route=\/wp\/v2\/posts"}],"about":[{"href":"https:\/\/portalcapixaba.com\/index.php?rest_route=\/wp\/v2\/types\/post"}],"author":[{"embeddable":true,"href":"https:\/\/portalcapixaba.com\/index.php?rest_route=\/wp\/v2\/users\/3"}],"replies":[{"embeddable":true,"href":"https:\/\/portalcapixaba.com\/index.php?rest_route=%2Fwp%2Fv2%2Fcomments&post=14452"}],"version-history":[{"count":3,"href":"https:\/\/portalcapixaba.com\/index.php?rest_route=\/wp\/v2\/posts\/14452\/revisions"}],"predecessor-version":[{"id":14456,"href":"https:\/\/portalcapixaba.com\/index.php?rest_route=\/wp\/v2\/posts\/14452\/revisions\/14456"}],"wp:featuredmedia":[{"embeddable":true,"href":"https:\/\/portalcapixaba.com\/index.php?rest_route=\/wp\/v2\/media\/14453"}],"wp:attachment":[{"href":"https:\/\/portalcapixaba.com\/index.php?rest_route=%2Fwp%2Fv2%2Fmedia&parent=14452"}],"wp:term":[{"taxonomy":"category","embeddable":true,"href":"https:\/\/portalcapixaba.com\/index.php?rest_route=%2Fwp%2Fv2%2Fcategories&post=14452"},{"taxonomy":"post_tag","embeddable":true,"href":"https:\/\/portalcapixaba.com\/index.php?rest_route=%2Fwp%2Fv2%2Ftags&post=14452"}],"curies":[{"name":"wp","href":"https:\/\/api.w.org\/{rel}","templated":true}]}}