{"id":14460,"date":"2026-09-05T08:35:31","date_gmt":"2026-09-05T11:35:31","guid":{"rendered":"https:\/\/portalcapixaba.com\/?p=14460"},"modified":"2026-09-04T17:37:30","modified_gmt":"2026-09-04T20:37:30","slug":"graciella-d-ferraz-celebra-os-475-anos-de-vitoria-com-show-especial-e-abre-apresentacao-de-michel-telo","status":"publish","type":"post","link":"https:\/\/portalcapixaba.com\/?p=14460","title":{"rendered":"Graciella D\u2019 Ferraz celebra os 475 anos de Vit\u00f3ria com show especial e abre apresenta\u00e7\u00e3o de Michel Tel\u00f3"},"content":{"rendered":"<p style=\"font-weight: 400;\"><strong><em>A cantora passeia por cl\u00e1ssicos de diferentes artistas, estilos e gera\u00e7\u00f5es que fazem parte de sua forma\u00e7\u00e3o musical e que, ao longo da carreira, se tornaram fontes de inspira\u00e7\u00e3o.<\/em><\/strong><\/p>\n<p style=\"font-weight: 400;\">\n<p style=\"font-weight: 400;\">Vit\u00f3ria completa 475 anos e ganha uma trilha sonora especial com a cantora e compositora capixaba Graciella D\u2019 Ferraz. Neste domingo (6), \u00e0s 19 horas, na Pra\u00e7a do Papa, ela ser\u00e1 respons\u00e1vel por abrir o show de Michel Tel\u00f3, em uma apresenta\u00e7\u00e3o que vai reunir m\u00fasica, dan\u00e7a e performances em um formato especial criado para a comemora\u00e7\u00e3o. A entrada \u00e9 gratuita.<\/p>\n<p style=\"font-weight: 400;\">Graciella D\u2019 Ferraz prepara um encontro aentre dois de seus projetos: o \u201cDELUXE\u201d e o \u201cBaile da Graci\u201d. A proposta \u00e9 unir a energia festiva e dan\u00e7ante do Baile \u00e0 identidade art\u00edstica e \u00e0s performances que marcam o DELUXE, criando um espet\u00e1culo pensado especialmente para uma noite de celebra\u00e7\u00e3o.<\/p>\n<p style=\"font-weight: 400;\">\u201c\u00c9 uma alegria enorme cantar no anivers\u00e1rio de Vit\u00f3ria. \u00c9 a cidade onde nasci e que faz parte da minha hist\u00f3ria e da minha vida art\u00edstica. E abrir o show do Michel Tel\u00f3 torna tudo ainda mais especial\u201d, destaca a capixaba.<\/p>\n<p style=\"font-weight: 400;\">O repert\u00f3rio tamb\u00e9m ser\u00e1 um dos pontos fortes da apresenta\u00e7\u00e3o. A cantora passeia por cl\u00e1ssicos de diferentes artistas, estilos e gera\u00e7\u00f5es que fazem parte de sua forma\u00e7\u00e3o musical e que, ao longo da carreira, se tornaram refer\u00eancias e fontes de inspira\u00e7\u00e3o. \u201cS\u00e3o m\u00fasicas que me inspiraram e ajudaram a construir a artista que sou hoje. No DELUXE e no Baile, gosto muito dessa liberdade de transitar por diferentes refer\u00eancias e transformar tudo em uma experi\u00eancia para o p\u00fablico\u201d, explica.<\/p>\n<p style=\"font-weight: 400;\">\u00a0<strong>Sucesso<\/strong><\/p>\n<p style=\"font-weight: 400;\">Graciella D\u2019 Ferraz tem levado sua m\u00fasica para festas e eventos badalados do Esp\u00edrito Santo. Recentemente se apresentou em cidades como Cariacica, Guarapari e Domingos Martins. Para a artista, cada apresenta\u00e7\u00e3o tem criado uma conex\u00e3o especial com o p\u00fablico, e a expectativa \u00e9 repetir essa experi\u00eancia no anivers\u00e1rio da capital.<\/p>\n<p style=\"font-weight: 400;\">\u201cCada lugar por onde me apresento tem uma energia diferente, mas todos t\u00eam sido muito especiais. O p\u00fablico compra a ideia, canta, dan\u00e7a e participa junto com a gente. Tenho certeza de que no anivers\u00e1rio de Vit\u00f3ria ser\u00e1 assim tamb\u00e9m. Estamos preparando uma noite muito especial\u201d, afirma.<\/p>\n<p style=\"font-weight: 400;\"><strong><br \/>\nServi\u00e7o<\/strong><\/p>\n<p style=\"font-weight: 400;\"><strong>Anivers\u00e1rio de 475 anos de Vit\u00f3ria<\/strong><\/p>\n<p style=\"font-weight: 400;\">Atra\u00e7\u00e3o: Graciella D\u2019 Ferraz &#8211;\u00a0 abertura do show de Michel Tel\u00f3<\/p>\n<p style=\"font-weight: 400;\">Data: 6\/9 &#8211; domingo &#8211; 19h<\/p>\n<p style=\"font-weight: 400;\">Local: Pra\u00e7a do Papa, Vit\u00f3ria<\/p>\n<p style=\"font-weight: 400;\">Entrada gratuita<\/p>\n<p style=\"font-weight: 400;\">Classifica\u00e7\u00e3o livre<\/p>\n<p style=\"font-weight: 400;\">\n","protected":false},"excerpt":{"rendered":"<p>A cantora passeia por cl\u00e1ssicos de diferentes artistas, estilos e gera\u00e7\u00f5es que fazem parte de sua forma\u00e7\u00e3o musical e que, ao longo da carreira, se tornaram fontes de inspira\u00e7\u00e3o. Vit\u00f3ria completa 475 anos e ganha uma trilha sonora especial com a cantora e compositora capixaba Graciella D\u2019 Ferraz. Neste domingo (6), \u00e0s 19 horas, na [&hellip;]<\/p>\n","protected":false},"author":3,"featured_media":14461,"comment_status":"open","ping_status":"open","sticky":false,"template":"","format":"standard","meta":{"om_disable_all_campaigns":false,"_monsterinsights_skip_tracking":false,"_monsterinsights_sitenote_active":false,"_monsterinsights_sitenote_note":"","_monsterinsights_sitenote_category":0,"footnotes":""},"categories":[51],"tags":[],"class_list":["post-14460","post","type-post","status-publish","format-standard","has-post-thumbnail","hentry","category-cultura-e-saude"],"yoast_head":"<!-- This site is optimized with the Yoast SEO Premium plugin v21.9 (Yoast SEO v27.8) - https:\/\/yoast.com\/product\/yoast-seo-premium-wordpress\/ -->\n<title>Graciella D\u2019 Ferraz celebra os 475 anos de Vit\u00f3ria com show especial e abre apresenta\u00e7\u00e3o de Michel Tel\u00f3 - Portal Capixaba<\/title>\n<meta name=\"description\" content=\"Vit\u00f3ria completa 475 anos e ganha uma trilha sonora especial com a cantora e compositora capixaba Graciella D\u2019 Ferraz. Neste domingo (6), \u00e0s 19 horas, na Pra\u00e7a do Papa, ela ser\u00e1 respons\u00e1vel por abrir o show de Michel Tel\u00f3, em uma apresenta\u00e7\u00e3o que vai reunir m\u00fasica, dan\u00e7a e performances em um formato especial criado para a comemora\u00e7\u00e3o. A entrada \u00e9 gratuita.\" \/>\n<meta name=\"robots\" content=\"index, follow, max-snippet:-1, max-image-preview:large, max-video-preview:-1\" \/>\n<link rel=\"canonical\" href=\"https:\/\/portalcapixaba.com\/?p=14460\" \/>\n<meta property=\"og:locale\" content=\"pt_BR\" \/>\n<meta property=\"og:type\" content=\"article\" \/>\n<meta property=\"og:title\" content=\"Graciella D\u2019 Ferraz celebra os 475 anos de Vit\u00f3ria com show especial e abre apresenta\u00e7\u00e3o de Michel Tel\u00f3\" \/>\n<meta property=\"og:description\" content=\"Vit\u00f3ria completa 475 anos e ganha uma trilha sonora especial com a cantora e compositora capixaba Graciella D\u2019 Ferraz. Neste domingo (6), \u00e0s 19 horas, na Pra\u00e7a do Papa, ela ser\u00e1 respons\u00e1vel por abrir o show de Michel Tel\u00f3, em uma apresenta\u00e7\u00e3o que vai reunir m\u00fasica, dan\u00e7a e performances em um formato especial criado para a comemora\u00e7\u00e3o. A entrada \u00e9 gratuita.\" \/>\n<meta property=\"og:url\" content=\"https:\/\/portalcapixaba.com\/?p=14460\" \/>\n<meta property=\"og:site_name\" content=\"Portal Capixaba\" \/>\n<meta property=\"article:published_time\" content=\"2026-09-05T11:35:31+00:00\" \/>\n<meta property=\"og:image\" content=\"https:\/\/portalcapixaba.com\/wp-content\/uploads\/2026\/09\/unnamed-12.jpg\" \/>\n\t<meta property=\"og:image:width\" content=\"1023\" \/>\n\t<meta property=\"og:image:height\" content=\"1537\" \/>\n\t<meta property=\"og:image:type\" content=\"image\/jpeg\" \/>\n<meta name=\"author\" content=\"jane boldt\" \/>\n<meta name=\"twitter:card\" content=\"summary_large_image\" \/>\n<meta name=\"twitter:label1\" content=\"Escrito por\" \/>\n\t<meta name=\"twitter:data1\" content=\"jane boldt\" \/>\n\t<meta name=\"twitter:label2\" content=\"Est. tempo de leitura\" \/>\n\t<meta name=\"twitter:data2\" content=\"3 minutos\" \/>\n<script type=\"application\/ld+json\" class=\"yoast-schema-graph\">{\"@context\":\"https:\\\/\\\/schema.org\",\"@graph\":[{\"@type\":[\"Article\",\"NewsArticle\"],\"@id\":\"https:\\\/\\\/portalcapixaba.com\\\/?p=14460#article\",\"isPartOf\":{\"@id\":\"https:\\\/\\\/portalcapixaba.com\\\/?p=14460\"},\"author\":{\"name\":\"jane boldt\",\"@id\":\"https:\\\/\\\/portalcapixaba.com\\\/#\\\/schema\\\/person\\\/bcd337770ede8facc9d17a424328bf4b\"},\"headline\":\"Graciella D\u2019 Ferraz celebra os 475 anos de Vit\u00f3ria com show especial e abre apresenta\u00e7\u00e3o de Michel Tel\u00f3\",\"datePublished\":\"2026-09-05T11:35:31+00:00\",\"mainEntityOfPage\":{\"@id\":\"https:\\\/\\\/portalcapixaba.com\\\/?p=14460\"},\"wordCount\":450,\"commentCount\":0,\"image\":{\"@id\":\"https:\\\/\\\/portalcapixaba.com\\\/?p=14460#primaryimage\"},\"thumbnailUrl\":\"https:\\\/\\\/portalcapixaba.com\\\/wp-content\\\/uploads\\\/2026\\\/09\\\/unnamed-12.jpg\",\"articleSection\":[\"Cultura e Sa\u00fade\"],\"inLanguage\":\"pt-BR\",\"potentialAction\":[{\"@type\":\"CommentAction\",\"name\":\"Comment\",\"target\":[\"https:\\\/\\\/portalcapixaba.com\\\/?p=14460#respond\"]}],\"copyrightYear\":\"2026\",\"copyrightHolder\":{\"@id\":\"https:\\\/\\\/portalcapixaba.com\\\/#organization\"}},{\"@type\":\"WebPage\",\"@id\":\"https:\\\/\\\/portalcapixaba.com\\\/?p=14460\",\"url\":\"https:\\\/\\\/portalcapixaba.com\\\/?p=14460\",\"name\":\"Graciella D\u2019 Ferraz celebra os 475 anos de Vit\u00f3ria com show especial e abre apresenta\u00e7\u00e3o de Michel Tel\u00f3 - Portal Capixaba\",\"isPartOf\":{\"@id\":\"https:\\\/\\\/portalcapixaba.com\\\/#website\"},\"primaryImageOfPage\":{\"@id\":\"https:\\\/\\\/portalcapixaba.com\\\/?p=14460#primaryimage\"},\"image\":{\"@id\":\"https:\\\/\\\/portalcapixaba.com\\\/?p=14460#primaryimage\"},\"thumbnailUrl\":\"https:\\\/\\\/portalcapixaba.com\\\/wp-content\\\/uploads\\\/2026\\\/09\\\/unnamed-12.jpg\",\"datePublished\":\"2026-09-05T11:35:31+00:00\",\"author\":{\"@id\":\"https:\\\/\\\/portalcapixaba.com\\\/#\\\/schema\\\/person\\\/bcd337770ede8facc9d17a424328bf4b\"},\"description\":\"Vit\u00f3ria completa 475 anos e ganha uma trilha sonora especial com a cantora e compositora capixaba Graciella D\u2019 Ferraz. Neste domingo (6), \u00e0s 19 horas, na Pra\u00e7a do Papa, ela ser\u00e1 respons\u00e1vel por abrir o show de Michel Tel\u00f3, em uma apresenta\u00e7\u00e3o que vai reunir m\u00fasica, dan\u00e7a e performances em um formato especial criado para a comemora\u00e7\u00e3o. A entrada \u00e9 gratuita.\",\"breadcrumb\":{\"@id\":\"https:\\\/\\\/portalcapixaba.com\\\/?p=14460#breadcrumb\"},\"inLanguage\":\"pt-BR\",\"potentialAction\":[{\"@type\":\"ReadAction\",\"target\":[\"https:\\\/\\\/portalcapixaba.com\\\/?p=14460\"]}]},{\"@type\":\"ImageObject\",\"inLanguage\":\"pt-BR\",\"@id\":\"https:\\\/\\\/portalcapixaba.com\\\/?p=14460#primaryimage\",\"url\":\"https:\\\/\\\/portalcapixaba.com\\\/wp-content\\\/uploads\\\/2026\\\/09\\\/unnamed-12.jpg\",\"contentUrl\":\"https:\\\/\\\/portalcapixaba.com\\\/wp-content\\\/uploads\\\/2026\\\/09\\\/unnamed-12.jpg\",\"width\":1023,\"height\":1537},{\"@type\":\"BreadcrumbList\",\"@id\":\"https:\\\/\\\/portalcapixaba.com\\\/?p=14460#breadcrumb\",\"itemListElement\":[{\"@type\":\"ListItem\",\"position\":1,\"name\":\"Home\",\"item\":\"https:\\\/\\\/portalcapixaba.com\\\/\"},{\"@type\":\"ListItem\",\"position\":2,\"name\":\"Graciella D\u2019 Ferraz celebra os 475 anos de Vit\u00f3ria com show especial e abre apresenta\u00e7\u00e3o de Michel Tel\u00f3\"}]},{\"@type\":\"WebSite\",\"@id\":\"https:\\\/\\\/portalcapixaba.com\\\/#website\",\"url\":\"https:\\\/\\\/portalcapixaba.com\\\/\",\"name\":\"Portal Capixaba\",\"description\":\"\",\"potentialAction\":[{\"@type\":\"SearchAction\",\"target\":{\"@type\":\"EntryPoint\",\"urlTemplate\":\"https:\\\/\\\/portalcapixaba.com\\\/?s={search_term_string}\"},\"query-input\":{\"@type\":\"PropertyValueSpecification\",\"valueRequired\":true,\"valueName\":\"search_term_string\"}}],\"inLanguage\":\"pt-BR\"},{\"@type\":\"Person\",\"@id\":\"https:\\\/\\\/portalcapixaba.com\\\/#\\\/schema\\\/person\\\/bcd337770ede8facc9d17a424328bf4b\",\"name\":\"jane boldt\",\"image\":{\"@type\":\"ImageObject\",\"inLanguage\":\"pt-BR\",\"@id\":\"https:\\\/\\\/secure.gravatar.com\\\/avatar\\\/0c30036a196ee4fe42305219849d553f713d275a5d9eddafc5bc93dc51582d78?s=96&d=mm&r=g\",\"url\":\"https:\\\/\\\/secure.gravatar.com\\\/avatar\\\/0c30036a196ee4fe42305219849d553f713d275a5d9eddafc5bc93dc51582d78?s=96&d=mm&r=g\",\"contentUrl\":\"https:\\\/\\\/secure.gravatar.com\\\/avatar\\\/0c30036a196ee4fe42305219849d553f713d275a5d9eddafc5bc93dc51582d78?s=96&d=mm&r=g\",\"caption\":\"jane boldt\"},\"sameAs\":[\"http:\\\/\\\/portalcapixaba.com.br\"],\"url\":\"https:\\\/\\\/portalcapixaba.com\\\/?author=3\"}]}<\/script>\n<!-- \/ Yoast SEO Premium plugin. -->","yoast_head_json":{"title":"Graciella D\u2019 Ferraz celebra os 475 anos de Vit\u00f3ria com show especial e abre apresenta\u00e7\u00e3o de Michel Tel\u00f3 - Portal Capixaba","description":"Vit\u00f3ria completa 475 anos e ganha uma trilha sonora especial com a cantora e compositora capixaba Graciella D\u2019 Ferraz. Neste domingo (6), \u00e0s 19 horas, na Pra\u00e7a do Papa, ela ser\u00e1 respons\u00e1vel por abrir o show de Michel Tel\u00f3, em uma apresenta\u00e7\u00e3o que vai reunir m\u00fasica, dan\u00e7a e performances em um formato especial criado para a comemora\u00e7\u00e3o. A entrada \u00e9 gratuita.","robots":{"index":"index","follow":"follow","max-snippet":"max-snippet:-1","max-image-preview":"max-image-preview:large","max-video-preview":"max-video-preview:-1"},"canonical":"https:\/\/portalcapixaba.com\/?p=14460","og_locale":"pt_BR","og_type":"article","og_title":"Graciella D\u2019 Ferraz celebra os 475 anos de Vit\u00f3ria com show especial e abre apresenta\u00e7\u00e3o de Michel Tel\u00f3","og_description":"Vit\u00f3ria completa 475 anos e ganha uma trilha sonora especial com a cantora e compositora capixaba Graciella D\u2019 Ferraz. Neste domingo (6), \u00e0s 19 horas, na Pra\u00e7a do Papa, ela ser\u00e1 respons\u00e1vel por abrir o show de Michel Tel\u00f3, em uma apresenta\u00e7\u00e3o que vai reunir m\u00fasica, dan\u00e7a e performances em um formato especial criado para a comemora\u00e7\u00e3o. A entrada \u00e9 gratuita.","og_url":"https:\/\/portalcapixaba.com\/?p=14460","og_site_name":"Portal Capixaba","article_published_time":"2026-09-05T11:35:31+00:00","og_image":[{"width":1023,"height":1537,"url":"https:\/\/portalcapixaba.com\/wp-content\/uploads\/2026\/09\/unnamed-12.jpg","type":"image\/jpeg"}],"author":"jane boldt","twitter_card":"summary_large_image","twitter_misc":{"Escrito por":"jane boldt","Est. tempo de leitura":"3 minutos"},"schema":{"@context":"https:\/\/schema.org","@graph":[{"@type":["Article","NewsArticle"],"@id":"https:\/\/portalcapixaba.com\/?p=14460#article","isPartOf":{"@id":"https:\/\/portalcapixaba.com\/?p=14460"},"author":{"name":"jane boldt","@id":"https:\/\/portalcapixaba.com\/#\/schema\/person\/bcd337770ede8facc9d17a424328bf4b"},"headline":"Graciella D\u2019 Ferraz celebra os 475 anos de Vit\u00f3ria com show especial e abre apresenta\u00e7\u00e3o de Michel Tel\u00f3","datePublished":"2026-09-05T11:35:31+00:00","mainEntityOfPage":{"@id":"https:\/\/portalcapixaba.com\/?p=14460"},"wordCount":450,"commentCount":0,"image":{"@id":"https:\/\/portalcapixaba.com\/?p=14460#primaryimage"},"thumbnailUrl":"https:\/\/portalcapixaba.com\/wp-content\/uploads\/2026\/09\/unnamed-12.jpg","articleSection":["Cultura e Sa\u00fade"],"inLanguage":"pt-BR","potentialAction":[{"@type":"CommentAction","name":"Comment","target":["https:\/\/portalcapixaba.com\/?p=14460#respond"]}],"copyrightYear":"2026","copyrightHolder":{"@id":"https:\/\/portalcapixaba.com\/#organization"}},{"@type":"WebPage","@id":"https:\/\/portalcapixaba.com\/?p=14460","url":"https:\/\/portalcapixaba.com\/?p=14460","name":"Graciella D\u2019 Ferraz celebra os 475 anos de Vit\u00f3ria com show especial e abre apresenta\u00e7\u00e3o de Michel Tel\u00f3 - Portal Capixaba","isPartOf":{"@id":"https:\/\/portalcapixaba.com\/#website"},"primaryImageOfPage":{"@id":"https:\/\/portalcapixaba.com\/?p=14460#primaryimage"},"image":{"@id":"https:\/\/portalcapixaba.com\/?p=14460#primaryimage"},"thumbnailUrl":"https:\/\/portalcapixaba.com\/wp-content\/uploads\/2026\/09\/unnamed-12.jpg","datePublished":"2026-09-05T11:35:31+00:00","author":{"@id":"https:\/\/portalcapixaba.com\/#\/schema\/person\/bcd337770ede8facc9d17a424328bf4b"},"description":"Vit\u00f3ria completa 475 anos e ganha uma trilha sonora especial com a cantora e compositora capixaba Graciella D\u2019 Ferraz. Neste domingo (6), \u00e0s 19 horas, na Pra\u00e7a do Papa, ela ser\u00e1 respons\u00e1vel por abrir o show de Michel Tel\u00f3, em uma apresenta\u00e7\u00e3o que vai reunir m\u00fasica, dan\u00e7a e performances em um formato especial criado para a comemora\u00e7\u00e3o. A entrada \u00e9 gratuita.","breadcrumb":{"@id":"https:\/\/portalcapixaba.com\/?p=14460#breadcrumb"},"inLanguage":"pt-BR","potentialAction":[{"@type":"ReadAction","target":["https:\/\/portalcapixaba.com\/?p=14460"]}]},{"@type":"ImageObject","inLanguage":"pt-BR","@id":"https:\/\/portalcapixaba.com\/?p=14460#primaryimage","url":"https:\/\/portalcapixaba.com\/wp-content\/uploads\/2026\/09\/unnamed-12.jpg","contentUrl":"https:\/\/portalcapixaba.com\/wp-content\/uploads\/2026\/09\/unnamed-12.jpg","width":1023,"height":1537},{"@type":"BreadcrumbList","@id":"https:\/\/portalcapixaba.com\/?p=14460#breadcrumb","itemListElement":[{"@type":"ListItem","position":1,"name":"Home","item":"https:\/\/portalcapixaba.com\/"},{"@type":"ListItem","position":2,"name":"Graciella D\u2019 Ferraz celebra os 475 anos de Vit\u00f3ria com show especial e abre apresenta\u00e7\u00e3o de Michel Tel\u00f3"}]},{"@type":"WebSite","@id":"https:\/\/portalcapixaba.com\/#website","url":"https:\/\/portalcapixaba.com\/","name":"Portal Capixaba","description":"","potentialAction":[{"@type":"SearchAction","target":{"@type":"EntryPoint","urlTemplate":"https:\/\/portalcapixaba.com\/?s={search_term_string}"},"query-input":{"@type":"PropertyValueSpecification","valueRequired":true,"valueName":"search_term_string"}}],"inLanguage":"pt-BR"},{"@type":"Person","@id":"https:\/\/portalcapixaba.com\/#\/schema\/person\/bcd337770ede8facc9d17a424328bf4b","name":"jane boldt","image":{"@type":"ImageObject","inLanguage":"pt-BR","@id":"https:\/\/secure.gravatar.com\/avatar\/0c30036a196ee4fe42305219849d553f713d275a5d9eddafc5bc93dc51582d78?s=96&d=mm&r=g","url":"https:\/\/secure.gravatar.com\/avatar\/0c30036a196ee4fe42305219849d553f713d275a5d9eddafc5bc93dc51582d78?s=96&d=mm&r=g","contentUrl":"https:\/\/secure.gravatar.com\/avatar\/0c30036a196ee4fe42305219849d553f713d275a5d9eddafc5bc93dc51582d78?s=96&d=mm&r=g","caption":"jane boldt"},"sameAs":["http:\/\/portalcapixaba.com.br"],"url":"https:\/\/portalcapixaba.com\/?author=3"}]}},"_links":{"self":[{"href":"https:\/\/portalcapixaba.com\/index.php?rest_route=\/wp\/v2\/posts\/14460","targetHints":{"allow":["GET"]}}],"collection":[{"href":"https:\/\/portalcapixaba.com\/index.php?rest_route=\/wp\/v2\/posts"}],"about":[{"href":"https:\/\/portalcapixaba.com\/index.php?rest_route=\/wp\/v2\/types\/post"}],"author":[{"embeddable":true,"href":"https:\/\/portalcapixaba.com\/index.php?rest_route=\/wp\/v2\/users\/3"}],"replies":[{"embeddable":true,"href":"https:\/\/portalcapixaba.com\/index.php?rest_route=%2Fwp%2Fv2%2Fcomments&post=14460"}],"version-history":[{"count":1,"href":"https:\/\/portalcapixaba.com\/index.php?rest_route=\/wp\/v2\/posts\/14460\/revisions"}],"predecessor-version":[{"id":14462,"href":"https:\/\/portalcapixaba.com\/index.php?rest_route=\/wp\/v2\/posts\/14460\/revisions\/14462"}],"wp:featuredmedia":[{"embeddable":true,"href":"https:\/\/portalcapixaba.com\/index.php?rest_route=\/wp\/v2\/media\/14461"}],"wp:attachment":[{"href":"https:\/\/portalcapixaba.com\/index.php?rest_route=%2Fwp%2Fv2%2Fmedia&parent=14460"}],"wp:term":[{"taxonomy":"category","embeddable":true,"href":"https:\/\/portalcapixaba.com\/index.php?rest_route=%2Fwp%2Fv2%2Fcategories&post=14460"},{"taxonomy":"post_tag","embeddable":true,"href":"https:\/\/portalcapixaba.com\/index.php?rest_route=%2Fwp%2Fv2%2Ftags&post=14460"}],"curies":[{"name":"wp","href":"https:\/\/api.w.org\/{rel}","templated":true}]}}